{"id":14258,"date":"2026-08-30T02:15:18","date_gmt":"2026-08-30T07:15:18","guid":{"rendered":"https:\/\/elchiq.com\/?p=14258"},"modified":"2026-08-30T02:15:18","modified_gmt":"2026-08-30T07:15:18","slug":"nepal-ya-son-669-los-cuerpos-recuperados-tras-la-devastadora-riada-en-la-cuenca-del-bhote-koshi","status":"publish","type":"post","link":"https:\/\/elchiq.com\/index.php\/2026\/08\/30\/nepal-ya-son-669-los-cuerpos-recuperados-tras-la-devastadora-riada-en-la-cuenca-del-bhote-koshi\/","title":{"rendered":"Nepal: ya son 669 los cuerpos recuperados tras la devastadora riada en la cuenca del Bhote Koshi"},"content":{"rendered":"\n<p class=\"wp-block-paragraph\">A esta cifra se suman los siete fallecidos que China ha reportado en el condado tibetano de Gyirong, en el que se ubica el paso fronterizo con Nepal que fue escenario de una de las im\u00e1genes m\u00e1s violentas de la riada.<\/p>\n\n\n\n<figure class=\"wp-block-image size-full is-resized\"><img loading=\"lazy\" decoding=\"async\" width=\"647\" height=\"364\" src=\"https:\/\/elchiq.com\/wp-content\/uploads\/2026\/08\/image-154.png\" alt=\"\" class=\"wp-image-14259\" style=\"aspect-ratio:1.7775059025541962;width:948px;height:auto\" srcset=\"https:\/\/elchiq.com\/wp-content\/uploads\/2026\/08\/image-154.png 647w, https:\/\/elchiq.com\/wp-content\/uploads\/2026\/08\/image-154-300x169.png 300w\" sizes=\"auto, (max-width: 647px) 100vw, 647px\" \/><\/figure>\n\n\n\n<p class=\"wp-block-paragraph\">Por: redacci\u00f3n Agencia EFE La Patria y elchiq.com\u00a0 <a href=\"https:\/\/www.google.com\/search?q=elchiq&amp;oq=elch&amp;gs_lcrp=EgZjaHJvbWUqDggAEEUYJxg7GIAEGIoFMg4IABBFGCcYOxiABBiKBTIPCAEQLhhDGLEDGIAEGIoFMg8IAhAuGEMYsQMYgAQYigUyBggDEEUYOTIHCAQQABiABDIHCAUQLhiABDIHCAYQABiABDIHCAcQABiABDIJCAgQABgKGIAEMgkICRAAGAoYgATSAQoxNjkwNWowajE1qAIMsAIB8QWjlxl85iD_VA&amp;sourceid=chrome&amp;ie=UTF-8\">https:\/\/www.google.com\/search?q=elchiq&amp;oq=elch&amp;gs_l<\/a><\/p>\n\n\n\n<p class=\"wp-block-paragraph\">Las autoridades de Nepal elevaron este s\u00e1bado (29 de agosto)&nbsp;<strong>a 669 la cifra de cuerpos recuperados<\/strong>&nbsp;tras la devastadora riada del mi\u00e9rcoles en la cuenca del Bhote Koshi, lo que eleva el total de fallecidos entre Nepal y el T\u00edbet a 676 personas y mantiene a casi 3.000 en paradero desconocido en ambos lados de la frontera.<\/p>\n\n\n\n<p class=\"wp-block-paragraph\">El nuevo balance oficial publicado por la Polic\u00eda nepal\u00ed fija en 669 los cuerpos hallados en su territorio, con la mayor parte localizados en los distritos del sur de Chitwan (248) y Nawalparasi Este (158), donde la masa de agua y piedras arrastr\u00f3 a las v\u00edctimas.&nbsp;<\/p>\n\n\n\n<figure class=\"wp-block-image size-large\"><img loading=\"lazy\" decoding=\"async\" width=\"1024\" height=\"791\" src=\"https:\/\/elchiq.com\/wp-content\/uploads\/2026\/08\/Pub-inm-nuevo-97-1024x791.jpg\" alt=\"\" class=\"wp-image-14260\" srcset=\"https:\/\/elchiq.com\/wp-content\/uploads\/2026\/08\/Pub-inm-nuevo-97-1024x791.jpg 1024w, https:\/\/elchiq.com\/wp-content\/uploads\/2026\/08\/Pub-inm-nuevo-97-300x232.jpg 300w, https:\/\/elchiq.com\/wp-content\/uploads\/2026\/08\/Pub-inm-nuevo-97-767x593.jpg 767w, https:\/\/elchiq.com\/wp-content\/uploads\/2026\/08\/Pub-inm-nuevo-97-1536x1187.jpg 1536w, https:\/\/elchiq.com\/wp-content\/uploads\/2026\/08\/Pub-inm-nuevo-97.jpg 1650w\" sizes=\"auto, (max-width: 1024px) 100vw, 1024px\" \/><\/figure>\n\n\n\n<p class=\"wp-block-paragraph\"><strong>La saturaci\u00f3n de las morgues y el r\u00e1pido deterioro de los cad\u00e1veres recuperados<\/strong>&nbsp;en los r\u00edos ha obligado a las autoridades locales, como en el distrito de Nawalparasi Este (Nawalpur),&nbsp;<strong>a iniciar la toma masiva de muestras de ADN antes de proceder a sepultar los cuerpos no identificados o irreconocibles en zonas forestales comunitarias.<\/strong><\/p>\n\n\n\n<p class=\"wp-block-paragraph\">Mientras, los equipos de emergencia desplazados, que se cuentan a miles, tratan de continuar con su labor en una superficie de lodo que se ha endurecido y que apunta a haber sepultado a decenas de personas.<\/p>\n\n\n\n<figure class=\"wp-block-image size-large is-resized\"><img loading=\"lazy\" decoding=\"async\" width=\"791\" height=\"1024\" src=\"https:\/\/elchiq.com\/wp-content\/uploads\/2026\/08\/publi-bodega-2024-fwg-57-791x1024.jpg\" alt=\"\" class=\"wp-image-14261\" style=\"aspect-ratio:0.772457465476463;width:535px;height:auto\" srcset=\"https:\/\/elchiq.com\/wp-content\/uploads\/2026\/08\/publi-bodega-2024-fwg-57-791x1024.jpg 791w, https:\/\/elchiq.com\/wp-content\/uploads\/2026\/08\/publi-bodega-2024-fwg-57-232x300.jpg 232w, https:\/\/elchiq.com\/wp-content\/uploads\/2026\/08\/publi-bodega-2024-fwg-57-767x993.jpg 767w, https:\/\/elchiq.com\/wp-content\/uploads\/2026\/08\/publi-bodega-2024-fwg-57-1187x1536.jpg 1187w, https:\/\/elchiq.com\/wp-content\/uploads\/2026\/08\/publi-bodega-2024-fwg-57.jpg 1275w\" sizes=\"auto, (max-width: 791px) 100vw, 791px\" \/><\/figure>\n\n\n\n<p class=\"wp-block-paragraph\">En cuanto a los extranjeros afectados, la Junta de Turismo de Nepal (NTB)&nbsp;<strong>ha detallado que un total de 184 turistas han sido rescatados con vida y 420 contin\u00faan desaparecidos<\/strong>. Entre los rescatados se incluyeron este s\u00e1bado dos ciudadano espa\u00f1oles.&nbsp;<\/p>\n\n\n\n<p class=\"wp-block-paragraph\"><strong>El Gobierno nepal\u00ed ha solicitado asistencia internacional en materia forense y de conservaci\u00f3n de cad\u00e1veres<\/strong>, as\u00ed como el despliegue de equipos t\u00e9cnicos para tratar de rescatar a centenares de trabajadores que se teme que est\u00e9n atrapados en t\u00faneles anegados de las centraes hidroel\u00e9cticas de la cuenca.&nbsp;<\/p>\n\n\n\n<figure class=\"wp-block-image size-full\"><img loading=\"lazy\" decoding=\"async\" width=\"495\" height=\"619\" src=\"https:\/\/elchiq.com\/wp-content\/uploads\/2026\/08\/Pub-Abaco-terremoto-2026-135.jpg\" alt=\"\" class=\"wp-image-14262\" srcset=\"https:\/\/elchiq.com\/wp-content\/uploads\/2026\/08\/Pub-Abaco-terremoto-2026-135.jpg 495w, https:\/\/elchiq.com\/wp-content\/uploads\/2026\/08\/Pub-Abaco-terremoto-2026-135-240x300.jpg 240w\" sizes=\"auto, (max-width: 495px) 100vw, 495px\" \/><\/figure>\n\n\n\n<p class=\"wp-block-paragraph\">Lea tambi\u00e9n: entre escombros y esperanza: los rescates que conmueven a Colombia tras el terremoto&nbsp;<a href=\"https:\/\/elchiq.com\/index.php\/2026\/08\/13\/entre-escombros-y-esperanza-los-rescates-que-conmueven-a-colombia-tras-el-terremoto\/\">https:\/\/elchiq.com\/index.php\/2026\/08\/13\/entre-escombros-y-esperanza-los-rescates-que-conmueven-a-colombia-tras-el-terremoto\/<\/a><\/p>\n\n\n\n<p class=\"wp-block-paragraph\">www.elchiq.com https:\/\/www.google.com\/search?q=elchiq&amp;oq=elch&amp;gs_l<\/p>\n\n\n\n<p class=\"wp-block-paragraph\">Escuche la decembrina: https:\/\/ladecembrina.radio12345com\/google_vignette<\/p>\n\n\n\n<p class=\"wp-block-paragraph\">S\u00edganos en Facebook, Instagram, Telegram, Twitch, Discord, Linkedin, Flipboard, Mastodon,YouTube, X, Spotify, TikTok, Bluesky y nuestro canal de WhatsApp, para que reciba noticias de \u00faltima hora y m\u00e1s contenidos<\/p>\n","protected":false},"excerpt":{"rendered":"<p>A esta cifra se suman los siete fallecidos que China ha reportado en el condado tibetano de Gyirong, en el que se ubica el paso fronterizo con Nepal que fue escenario de una de las im\u00e1genes m\u00e1s violentas de la riada. Por: redacci\u00f3n Agencia EFE La Patria y elchiq.com\u00a0 https:\/\/www.google.com\/search?q=elchiq&amp;oq=elch&amp;gs_l Las autoridades de Nepal elevaron [&hellip;]<\/p>\n","protected":false},"author":2,"featured_media":0,"comment_status":"closed","ping_status":"closed","sticky":false,"template":"","format":"standard","meta":{"footnotes":""},"categories":[1],"tags":[],"class_list":["post-14258","post","type-post","status-publish","format-standard","hentry","category-uncategorized"],"_links":{"self":[{"href":"https:\/\/elchiq.com\/index.php\/wp-json\/wp\/v2\/posts\/14258","targetHints":{"allow":["GET"]}}],"collection":[{"href":"https:\/\/elchiq.com\/index.php\/wp-json\/wp\/v2\/posts"}],"about":[{"href":"https:\/\/elchiq.com\/index.php\/wp-json\/wp\/v2\/types\/post"}],"author":[{"embeddable":true,"href":"https:\/\/elchiq.com\/index.php\/wp-json\/wp\/v2\/users\/2"}],"replies":[{"embeddable":true,"href":"https:\/\/elchiq.com\/index.php\/wp-json\/wp\/v2\/comments?post=14258"}],"version-history":[{"count":1,"href":"https:\/\/elchiq.com\/index.php\/wp-json\/wp\/v2\/posts\/14258\/revisions"}],"predecessor-version":[{"id":14263,"href":"https:\/\/elchiq.com\/index.php\/wp-json\/wp\/v2\/posts\/14258\/revisions\/14263"}],"wp:attachment":[{"href":"https:\/\/elchiq.com\/index.php\/wp-json\/wp\/v2\/media?parent=14258"}],"wp:term":[{"taxonomy":"category","embeddable":true,"href":"https:\/\/elchiq.com\/index.php\/wp-json\/wp\/v2\/categories?post=14258"},{"taxonomy":"post_tag","embeddable":true,"href":"https:\/\/elchiq.com\/index.php\/wp-json\/wp\/v2\/tags?post=14258"}],"curies":[{"name":"wp","href":"https:\/\/api.w.org\/{rel}","templated":true}]}}