{"id":14264,"date":"2026-08-30T02:24:50","date_gmt":"2026-08-30T07:24:50","guid":{"rendered":"https:\/\/elchiq.com\/?p=14264"},"modified":"2026-08-30T02:24:50","modified_gmt":"2026-08-30T07:24:50","slug":"tadej-pogacar-se-retira-de-la-vuelta-a-espana-tras-una-fuerte-caida","status":"publish","type":"post","link":"https:\/\/elchiq.com\/index.php\/2026\/08\/30\/tadej-pogacar-se-retira-de-la-vuelta-a-espana-tras-una-fuerte-caida\/","title":{"rendered":"Tadej Pogacar se retira de la Vuelta a Espa\u00f1a tras una fuerte ca\u00edda"},"content":{"rendered":"\n<p class=\"wp-block-paragraph\">Las alarmas se dispararon cuando Pogacar se fue al asfalto.<\/p>\n\n\n\n<figure class=\"wp-block-image size-full is-resized\"><img loading=\"lazy\" decoding=\"async\" width=\"599\" height=\"337\" src=\"https:\/\/elchiq.com\/wp-content\/uploads\/2026\/08\/image-155.png\" alt=\"\" class=\"wp-image-14265\" style=\"aspect-ratio:1.7774841192562711;width:948px;height:auto\" srcset=\"https:\/\/elchiq.com\/wp-content\/uploads\/2026\/08\/image-155.png 599w, https:\/\/elchiq.com\/wp-content\/uploads\/2026\/08\/image-155-300x169.png 300w\" sizes=\"auto, (max-width: 599px) 100vw, 599px\" \/><\/figure>\n\n\n\n<p class=\"wp-block-paragraph\">Por: redacci\u00f3n Agencia AFP y elchiq.com\u00a0 <a href=\"https:\/\/www.google.com\/search?q=elchiq&amp;oq=elch&amp;gs_lcrp=EgZjaHJvbWUqDggAEEUYJxg7GIAEGIoFMg4IABBFGCcYOxiABBiKBTIPCAEQLhhDGLEDGIAEGIoFMg8IAhAuGEMYsQMYgAQYigUyBggDEEUYOTIHCAQQABiABDIHCAUQLhiABDIHCAYQABiABDIHCAcQABiABDIJCAgQABgKGIAEMgkICRAAGAoYgATSAQoxNjkwNWowajE1qAIMsAIB8QWjlxl85iD_VA&amp;sourceid=chrome&amp;ie=UTF-8\">https:\/\/www.google.com\/search?q=elchiq&amp;oq=elch&amp;gs_l<\/a><\/p>\n\n\n\n<p class=\"wp-block-paragraph\">El ciclista esloveno&nbsp;<strong>Tadej Pogacar<\/strong>, l\u00edder destacado de la clasificaci\u00f3n general, tuvo que abandonar este s\u00e1bado la<strong>&nbsp;Vuelta a Espa\u00f1a<\/strong>&nbsp;tras sufrir una&nbsp;<strong>violenta ca\u00edda<\/strong>&nbsp;a 32 kil\u00f3metros de la meta de la<strong>&nbsp;octava etapa<\/strong>, situada en la localidad valenciana de<strong>&nbsp;Xeraco.<\/strong><\/p>\n\n\n\n<p class=\"wp-block-paragraph\">Las alarmas se dispararon cuando Pogacar, grand\u00edsimo favorito al t\u00edtulo y que&nbsp;<strong>gan\u00f3 tres etapas en la primera semana de la competici\u00f3n<\/strong>, se fue al asfalto y las im\u00e1genes de televisi\u00f3n mostraron que ten\u00eda heridas sangrantes, especialmente en el hombro izquierdo y en la ceja izquierda.<\/p>\n\n\n\n<p class=\"wp-block-paragraph\">Fue atendido e intent\u00f3 en un primer momento volver a salir con su bicicleta, antes de constatar que<strong>&nbsp;no pod\u00eda por el dolor&nbsp;<\/strong>y ser evacuado del lugar en ambulancia.<\/p>\n\n\n\n<figure class=\"wp-block-image size-full\"><img loading=\"lazy\" decoding=\"async\" width=\"970\" height=\"90\" src=\"https:\/\/elchiq.com\/wp-content\/uploads\/2026\/08\/Pub-bet-play-2026-agosto-20.jpg\" alt=\"\" class=\"wp-image-14267\" srcset=\"https:\/\/elchiq.com\/wp-content\/uploads\/2026\/08\/Pub-bet-play-2026-agosto-20.jpg 970w, https:\/\/elchiq.com\/wp-content\/uploads\/2026\/08\/Pub-bet-play-2026-agosto-20-300x28.jpg 300w, https:\/\/elchiq.com\/wp-content\/uploads\/2026\/08\/Pub-bet-play-2026-agosto-20-765x71.jpg 765w\" sizes=\"auto, (max-width: 970px) 100vw, 970px\" \/><\/figure>\n\n\n\n<p class=\"wp-block-paragraph\">Este abandono inesperado deja a la Vuelta hu\u00e9rfana de su gran estrella, que hab\u00eda decidido participar en esta edici\u00f3n para coronarse por primera vez en Espa\u00f1a y completar as\u00ed su pleno de t\u00edtulos en las tres grandes rondas por etapas, despu\u00e9s de haber ganado cinco veces el<strong>&nbsp;Tour de Francia (2020, 2021, 2024, 2025, 2026) y una vez el Giro de Italia (2024).<\/strong><\/p>\n\n\n\n<p class=\"wp-block-paragraph\">Antes de esta edici\u00f3n, Pogacar solo hab\u00eda participado una vez en la Vuelta:&nbsp;<strong>fue en 2019,&nbsp;<\/strong>en su debut en una gran ronda por etapas, y entonces gan\u00f3 la clasificaci\u00f3n de los j\u00f3venes (maillot blanco), siendo tercero en una clasificaci\u00f3n general final ganada por su compatriota Primoz Roglic.<\/p>\n\n\n\n<p class=\"wp-block-paragraph\"><strong>Gan\u00f3 tres etapas en aquel 2019 y otras tres en este 2026<\/strong>, en su segunda presencia en la carrera espa\u00f1ola.<\/p>\n\n\n\n<p class=\"wp-block-paragraph\">Hasta este s\u00e1bado, Pogacar no hab\u00eda abandonado nunca en una de las carreras de tres semanas del calendario.<\/p>\n\n\n\n<figure class=\"wp-block-image size-full\"><img loading=\"lazy\" decoding=\"async\" width=\"495\" height=\"619\" src=\"https:\/\/elchiq.com\/wp-content\/uploads\/2026\/08\/Pub-Abaco-terremoto-2026-136.jpg\" alt=\"\" class=\"wp-image-14266\" srcset=\"https:\/\/elchiq.com\/wp-content\/uploads\/2026\/08\/Pub-Abaco-terremoto-2026-136.jpg 495w, https:\/\/elchiq.com\/wp-content\/uploads\/2026\/08\/Pub-Abaco-terremoto-2026-136-240x300.jpg 240w\" sizes=\"auto, (max-width: 495px) 100vw, 495px\" \/><\/figure>\n\n\n\n<p class=\"wp-block-paragraph\">Esta ca\u00edda parece comprometer tambi\u00e9n sus opciones en el&nbsp;<strong>Mundial de ciclismo<\/strong>&nbsp;en ruta de finales de septiembre en Canad\u00e1, a la espera de un diagn\u00f3stico m\u00e1s preciso sobre la gravedad de los da\u00f1os sufridos.<\/p>\n\n\n\n<p class=\"wp-block-paragraph\">\u00bfQui\u00e9n ganar\u00e1 la Vuelta a Espa\u00f1a tras la salida de Pogacar?<\/p>\n\n\n\n<figure class=\"wp-block-image size-large is-resized\"><img loading=\"lazy\" decoding=\"async\" width=\"1024\" height=\"791\" src=\"https:\/\/elchiq.com\/wp-content\/uploads\/2026\/08\/publ-lote-29-1024x791.jpg\" alt=\"\" class=\"wp-image-14268\" style=\"aspect-ratio:1.2945706666666668;width:638px;height:auto\" srcset=\"https:\/\/elchiq.com\/wp-content\/uploads\/2026\/08\/publ-lote-29-1024x791.jpg 1024w, https:\/\/elchiq.com\/wp-content\/uploads\/2026\/08\/publ-lote-29-300x232.jpg 300w, https:\/\/elchiq.com\/wp-content\/uploads\/2026\/08\/publ-lote-29-767x593.jpg 767w, https:\/\/elchiq.com\/wp-content\/uploads\/2026\/08\/publ-lote-29-1536x1187.jpg 1536w, https:\/\/elchiq.com\/wp-content\/uploads\/2026\/08\/publ-lote-29.jpg 1650w\" sizes=\"auto, (max-width: 1024px) 100vw, 1024px\" \/><\/figure>\n\n\n\n<p class=\"wp-block-paragraph\">El abandono de Pogacar deja ahora<strong>&nbsp;la Vuelta muy abierta.<\/strong><\/p>\n\n\n\n<p class=\"wp-block-paragraph\">Antes de esta octava etapa, el esloveno ten\u00eda 3 minutos y 50 segundos sobre el espa\u00f1ol&nbsp;<strong>Enric Mas&nbsp;<\/strong>(Movistar) y 4 minutos y 50 segundos sobre el esloveno&nbsp;<strong>Roglic<\/strong>, que relanza as\u00ed sus opciones de poder conquistar la Vuelta por quinta vez en su carrera.<\/p>\n\n\n\n<p class=\"wp-block-paragraph\">Lea tambi\u00e9n: entre escombros y esperanza: los rescates que conmueven a Colombia tras el terremoto&nbsp;<a href=\"https:\/\/elchiq.com\/index.php\/2026\/08\/13\/entre-escombros-y-esperanza-los-rescates-que-conmueven-a-colombia-tras-el-terremoto\/\">https:\/\/elchiq.com\/index.php\/2026\/08\/13\/entre-escombros-y-esperanza-los-rescates-que-conmueven-a-colombia-tras-el-terremoto\/<\/a><\/p>\n\n\n\n<p class=\"wp-block-paragraph\">www.elchiq.com https:\/\/www.google.com\/search?q=elchiq&amp;oq=elch&amp;gs_l<\/p>\n\n\n\n<p class=\"wp-block-paragraph\">Escuche la decembrina: https:\/\/ladecembrina.radio12345com\/google_vignette<\/p>\n\n\n\n<p class=\"wp-block-paragraph\">S\u00edganos en Facebook, Instagram, Telegram, Twitch, Discord, Linkedin, Flipboard, Mastodon,YouTube, X, Spotify, TikTok, Bluesky y nuestro canal de WhatsApp, para que reciba noticias de \u00faltima hora y m\u00e1s contenidos<\/p>\n","protected":false},"excerpt":{"rendered":"<p>Las alarmas se dispararon cuando Pogacar se fue al asfalto. Por: redacci\u00f3n Agencia AFP y elchiq.com\u00a0 https:\/\/www.google.com\/search?q=elchiq&amp;oq=elch&amp;gs_l El ciclista esloveno&nbsp;Tadej Pogacar, l\u00edder destacado de la clasificaci\u00f3n general, tuvo que abandonar este s\u00e1bado la&nbsp;Vuelta a Espa\u00f1a&nbsp;tras sufrir una&nbsp;violenta ca\u00edda&nbsp;a 32 kil\u00f3metros de la meta de la&nbsp;octava etapa, situada en la localidad valenciana de&nbsp;Xeraco. Las alarmas se [&hellip;]<\/p>\n","protected":false},"author":2,"featured_media":0,"comment_status":"closed","ping_status":"closed","sticky":false,"template":"","format":"standard","meta":{"footnotes":""},"categories":[1],"tags":[],"class_list":["post-14264","post","type-post","status-publish","format-standard","hentry","category-uncategorized"],"_links":{"self":[{"href":"https:\/\/elchiq.com\/index.php\/wp-json\/wp\/v2\/posts\/14264","targetHints":{"allow":["GET"]}}],"collection":[{"href":"https:\/\/elchiq.com\/index.php\/wp-json\/wp\/v2\/posts"}],"about":[{"href":"https:\/\/elchiq.com\/index.php\/wp-json\/wp\/v2\/types\/post"}],"author":[{"embeddable":true,"href":"https:\/\/elchiq.com\/index.php\/wp-json\/wp\/v2\/users\/2"}],"replies":[{"embeddable":true,"href":"https:\/\/elchiq.com\/index.php\/wp-json\/wp\/v2\/comments?post=14264"}],"version-history":[{"count":1,"href":"https:\/\/elchiq.com\/index.php\/wp-json\/wp\/v2\/posts\/14264\/revisions"}],"predecessor-version":[{"id":14269,"href":"https:\/\/elchiq.com\/index.php\/wp-json\/wp\/v2\/posts\/14264\/revisions\/14269"}],"wp:attachment":[{"href":"https:\/\/elchiq.com\/index.php\/wp-json\/wp\/v2\/media?parent=14264"}],"wp:term":[{"taxonomy":"category","embeddable":true,"href":"https:\/\/elchiq.com\/index.php\/wp-json\/wp\/v2\/categories?post=14264"},{"taxonomy":"post_tag","embeddable":true,"href":"https:\/\/elchiq.com\/index.php\/wp-json\/wp\/v2\/tags?post=14264"}],"curies":[{"name":"wp","href":"https:\/\/api.w.org\/{rel}","templated":true}]}}