{"id":14274,"date":"2026-08-30T02:53:56","date_gmt":"2026-08-30T07:53:56","guid":{"rendered":"https:\/\/elchiq.com\/?p=14274"},"modified":"2026-08-30T02:53:56","modified_gmt":"2026-08-30T07:53:56","slug":"gobierno-de-de-la-espriella-tumba-restriccion-a-la-aspersion-con-glifosato-para-cultivos-ilicitos","status":"publish","type":"post","link":"https:\/\/elchiq.com\/index.php\/2026\/08\/30\/gobierno-de-de-la-espriella-tumba-restriccion-a-la-aspersion-con-glifosato-para-cultivos-ilicitos\/","title":{"rendered":"Gobierno de De la Espriella tumba restricci\u00f3n a la aspersi\u00f3n con glifosato para cultivos il\u00edcitos"},"content":{"rendered":"\n<p class=\"wp-block-paragraph\">Despu\u00e9s de 11 a\u00f1os, el Consejo Nacional de Estupefacientes derog\u00f3 la norma que manten\u00eda suspendida la aspersi\u00f3n a\u00e9rea, aunque todav\u00eda debe cumplir varios requisitos antes de retomarla.<\/p>\n\n\n\n<figure class=\"wp-block-image size-full is-resized\"><img loading=\"lazy\" decoding=\"async\" width=\"780\" height=\"565\" src=\"https:\/\/elchiq.com\/wp-content\/uploads\/2026\/08\/image-156.png\" alt=\"\" class=\"wp-image-14275\" style=\"width:948px;height:auto\" srcset=\"https:\/\/elchiq.com\/wp-content\/uploads\/2026\/08\/image-156.png 780w, https:\/\/elchiq.com\/wp-content\/uploads\/2026\/08\/image-156-300x217.png 300w, https:\/\/elchiq.com\/wp-content\/uploads\/2026\/08\/image-156-768x556.png 768w\" sizes=\"auto, (max-width: 780px) 100vw, 780px\" \/><\/figure>\n\n\n\n<p class=\"wp-block-paragraph\">Por: redacci\u00f3n El Colombiano y elchiq.com<a href=\"https:\/\/www.google.com\/search?q=elchiq&amp;oq=elch&amp;gs_lcrp=EgZjaHJvbWUqDggAEEUYJxg7GIAEGIoFMg4IABBFGCcYOxiABBiKBTIPCAEQLhhDGLEDGIAEGIoFMg8IAhAuGEMYsQMYgAQYigUyBggDEEUYOTIHCAQQABiABDIHCAUQLhiABDIHCAYQABiABDIHCAcQABiABDIJCAgQABgKGIAEMgkICRAAGAoYgATSAQoxNjkwNWowajE1qAIMsAIB8QWjlxl85iD_VA&amp;sourceid=chrome&amp;ie=UTF-8\">https:\/\/www.google.com\/search?q=elchiq&amp;oq=elch&amp;gs_l<\/a><\/p>\n\n\n\n<p class=\"wp-block-paragraph\"><strong>El Gobierno de Abelardo De la Espriella<\/strong>&nbsp;derog\u00f3 la norma que desde 2015 suspend\u00eda el uso de glifosato mediante aspersi\u00f3n a\u00e9rea para la erradicaci\u00f3n de cultivos il\u00edcitos. La decisi\u00f3n est\u00e1 contenida en la&nbsp;<strong>Resoluci\u00f3n 0006 del 18 de agosto de 2026<\/strong>, publicada en el Diario Oficial, con la que el Consejo Nacional de Estupefacientes dej\u00f3 sin efecto la Resoluci\u00f3n 6 de 2015.<\/p>\n\n\n\n<figure class=\"wp-block-image size-full\"><img loading=\"lazy\" decoding=\"async\" width=\"512\" height=\"640\" src=\"https:\/\/elchiq.com\/wp-content\/uploads\/2026\/08\/pUB-mINUTO-COL-44.jpg\" alt=\"\" class=\"wp-image-14276\" srcset=\"https:\/\/elchiq.com\/wp-content\/uploads\/2026\/08\/pUB-mINUTO-COL-44.jpg 512w, https:\/\/elchiq.com\/wp-content\/uploads\/2026\/08\/pUB-mINUTO-COL-44-240x300.jpg 240w\" sizes=\"auto, (max-width: 512px) 100vw, 512px\" \/><\/figure>\n\n\n\n<p class=\"wp-block-paragraph\">La norma de 2015 hab\u00eda ordenado suspender en todo el territorio nacional el uso del herbicida en las operaciones de erradicaci\u00f3n&nbsp;<strong>mediante aspersi\u00f3n a\u00e9rea.<\/strong>&nbsp;La suspensi\u00f3n ocurri\u00f3 despu\u00e9s de que la Agencia Internacional para la Investigaci\u00f3n sobre el C\u00e1ncer (IARC) clasificara el glifosato como&nbsp;<strong>\u201cprobablemente carcinog\u00e9nico para los seres humanos\u201d.<\/strong><\/p>\n\n\n\n<p class=\"wp-block-paragraph\">La nueva resoluci\u00f3n establece que la derogatoria no permite comenzar las fumigaciones. El documento se\u00f1ala que&nbsp;<strong>\u201cno implica la reanudaci\u00f3n autom\u00e1tica del Programa de Erradicaci\u00f3n de&nbsp;<\/strong><strong><a href=\"https:\/\/www.elcolombiano.com\/cronologia\/noticias\/meta\/cultivos-ilicitos\" target=\"_blank\" rel=\"noopener\">Cultivos Il\u00edcitos<\/a><\/strong><strong>&nbsp;mediante Aspersi\u00f3n A\u00e9rea\u201d<\/strong>&nbsp;y tampoco autoriza operaciones desde aeronaves tripuladas.<\/p>\n\n\n\n<p class=\"wp-block-paragraph\">Para que el programa pueda reanudarse, deber\u00e1n cumplirse los requisitos establecidos en la normativa y en las decisiones de la&nbsp;<a href=\"https:\/\/www.elcolombiano.com\/cronologia\/noticias\/meta\/corte-constitucional\">Corte Constitucional.<\/a>&nbsp;Entre las condiciones est\u00e1 el cumplimiento simult\u00e1neo de las&nbsp;<strong>exigencias ambientales, sanitarias y operativas aplicables al programa de erradicaci\u00f3n.<\/strong><\/p>\n\n\n\n<figure class=\"wp-block-image is-resized\"><img decoding=\"async\" src=\"https:\/\/estaticos.elcolombiano.com\/binrepository\/780x561\/0c0\/0d0\/none\/11101\/UTPL\/hq0i9goxaaavzl0_51470450_20260828122652.jpg\" alt=\"Publicaci\u00f3n oficial de la Resoluci\u00f3n 0006 del 18 de agosto de 2026 en el Diario Oficial, mediante la cual el Consejo Nacional de Estupefacientes deroga la suspensi\u00f3n de la aspersi\u00f3n a\u00e9rea con glifosato. Foto: Consejo Nacional de Estupefacientes\" style=\"aspect-ratio:1.3903743315508021;width:780px;height:auto\" title=\"Publicaci\u00f3n oficial de la Resoluci\u00f3n 0006 del 18 de agosto de 2026 en el Diario Oficial, mediante la cual el Consejo Nacional de Estupefacientes deroga la suspensi\u00f3n de la aspersi\u00f3n a\u00e9rea con glifosato. Foto: Consejo Nacional de Estupefacientes\" \/><\/figure>\n\n\n\n<p class=\"wp-block-paragraph\">Publicaci\u00f3n oficial de la Resoluci\u00f3n 0006 del 18 de agosto de 2026 en el Diario Oficial, mediante la cual el Consejo Nacional de Estupefacientes deroga la suspensi\u00f3n de la aspersi\u00f3n a\u00e9rea con glifosato. Foto: Consejo Nacional de Estupefacientes<\/p>\n\n\n\n<p class=\"wp-block-paragraph\"><strong>\u00bfQu\u00e9 falta para que pueda comenzar la aspersi\u00f3n?<\/strong><\/p>\n\n\n\n<p class=\"wp-block-paragraph\">Uno de los requisitos es que la&nbsp;<a href=\"https:\/\/www.elcolombiano.com\/cronologia\/noticias\/meta\/agencia-nacional-de-licencias-ambientales\" target=\"_blank\" rel=\"noopener\">Autoridad Nacional de Licencias Ambientales<\/a>&nbsp;(Anla) expida un&nbsp;<strong>Plan de Manejo Ambiental General<\/strong>&nbsp;vigente para las operaciones de aspersi\u00f3n a\u00e9rea.<\/p>\n\n\n\n<p class=\"wp-block-paragraph\">Tambi\u00e9n deber\u00e1 agotarse la consulta previa con las comunidades \u00e9tnicas de los n\u00facleos de operaci\u00f3n cuando exista una afectaci\u00f3n directa,&nbsp;<strong>de acuerdo con el Convenio 169 de la Organizaci\u00f3n Internacional del Trabajo&nbsp;<\/strong>y los criterios establecidos por la Corte Constitucional.<\/p>\n\n\n\n<p class=\"wp-block-paragraph\">la Corte estableci\u00f3 condiciones para modificar la decisi\u00f3n de&nbsp;<strong>no reanudar el programa.&nbsp;<\/strong>Entre ellas est\u00e1n la regulaci\u00f3n del riesgo por parte de un \u00f3rgano independiente del ejecutor, la evaluaci\u00f3n permanente de los riesgos y la existencia de investigaciones cient\u00edficas con garant\u00edas de rigor e imparcialidad.<\/p>\n\n\n\n<p class=\"wp-block-paragraph\">Estos criterios fueron precisados por la Corte en el Auto 387 de 2019 y reglamentados mediante el&nbsp;<a href=\"https:\/\/www.funcionpublica.gov.co\/eva\/gestornormativo\/norma.php?i=161526\" target=\"_blank\" rel=\"noopener\">Decreto 380 de 2021<\/a>.&nbsp;<strong>La consulta a las comunidades tambi\u00e9n fue objeto de una decisi\u00f3n posterior.&nbsp;<\/strong>En la Sentencia T-413 de 2021, la Corte dej\u00f3 sin efectos una certificaci\u00f3n que se\u00f1alaba que no hab\u00eda comunidades \u00e9tnicas en los n\u00facleos de operaci\u00f3n.<\/p>\n\n\n\n<figure class=\"wp-block-image is-resized\"><img decoding=\"async\" src=\"https:\/\/estaticos.elcolombiano.com\/binrepository\/402x243\/0c0\/0d0\/none\/11101\/WJPB\/hq0i84dxgaayurf_51470452_20260828122652.jpg\" alt=\"Punto clave de la Resoluci\u00f3n 0006 de 2026: la derogaci\u00f3n no implica la reanudaci\u00f3n autom\u00e1tica de la aspersi\u00f3n a\u00e9rea con glifosato; esta sigue condicionada al cumplimiento de requisitos ambientales y de consulta previa. Foto: Consejo Nacional de Estupefacientes\" style=\"aspect-ratio:1.654320987654321;width:402px;height:auto\" title=\"Punto clave de la Resoluci\u00f3n 0006 de 2026: la derogaci\u00f3n no implica la reanudaci\u00f3n autom\u00e1tica de la aspersi\u00f3n a\u00e9rea con glifosato; esta sigue condicionada al cumplimiento de requisitos ambientales y de consulta previa. Foto: Consejo Nacional de Estupefacientes\" \/><\/figure>\n\n\n\n<p class=\"wp-block-paragraph\">Punto clave de la Resoluci\u00f3n 0006 de 2026: la derogaci\u00f3n no implica la reanudaci\u00f3n autom\u00e1tica de la aspersi\u00f3n a\u00e9rea con glifosato; esta sigue condicionada al cumplimiento de requisitos ambientales y de consulta previa. Foto: Consejo Nacional de Estupefacientes<\/p>\n\n\n\n<p class=\"wp-block-paragraph\">Por esta raz\u00f3n, cualquier nueva certificaci\u00f3n deber\u00e1 utilizar informaci\u00f3n<strong>&nbsp;institucional actualizada y realizar una evaluaci\u00f3n individual de cada pol\u00edgono<\/strong>. Adem\u00e1s, deber\u00e1n garantizarse mecanismos de participaci\u00f3n ambiental para las comunidades campesinas que est\u00e9n ubicadas en esas zonas.<\/p>\n\n\n\n<p class=\"wp-block-paragraph\"><strong>\u00bfQu\u00e9 dice la resoluci\u00f3n sobre el glifosato?<\/strong><\/p>\n\n\n\n<p class=\"wp-block-paragraph\">El&nbsp;<a href=\"https:\/\/www.elcolombiano.com\/cronologia\/noticias\/meta\/gobierno-nacional\" target=\"_blank\" rel=\"noopener\">Gobierno<\/a>&nbsp;tambi\u00e9n incluy\u00f3 en la resoluci\u00f3n referencias a evaluaciones realizadas despu\u00e9s del informe de la&nbsp;<a href=\"https:\/\/www.elcolombiano.com\/cronologia\/noticias\/meta\/cancer\" target=\"_blank\" rel=\"noopener\">IARC<\/a>&nbsp;de 2015. El documento cita al&nbsp;<strong>Comit\u00e9 de Evaluaci\u00f3n del Riesgo de la Agencia Europea de Sustancias y Mezclas Qu\u00edmicas (ECHA)<\/strong>, que en 2022 concluy\u00f3 que la evidencia disponible no cumpl\u00eda los criterios para clasificar el glifosato como carcinog\u00e9nico, mutag\u00e9nico o t\u00f3xico para la reproducci\u00f3n.<\/p>\n\n\n\n<figure class=\"wp-block-image size-large\"><img loading=\"lazy\" decoding=\"async\" width=\"508\" height=\"1024\" src=\"https:\/\/elchiq.com\/wp-content\/uploads\/2026\/08\/Pub-Sorteo-extra-chiq-6-508x1024.jpg\" alt=\"\" class=\"wp-image-14277\" srcset=\"https:\/\/elchiq.com\/wp-content\/uploads\/2026\/08\/Pub-Sorteo-extra-chiq-6-508x1024.jpg 508w, https:\/\/elchiq.com\/wp-content\/uploads\/2026\/08\/Pub-Sorteo-extra-chiq-6-149x300.jpg 149w, https:\/\/elchiq.com\/wp-content\/uploads\/2026\/08\/Pub-Sorteo-extra-chiq-6-768x1548.jpg 768w, https:\/\/elchiq.com\/wp-content\/uploads\/2026\/08\/Pub-Sorteo-extra-chiq-6-762x1536.jpg 762w, https:\/\/elchiq.com\/wp-content\/uploads\/2026\/08\/Pub-Sorteo-extra-chiq-6-1016x2048.jpg 1016w, https:\/\/elchiq.com\/wp-content\/uploads\/2026\/08\/Pub-Sorteo-extra-chiq-6.jpg 1270w\" sizes=\"auto, (max-width: 508px) 100vw, 508px\" \/><\/figure>\n\n\n\n<p class=\"wp-block-paragraph\">Tambi\u00e9n menciona a la Autoridad Europea de Seguridad Alimentaria (EFSA), que en 2023 no identific\u00f3 \u00e1reas cr\u00edticas de preocupaci\u00f3n para la salud humana.&nbsp;<strong>La Comisi\u00f3n Europea renov\u00f3 en 2023 la aprobaci\u00f3n del glifosato hasta el 15 de diciembre de 2033.<\/strong>&nbsp;La Agencia de Protecci\u00f3n Ambiental de Estados Unidos (EPA), por su parte, mantiene la conclusi\u00f3n de que el glifosato&nbsp;<strong>\u201cno es probable que sea&nbsp;<\/strong><strong><a href=\"https:\/\/www.elcolombiano.com\/cronologia\/noticias\/meta\/cancer\" target=\"_blank\" rel=\"noopener\">carcinog\u00e9nico<\/a><\/strong><strong>&nbsp;para los seres humanos\u201d<\/strong>.<\/p>\n\n\n\n<figure class=\"wp-block-image size-full\"><img loading=\"lazy\" decoding=\"async\" width=\"499\" height=\"676\" src=\"https:\/\/elchiq.com\/wp-content\/uploads\/2026\/08\/inm-elchiq-2025-42.jpg\" alt=\"\" class=\"wp-image-14278\" srcset=\"https:\/\/elchiq.com\/wp-content\/uploads\/2026\/08\/inm-elchiq-2025-42.jpg 499w, https:\/\/elchiq.com\/wp-content\/uploads\/2026\/08\/inm-elchiq-2025-42-221x300.jpg 221w\" sizes=\"auto, (max-width: 499px) 100vw, 499px\" \/><\/figure>\n\n\n\n<p class=\"wp-block-paragraph\">Por ahora, la decisi\u00f3n del Consejo Nacional de Estupefacientes&nbsp;<strong>elimina la norma que suspend\u00eda la aspersi\u00f3n a\u00e9rea con&nbsp;<\/strong><strong><a href=\"https:\/\/www.elcolombiano.com\/cronologia\/noticias\/meta\/glifosato\" target=\"_blank\" rel=\"noopener\">glifosato&nbsp;<\/a><\/strong><strong>desde 2015.&nbsp;<\/strong>Pero la aplicaci\u00f3n del programa queda condicionada al cumplimiento de los requisitos ambientales, de consulta previa y de evaluaci\u00f3n del riesgo establecidos en la legislaci\u00f3n y por la Corte Constitucional.<\/p>\n\n\n\n<p class=\"wp-block-paragraph\">Lea tambi\u00e9n: entre escombros y esperanza: los rescates que conmueven a Colombia tras el terremoto&nbsp;<a href=\"https:\/\/elchiq.com\/index.php\/2026\/08\/13\/entre-escombros-y-esperanza-los-rescates-que-conmueven-a-colombia-tras-el-terremoto\/\">https:\/\/elchiq.com\/index.php\/2026\/08\/13\/entre-escombros-y-esperanza-los-rescates-que-conmueven-a-colombia-tras-el-terremoto\/<\/a><\/p>\n\n\n\n<p class=\"wp-block-paragraph\">www.elchiq.com https:\/\/www.google.com\/search?q=elchiq&amp;oq=elch&amp;gs_l<\/p>\n\n\n\n<p class=\"wp-block-paragraph\">Escuche la decembrina: https:\/\/ladecembrina.radio12345com\/google_vignette<\/p>\n\n\n\n<p class=\"wp-block-paragraph\">S\u00edganos en Facebook, Instagram, Telegram, Twitch, Discord, Linkedin, Flipboard, Mastodon,YouTube, X, Spotify, TikTok, Bluesky y nuestro canal de WhatsApp, para que reciba noticias de \u00faltima hora y m\u00e1s contenidos<\/p>\n","protected":false},"excerpt":{"rendered":"<p>Despu\u00e9s de 11 a\u00f1os, el Consejo Nacional de Estupefacientes derog\u00f3 la norma que manten\u00eda suspendida la aspersi\u00f3n a\u00e9rea, aunque todav\u00eda debe cumplir varios requisitos antes de retomarla. Por: redacci\u00f3n El Colombiano y elchiq.comhttps:\/\/www.google.com\/search?q=elchiq&amp;oq=elch&amp;gs_l El Gobierno de Abelardo De la Espriella&nbsp;derog\u00f3 la norma que desde 2015 suspend\u00eda el uso de glifosato mediante aspersi\u00f3n a\u00e9rea para la [&hellip;]<\/p>\n","protected":false},"author":2,"featured_media":0,"comment_status":"closed","ping_status":"closed","sticky":false,"template":"","format":"standard","meta":{"footnotes":""},"categories":[1],"tags":[],"class_list":["post-14274","post","type-post","status-publish","format-standard","hentry","category-uncategorized"],"_links":{"self":[{"href":"https:\/\/elchiq.com\/index.php\/wp-json\/wp\/v2\/posts\/14274","targetHints":{"allow":["GET"]}}],"collection":[{"href":"https:\/\/elchiq.com\/index.php\/wp-json\/wp\/v2\/posts"}],"about":[{"href":"https:\/\/elchiq.com\/index.php\/wp-json\/wp\/v2\/types\/post"}],"author":[{"embeddable":true,"href":"https:\/\/elchiq.com\/index.php\/wp-json\/wp\/v2\/users\/2"}],"replies":[{"embeddable":true,"href":"https:\/\/elchiq.com\/index.php\/wp-json\/wp\/v2\/comments?post=14274"}],"version-history":[{"count":1,"href":"https:\/\/elchiq.com\/index.php\/wp-json\/wp\/v2\/posts\/14274\/revisions"}],"predecessor-version":[{"id":14279,"href":"https:\/\/elchiq.com\/index.php\/wp-json\/wp\/v2\/posts\/14274\/revisions\/14279"}],"wp:attachment":[{"href":"https:\/\/elchiq.com\/index.php\/wp-json\/wp\/v2\/media?parent=14274"}],"wp:term":[{"taxonomy":"category","embeddable":true,"href":"https:\/\/elchiq.com\/index.php\/wp-json\/wp\/v2\/categories?post=14274"},{"taxonomy":"post_tag","embeddable":true,"href":"https:\/\/elchiq.com\/index.php\/wp-json\/wp\/v2\/tags?post=14274"}],"curies":[{"name":"wp","href":"https:\/\/api.w.org\/{rel}","templated":true}]}}