{"id":14280,"date":"2026-08-30T03:10:14","date_gmt":"2026-08-30T08:10:14","guid":{"rendered":"https:\/\/elchiq.com\/?p=14280"},"modified":"2026-08-30T03:10:14","modified_gmt":"2026-08-30T08:10:14","slug":"nueva-junta-de-ecopetrol-estas-son-las-fichas-que-propondra-el-gobierno-de-de-la-espriella","status":"publish","type":"post","link":"https:\/\/elchiq.com\/index.php\/2026\/08\/30\/nueva-junta-de-ecopetrol-estas-son-las-fichas-que-propondra-el-gobierno-de-de-la-espriella\/","title":{"rendered":"Nueva junta de Ecopetrol: estas son las fichas que propondr\u00e1 el Gobierno de De la Espriella"},"content":{"rendered":"\n<p class=\"wp-block-paragraph\">El Gobierno de Abelardo de la Espriella alista una renovaci\u00f3n de la junta directiva de Ecopetrol, con nuevos nombres y cambios en los estatutos. MinHacienda confirm\u00f3 las fichas que propondr\u00e1.<\/p>\n\n\n\n<figure class=\"wp-block-image size-full is-resized\"><img loading=\"lazy\" decoding=\"async\" width=\"780\" height=\"565\" src=\"https:\/\/elchiq.com\/wp-content\/uploads\/2026\/08\/image-157.png\" alt=\"\" class=\"wp-image-14281\" style=\"width:930px;height:auto\" srcset=\"https:\/\/elchiq.com\/wp-content\/uploads\/2026\/08\/image-157.png 780w, https:\/\/elchiq.com\/wp-content\/uploads\/2026\/08\/image-157-300x217.png 300w, https:\/\/elchiq.com\/wp-content\/uploads\/2026\/08\/image-157-768x556.png 768w\" sizes=\"auto, (max-width: 780px) 100vw, 780px\" \/><\/figure>\n\n\n\n<p class=\"wp-block-paragraph\">Por: redacci\u00f3n El Colombiano y elchiq.com<a href=\"https:\/\/www.google.com\/search?q=elchiq&amp;oq=elch&amp;gs_lcrp=EgZjaHJvbWUqDggAEEUYJxg7GIAEGIoFMg4IABBFGCcYOxiABBiKBTIPCAEQLhhDGLEDGIAEGIoFMg8IAhAuGEMYsQMYgAQYigUyBggDEEUYOTIHCAQQABiABDIHCAUQLhiABDIHCAYQABiABDIHCAcQABiABDIJCAgQABgKGIAEMgkICRAAGAoYgATSAQoxNjkwNWowajE1qAIMsAIB8QWjlxl85iD_VA&amp;sourceid=chrome&amp;ie=UTF-8\">https:\/\/www.google.com\/search?q=elchiq&amp;oq=elch&amp;gs_l<\/a><\/p>\n\n\n\n<p class=\"wp-block-paragraph\">El pr\u00f3ximo&nbsp;<strong>15 de septiembre<\/strong>&nbsp;se realizar\u00e1 la primera asamblea extraordinaria entre el Gobierno de&nbsp;<strong>Abelardo de la Espriella<\/strong>&nbsp;y los accionistas de&nbsp;<strong>Ecopetrol<\/strong>, en una reuni\u00f3n que marcar\u00e1 el inicio de una nueva etapa para la junta directiva de la petrolera estatal.<\/p>\n\n\n\n<p class=\"wp-block-paragraph\">En esa fecha, el&nbsp;<a href=\"https:\/\/www.elcolombiano.com\/cronologia\/noticias\/meta\/gobierno-nacional\" target=\"_blank\" rel=\"noopener\">Gobierno Nacional<\/a>&nbsp;presentar\u00e1 una propuesta para&nbsp;<strong>modificar los estatutos internos de Ecopetrol<\/strong>&nbsp;y, posteriormente, someter\u00eda a<strong>&nbsp;votaci\u00f3n una plancha \u00fanica&nbsp;<\/strong>con los candidatos que busca incorporar al m\u00e1ximo \u00f3rgano de direcci\u00f3n de la compa\u00f1\u00eda.<\/p>\n\n\n\n<p class=\"wp-block-paragraph\">La reforma estatutaria ser\u00eda clave para concretar el cambio, pues permitir\u00eda&nbsp;<strong>reemplazar a casi la totalidad de los actuales miembros de la junta directiva<\/strong>.<\/p>\n\n\n\n<figure class=\"wp-block-image size-full\"><img loading=\"lazy\" decoding=\"async\" width=\"499\" height=\"676\" src=\"https:\/\/elchiq.com\/wp-content\/uploads\/2026\/08\/inm-elchiq-2025-43.jpg\" alt=\"\" class=\"wp-image-14282\" srcset=\"https:\/\/elchiq.com\/wp-content\/uploads\/2026\/08\/inm-elchiq-2025-43.jpg 499w, https:\/\/elchiq.com\/wp-content\/uploads\/2026\/08\/inm-elchiq-2025-43-221x300.jpg 221w\" sizes=\"auto, (max-width: 499px) 100vw, 499px\" \/><\/figure>\n\n\n\n<p class=\"wp-block-paragraph\"><strong>\u00bfQu\u00e9 cambiar\u00eda en los estatutos de Ecopetrol?<\/strong><\/p>\n\n\n\n<p class=\"wp-block-paragraph\">El primer punto relevante de la asamblea ser\u00e1 la presentaci\u00f3n de una propuesta para modificar el&nbsp;<strong>art\u00edculo 20 de los estatutos de&nbsp;<\/strong><strong><a href=\"https:\/\/www.elcolombiano.com\/cronologia\/noticias\/meta\/ecopetrol\" target=\"_blank\" rel=\"noopener\">Ecopetrol<\/a><\/strong>.<\/p>\n\n\n\n<p class=\"wp-block-paragraph\">De acuerdo con la informaci\u00f3n preliminar, el cambio abrir\u00eda la puerta a una<strong>&nbsp;renovaci\u00f3n amplia de la junta directiva.&nbsp;<\/strong>Sin embargo, no todos los representantes ser\u00edan reemplazados.<\/p>\n\n\n\n<p class=\"wp-block-paragraph\">Se mantendr\u00edan los representantes de&nbsp;<strong>los departamentos, los fondos de pensiones y los trabajadores<\/strong>. En este \u00faltimo caso, el representante permanecer\u00eda durante los cuatro a\u00f1os correspondientes al periodo para el que fue elegido.<\/p>\n\n\n\n<p class=\"wp-block-paragraph\">Una vez discutida y votada la modificaci\u00f3n estatutaria, los asistentes pasar\u00edan al segundo punto clave de la reuni\u00f3n: la votaci\u00f3n de la&nbsp;<strong>plancha \u00fanica de candidatos presentada por el Gobierno Nacional<\/strong>&nbsp;para conformar el nuevo \u00f3rgano directivo.<\/p>\n\n\n\n<figure class=\"wp-block-image size-full\"><img loading=\"lazy\" decoding=\"async\" width=\"495\" height=\"619\" src=\"https:\/\/elchiq.com\/wp-content\/uploads\/2026\/08\/Pub-Abaco-terremoto-2026-138.jpg\" alt=\"\" class=\"wp-image-14283\" srcset=\"https:\/\/elchiq.com\/wp-content\/uploads\/2026\/08\/Pub-Abaco-terremoto-2026-138.jpg 495w, https:\/\/elchiq.com\/wp-content\/uploads\/2026\/08\/Pub-Abaco-terremoto-2026-138-240x300.jpg 240w\" sizes=\"auto, (max-width: 495px) 100vw, 495px\" \/><\/figure>\n\n\n\n<p class=\"wp-block-paragraph\"><strong>Estos son los nombres que estar\u00e1n en la nueva junta directiva<\/strong><\/p>\n\n\n\n<p class=\"wp-block-paragraph\">Entre las fichas que confirm\u00f3 el Ministerio de Hacienda aparecen&nbsp;<strong><a href=\"https:\/\/www.elcolombiano.com\/cronologia\/noticias\/meta\/empresario\" target=\"_blank\" rel=\"noopener\">empresarios<\/a><\/strong><strong>, dirigentes pol\u00edticos, funcionarios<\/strong>&nbsp;y personas con experiencia en sectores como hidrocarburos y energ\u00eda.<\/p>\n\n\n\n<p class=\"wp-block-paragraph\">Uno de los nombres que genera atenci\u00f3n es el de&nbsp;<strong><a href=\"https:\/\/www.elcolombiano.com\/cronologia\/noticias\/meta\/jorge-jaller-jaramillo\" target=\"_blank\" rel=\"noopener\">Jorge Alberto Jaller Jaramillo<\/a><\/strong>, empresario reconocido por su paso por el&nbsp;<strong>Grupo \u00c9xito<\/strong>&nbsp;y quien recientemente&nbsp;<a href=\"https:\/\/www.elcolombiano.com\/colombia\/embajadas-espana-venezuela-carlos-felipe-mejia-jorge-jaller-designados-abelardo-de-la-espriella-CI39025351\" target=\"_blank\" rel=\"noopener\">fue designado&nbsp;<strong>embajador ante Venezuela<\/strong><\/a><strong>.<\/strong><\/p>\n\n\n\n<p class=\"wp-block-paragraph\">Tambi\u00e9n estar\u00e1&nbsp;<strong>Carlos Augusto&nbsp;<\/strong><strong><a href=\"https:\/\/www.elcolombiano.com\/cronologia\/noticias\/meta\/carlos-suarez\" target=\"_blank\" rel=\"noopener\">Su\u00e1rez<\/a><\/strong>, estratega pol\u00edtico de Abelardo de la Espriella. Su perfil, seg\u00fan el MinHacienda, \u201cresponde a uno de los retos centrales de Ecopetrol: explicar de manera coherente una estrategia que debe combinar mayor producci\u00f3n y exploraci\u00f3n con la transici\u00f3n energ\u00e9tica, al tiempo que recupera confianza despu\u00e9s de un periodo de cuestionamientos\u201d.<\/p>\n\n\n\n<p class=\"wp-block-paragraph\"><a href=\"https:\/\/www.elcolombiano.com\/colombia\/triple-temblor-choco-antioquia-madrugada-magnitud-epicentro-HA40266122\"><\/a><\/p>\n\n\n\n<p class=\"wp-block-paragraph\">La lista incluir\u00e1 adem\u00e1s a&nbsp;<strong>Ludmila del Carmen Vergara<\/strong>, actual&nbsp;<strong>superintendente de Transporte.<\/strong>&nbsp;Seg\u00fan el Gobierno, entrar\u00eda a \u201cfortalecer la capacidad jur\u00eddica, la prevenci\u00f3n de riesgos legales y la gesti\u00f3n institucional de la Junta en un entorno marcado por auditor\u00edas, contratos y una relaci\u00f3n permanente con el Estado\u201d.<\/p>\n\n\n\n<p class=\"wp-block-paragraph\">Tambi\u00e9n est\u00e1&nbsp;<strong>Jos\u00e9 Camilo Manzur Jattin<\/strong>, presidente de&nbsp;<strong>Asocodis<\/strong>. La cartera de Hacienda lo present\u00f3 como alguien que<strong>&nbsp;\u201cconoce de primera mano la regulaci\u00f3n, las tarifas, los subsidios, la incorporaci\u00f3n de energ\u00edas renovables a las redes de distribuci\u00f3n y los problemas de liquidez del sector el\u00e9ctrico.&nbsp;<\/strong>Su experiencia conecta el negocio tradicional de hidrocarburos de Ecopetrol con los desaf\u00edos del sistema el\u00e9ctrico, la generaci\u00f3n de energ\u00edas limpias y el papel estrat\u00e9gico de ISA\u201d.<\/p>\n\n\n\n<p class=\"wp-block-paragraph\">A ellos se suma&nbsp;<strong>Claudia Margarita Lafaurie Taboada<\/strong>, exsubdirectora administrativa y financiera de la&nbsp;<strong>Agencia Nacional de Hidrocarburos (ANH)<\/strong>, quien cuenta con amplia experiencia en el sector de hidrocarburos.<\/p>\n\n\n\n<figure class=\"wp-block-image size-large\"><img loading=\"lazy\" decoding=\"async\" width=\"508\" height=\"1024\" src=\"https:\/\/elchiq.com\/wp-content\/uploads\/2026\/08\/Pub-Sorteo-extra-chiq-7-508x1024.jpg\" alt=\"\" class=\"wp-image-14284\" srcset=\"https:\/\/elchiq.com\/wp-content\/uploads\/2026\/08\/Pub-Sorteo-extra-chiq-7-508x1024.jpg 508w, https:\/\/elchiq.com\/wp-content\/uploads\/2026\/08\/Pub-Sorteo-extra-chiq-7-149x300.jpg 149w, https:\/\/elchiq.com\/wp-content\/uploads\/2026\/08\/Pub-Sorteo-extra-chiq-7-768x1548.jpg 768w, https:\/\/elchiq.com\/wp-content\/uploads\/2026\/08\/Pub-Sorteo-extra-chiq-7-762x1536.jpg 762w, https:\/\/elchiq.com\/wp-content\/uploads\/2026\/08\/Pub-Sorteo-extra-chiq-7-1016x2048.jpg 1016w, https:\/\/elchiq.com\/wp-content\/uploads\/2026\/08\/Pub-Sorteo-extra-chiq-7.jpg 1270w\" sizes=\"auto, (max-width: 508px) 100vw, 508px\" \/><\/figure>\n\n\n\n<p class=\"wp-block-paragraph\">\u201cAporta diversidad de origen (Caribe) y una visi\u00f3n integral del sector energ\u00e9tico, construida sobre m\u00e1s de 20 a\u00f1os de experiencia como abogada experta en hidrocarburos, gas natural y generaci\u00f3n el\u00e9ctrica, con especial fortaleza en los frentes jur\u00eddico, regulatorio, contractual y de gobierno corporativo. Su paso por la ANH y por el sector privado le permite combinar conocimiento profundo del Estado y de la regulaci\u00f3n\u201d, argument\u00f3 el Gobierno.<\/p>\n\n\n\n<p class=\"wp-block-paragraph\">La plancha tambi\u00e9n propone a&nbsp;<strong>Betzy Patricia Mart\u00ednez, dirigente pol\u00edtica.<\/strong>&nbsp;Ha trabajado durante m\u00e1s de 25 a\u00f1os en los sectores p\u00fablico y privado, con experiencia en contrataci\u00f3n, infraestructura, banca y administraci\u00f3n. Una combinaci\u00f3n, seg\u00fan el MinHacienda, que fortalecer\u00e1 la \u201cseguridad jur\u00eddica, el cumplimiento y la toma de decisiones de la compa\u00f1\u00eda, al tiempo que incorpora la mirada social y territorial\u201d.<\/p>\n\n\n\n<p class=\"wp-block-paragraph\"><strong>Tres integrantes continuar\u00e1n en la junta de Ecopetrol<\/strong><\/p>\n\n\n\n<p class=\"wp-block-paragraph\">La permanencia de estos tres integrantes evita una ruptura en comit\u00e9s esenciales y preserva conocimiento acumulado en una empresa de alto impacto fiscal, energ\u00e9tico y burs\u00e1til para Colombia.Dentro de la composici\u00f3n que se conoce hasta ahora hay tres nombres que continuar\u00e1n en el \u00f3rgano directivo.<\/p>\n\n\n\n<p class=\"wp-block-paragraph\">Dentro de la composici\u00f3n de la junta directiva de&nbsp;<strong>Ecopetrol<\/strong>&nbsp;que se conoce hasta ahora, tres integrantes continuar\u00e1n en el \u00f3rgano directivo. Su permanencia aporta continuidad a comit\u00e9s clave y permite preservar conocimiento acumulado en una empresa de alto impacto fiscal, energ\u00e9tico y burs\u00e1til para Colombia.<\/p>\n\n\n\n<p class=\"wp-block-paragraph\">Uno de ellos es&nbsp;<strong>C\u00e9sar Loza<\/strong>, quien fue presidente de la&nbsp;<strong><a href=\"https:\/\/www.elcolombiano.com\/cronologia\/noticias\/meta\/uso\" target=\"_blank\" rel=\"noopener\">Uni\u00f3n Sindical Obrera (USO)<\/a><\/strong>&nbsp;y se convirti\u00f3 en el primer representante de los trabajadores en la junta directiva de Ecopetrol.<\/p>\n\n\n\n<p class=\"wp-block-paragraph\">Seg\u00fan el Gobierno, su presencia aporta \u201cla visi\u00f3n operativa y laboral, el conocimiento directo de la compa\u00f1\u00eda y experiencia en regulaci\u00f3n minero-energ\u00e9tica\u201d. Adem\u00e1s, afirm\u00f3, \u201c<strong>permite mantener un canal con la base laboral en un momento de ajustes organizacionales\u201d.<\/strong><\/p>\n\n\n\n<p class=\"wp-block-paragraph\">Otro nombre que continuar\u00e1 es&nbsp;<strong>Luis Felipe Henao, quien ya fue anunciado como presidente de la junta directiva&nbsp;<\/strong>y anteriormente presid\u00eda el Comit\u00e9 de Gobierno Corporativo. Su permanencia, anot\u00f3 el MinHacienda,&nbsp;<strong>aporta continuidad al \u00f3rgano directivo en un momento de transici\u00f3n pol\u00edtica y mientras se define el nuevo presidente ejecutivo de Ecopetrol.<\/strong><\/p>\n\n\n\n<p class=\"wp-block-paragraph\">Tambi\u00e9n permanecer\u00e1&nbsp;<strong>Ricardo Rodr\u00edguez Yee<\/strong>, miembro independiente de la junta y reconocido por su experiencia en el sector energ\u00e9tico. Rodr\u00edguez Yee, quien recientemente recibi\u00f3 el respaldo de los gobernadores de los departamentos productores, preside el Comit\u00e9 de Auditor\u00eda y Riesgos y el Comit\u00e9 de Negocios.<\/p>\n\n\n\n<p class=\"wp-block-paragraph\">\u201cSu continuidad resulta especialmente relevante para evitar interrupciones en los procesos de auditor\u00eda y preservar los est\u00e1ndares de gobierno corporativo exigidos a una compa\u00f1\u00eda listada en la&nbsp;<strong>Bolsa de Nueva York\u201d,<\/strong>&nbsp;sostuvo el Gobierno.<\/p>\n\n\n\n<p class=\"wp-block-paragraph\"><strong>Jorge Mario Vel\u00e1squez no aparece en la lista<\/strong><\/p>\n\n\n\n<p class=\"wp-block-paragraph\">Uno de los aspectos que m\u00e1s llam\u00f3 la atenci\u00f3n en la composici\u00f3n preliminar de la nueva junta directiva es la&nbsp;<strong>ausencia de Jorge Mario Vel\u00e1squez, ex presidente de&nbsp;<\/strong><strong><a href=\"https:\/\/www.elcolombiano.com\/cronologia\/noticias\/meta\/grupo-argos\" target=\"_blank\" rel=\"noopener\">Grupo Argos<\/a><\/strong><strong>.<\/strong><\/p>\n\n\n\n<p class=\"wp-block-paragraph\">Su nombre hab\u00eda sido anunciado p\u00fablicamente por el presidente&nbsp;<a href=\"https:\/\/www.elcolombiano.com\/cronologia\/noticias\/meta\/abelardo-de-la-espriella\" target=\"_blank\" rel=\"noopener\">Abelardo de la Espriella<\/a>&nbsp;como parte de la nueva Junta de Ecopetrol. Sin embargo,&nbsp;<strong>no aparece en la lista de candidatos<\/strong>&nbsp;que ser\u00e1 presentada en la asamblea extraordinaria del 15 de septiembre.<\/p>\n\n\n\n<p class=\"wp-block-paragraph\"><strong>Ecopetrol tambi\u00e9n prepara cambios en su alta gerencia<\/strong><\/p>\n\n\n\n<p class=\"wp-block-paragraph\">Los movimientos en Ecopetrol no paran. La compa\u00f1\u00eda tambi\u00e9n inform\u00f3 una&nbsp;<strong>reestructuraci\u00f3n de su alta gerencia<\/strong>, que&nbsp;<strong>contempla la salida de cinco directivos de posiciones clave a partir del<\/strong>&nbsp;<strong>30 de agosto de 2026<\/strong>.<\/p>\n\n\n\n<p class=\"wp-block-paragraph\">Los cambios comprenden las vicepresidencias de&nbsp;<strong>Transformaci\u00f3n Territorial y HSE, Administrativa y de Servicios, Estrategia y Nuevos Negocios y Refinaci\u00f3n y Procesos Industriales<\/strong>, adem\u00e1s de la&nbsp;<strong>direcci\u00f3n corporativa de Relacionamiento Institucional y Comunicaciones<\/strong>.<\/p>\n\n\n\n<p class=\"wp-block-paragraph\">La compa\u00f1\u00eda precis\u00f3 que quienes asumir\u00e1n estas responsabilidades lo har\u00e1n&nbsp;<strong>en calidad de encargados<\/strong>, mientras se adelantan las respectivas designaciones en propiedad.<\/p>\n\n\n\n<p class=\"wp-block-paragraph\">Entre los cambios est\u00e1&nbsp;<strong>Sandra Luc\u00eda Rodr\u00edguez Rojas<\/strong>, vicepresidenta corporativa de Transformaci\u00f3n Territorial y HSE, quien permanecer\u00e1 en la posici\u00f3n hasta el&nbsp;<strong>30 de agosto<\/strong>.<\/p>\n\n\n\n<p class=\"wp-block-paragraph\">A partir del d\u00eda siguiente,&nbsp;<strong>Miguel \u00c1ngel Cort\u00e9s Angarita<\/strong>, actual profesional s\u00e9nior de Gesti\u00f3n Ambiental de la misma \u00e1rea, quedar\u00e1 encargado de esta vicepresidencia.<\/p>\n\n\n\n<p class=\"wp-block-paragraph\">Tambi\u00e9n dejar\u00e1 su posici\u00f3n&nbsp;<strong>Jaime Andr\u00e9s Garc\u00eda Cuello<\/strong>, actual vicepresidente Administrativo y de Servicios, quien desempe\u00f1ar\u00e1 sus funciones hasta esa fecha.<\/p>\n\n\n\n<p class=\"wp-block-paragraph\">Su reemplazo temporal ser\u00e1&nbsp;<strong>\u00c1lvaro Iv\u00e1n Saavedra Bar\u00f3n<\/strong>, actual gerente de Abastecimiento de Hidrocarburos de Ecopetrol, quien asumir\u00e1 el encargo a partir del&nbsp;<strong>31 de agosto<\/strong>.<\/p>\n\n\n\n<p class=\"wp-block-paragraph\">Otro cambio corresponde a&nbsp;<strong>Diana Marcela Jim\u00e9nez Rodr\u00edguez<\/strong>, directora Corporativa de Relacionamiento Institucional y Comunicaciones, quien permanecer\u00e1 en el cargo hasta el cierre de su periodo.<\/p>\n\n\n\n<p class=\"wp-block-paragraph\">Desde el d\u00eda siguiente,&nbsp;<strong>Juliana Perdomo Valencia<\/strong>, actual comunicadora s\u00e9nior de la misma \u00e1rea, asumir\u00e1 temporalmente la direcci\u00f3n.<\/p>\n\n\n\n<p class=\"wp-block-paragraph\">La reestructuraci\u00f3n tambi\u00e9n alcanza la&nbsp;<strong>Vicepresidencia Corporativa de Estrategia y Nuevos Negocios<\/strong>.&nbsp;<strong>Juli\u00e1n Fernando Lemos Valero<\/strong>, quien actualmente ocupa esa posici\u00f3n, continuar\u00e1 hasta el 30 de agosto.<\/p>\n\n\n\n<p class=\"wp-block-paragraph\">El encargo quedar\u00e1 en manos de&nbsp;<strong>Adri\u00e1n Santiago Coral Pantoja<\/strong>, actual gerente de Nuevos Negocios de Hidrocarburos de la misma \u00e1rea, desde el&nbsp;<strong>31 de agosto<\/strong>.<\/p>\n\n\n\n<p class=\"wp-block-paragraph\">Finalmente,&nbsp;<strong>Felipe Trujillo L\u00f3pez<\/strong>, vicepresidente de Refinaci\u00f3n y Procesos Industriales, dejar\u00e1 sus funciones al t\u00e9rmino de la jornada del 30 de agosto.<\/p>\n\n\n\n<p class=\"wp-block-paragraph\">La posici\u00f3n ser\u00e1 asumida temporalmente por&nbsp;<strong>Ana Carolina R\u00edos Junco<\/strong>, actual ingeniera s\u00e9nior de procesos de la misma \u00e1rea, a partir del d\u00eda siguiente.<\/p>\n\n\n\n<figure class=\"wp-block-image size-full\"><img loading=\"lazy\" decoding=\"async\" width=\"512\" height=\"640\" src=\"https:\/\/elchiq.com\/wp-content\/uploads\/2026\/08\/pUB-mINUTO-COL-45.jpg\" alt=\"\" class=\"wp-image-14285\" srcset=\"https:\/\/elchiq.com\/wp-content\/uploads\/2026\/08\/pUB-mINUTO-COL-45.jpg 512w, https:\/\/elchiq.com\/wp-content\/uploads\/2026\/08\/pUB-mINUTO-COL-45-240x300.jpg 240w\" sizes=\"auto, (max-width: 512px) 100vw, 512px\" \/><\/figure>\n\n\n\n<p class=\"wp-block-paragraph\"><strong>Bloque de preguntas y respuestas<\/strong><\/p>\n\n\n\n<p class=\"wp-block-paragraph\"><strong>\u00bfQu\u00e9 se necesita para cambiar los estatutos de Ecopetrol y renovar su junta directiva?<\/strong><\/p>\n\n\n\n<p class=\"wp-block-paragraph\">El Gobierno deber\u00e1 presentar ante la asamblea extraordinaria una propuesta para modificar el art\u00edculo 20 de los estatutos de Ecopetrol. La reforma tendr\u00e1 que ser sometida a votaci\u00f3n de los asistentes antes de avanzar con la elecci\u00f3n de la nueva plancha de candidatos.<\/p>\n\n\n\n<p class=\"wp-block-paragraph\"><strong>\u00bfQu\u00e9 representantes de la junta directiva de Ecopetrol se mantendr\u00edan tras la renovaci\u00f3n?<\/strong><\/p>\n\n\n\n<p class=\"wp-block-paragraph\">Se mantendr\u00edan los representantes de los departamentos, los fondos de pensiones y los trabajadores. En particular, el representante de los trabajadores conservar\u00eda su posici\u00f3n durante los cuatro a\u00f1os correspondientes a su periodo.<\/p>\n\n\n\n<p class=\"wp-block-paragraph\"><strong>\u00bfCu\u00e1ndo se conocer\u00e1 oficialmente la nueva junta directiva de Ecopetrol?<\/strong><\/p>\n\n\n\n<p class=\"wp-block-paragraph\">La composici\u00f3n definitiva se conocer\u00e1 despu\u00e9s de la asamblea extraordinaria del 15 de septiembre, cuando los accionistas voten la plancha \u00fanica presentada por el Gobierno Nacional. Hasta entonces, algunos nombres permanecen como propuestas preliminares y podr\u00edan estar sujetos a cambios.<\/p>\n\n\n\n<p class=\"wp-block-paragraph\">Lea tambi\u00e9n: entre escombros y esperanza: los rescates que conmueven a Colombia tras el terremoto&nbsp;<a href=\"https:\/\/elchiq.com\/index.php\/2026\/08\/13\/entre-escombros-y-esperanza-los-rescates-que-conmueven-a-colombia-tras-el-terremoto\/\">https:\/\/elchiq.com\/index.php\/2026\/08\/13\/entre-escombros-y-esperanza-los-rescates-que-conmueven-a-colombia-tras-el-terremoto\/<\/a><\/p>\n\n\n\n<p class=\"wp-block-paragraph\">www.elchiq.com https:\/\/www.google.com\/search?q=elchiq&amp;oq=elch&amp;gs_l<\/p>\n\n\n\n<p class=\"wp-block-paragraph\">Escuche la decembrina: https:\/\/ladecembrina.radio12345com\/google_vignette<\/p>\n\n\n\n<p class=\"wp-block-paragraph\">S\u00edganos en Facebook, Instagram, Telegram, Twitch, Discord, Linkedin, Flipboard, Mastodon,YouTube, X, Spotify, TikTok, Bluesky y nuestro canal de WhatsApp, para que reciba noticias de \u00faltima hora y m\u00e1s contenidos<\/p>\n","protected":false},"excerpt":{"rendered":"<p>El Gobierno de Abelardo de la Espriella alista una renovaci\u00f3n de la junta directiva de Ecopetrol, con nuevos nombres y cambios en los estatutos. MinHacienda confirm\u00f3 las fichas que propondr\u00e1. Por: redacci\u00f3n El Colombiano y elchiq.comhttps:\/\/www.google.com\/search?q=elchiq&amp;oq=elch&amp;gs_l El pr\u00f3ximo&nbsp;15 de septiembre&nbsp;se realizar\u00e1 la primera asamblea extraordinaria entre el Gobierno de&nbsp;Abelardo de la Espriella&nbsp;y los accionistas de&nbsp;Ecopetrol, [&hellip;]<\/p>\n","protected":false},"author":2,"featured_media":0,"comment_status":"closed","ping_status":"closed","sticky":false,"template":"","format":"standard","meta":{"footnotes":""},"categories":[1],"tags":[],"class_list":["post-14280","post","type-post","status-publish","format-standard","hentry","category-uncategorized"],"_links":{"self":[{"href":"https:\/\/elchiq.com\/index.php\/wp-json\/wp\/v2\/posts\/14280","targetHints":{"allow":["GET"]}}],"collection":[{"href":"https:\/\/elchiq.com\/index.php\/wp-json\/wp\/v2\/posts"}],"about":[{"href":"https:\/\/elchiq.com\/index.php\/wp-json\/wp\/v2\/types\/post"}],"author":[{"embeddable":true,"href":"https:\/\/elchiq.com\/index.php\/wp-json\/wp\/v2\/users\/2"}],"replies":[{"embeddable":true,"href":"https:\/\/elchiq.com\/index.php\/wp-json\/wp\/v2\/comments?post=14280"}],"version-history":[{"count":1,"href":"https:\/\/elchiq.com\/index.php\/wp-json\/wp\/v2\/posts\/14280\/revisions"}],"predecessor-version":[{"id":14286,"href":"https:\/\/elchiq.com\/index.php\/wp-json\/wp\/v2\/posts\/14280\/revisions\/14286"}],"wp:attachment":[{"href":"https:\/\/elchiq.com\/index.php\/wp-json\/wp\/v2\/media?parent=14280"}],"wp:term":[{"taxonomy":"category","embeddable":true,"href":"https:\/\/elchiq.com\/index.php\/wp-json\/wp\/v2\/categories?post=14280"},{"taxonomy":"post_tag","embeddable":true,"href":"https:\/\/elchiq.com\/index.php\/wp-json\/wp\/v2\/tags?post=14280"}],"curies":[{"name":"wp","href":"https:\/\/api.w.org\/{rel}","templated":true}]}}