{"id":14294,"date":"2026-08-30T08:02:45","date_gmt":"2026-08-30T13:02:45","guid":{"rendered":"https:\/\/elchiq.com\/?p=14294"},"modified":"2026-08-30T08:02:45","modified_gmt":"2026-08-30T13:02:45","slug":"asi-arranco-la-feria-equina-en-chiqinquira-competencias-remates-y-plan-familiar-todo-el-fin-de-semana","status":"publish","type":"post","link":"https:\/\/elchiq.com\/index.php\/2026\/08\/30\/asi-arranco-la-feria-equina-en-chiqinquira-competencias-remates-y-plan-familiar-todo-el-fin-de-semana\/","title":{"rendered":"As\u00ed arranc\u00f3 la Feria Equina en Chiqinquir\u00e1: competencias, remates y plan familiar todo el fin de semana"},"content":{"rendered":"\n<p class=\"wp-block-paragraph\">La jornada de apertura de la Feria Equina se dedic\u00f3 a la categor\u00eda de trocha y galope.<\/p>\n\n\n\n<figure class=\"wp-block-image size-large\"><img loading=\"lazy\" decoding=\"async\" width=\"1024\" height=\"768\" src=\"https:\/\/elchiq.com\/wp-content\/uploads\/2026\/08\/Feria-equina-2026-8-1024x768.jpg\" alt=\"\" class=\"wp-image-14295\" srcset=\"https:\/\/elchiq.com\/wp-content\/uploads\/2026\/08\/Feria-equina-2026-8-1024x768.jpg 1024w, https:\/\/elchiq.com\/wp-content\/uploads\/2026\/08\/Feria-equina-2026-8-300x225.jpg 300w, https:\/\/elchiq.com\/wp-content\/uploads\/2026\/08\/Feria-equina-2026-8-768x576.jpg 768w, https:\/\/elchiq.com\/wp-content\/uploads\/2026\/08\/Feria-equina-2026-8-1536x1152.jpg 1536w, https:\/\/elchiq.com\/wp-content\/uploads\/2026\/08\/Feria-equina-2026-8.jpg 2048w\" sizes=\"auto, (max-width: 1024px) 100vw, 1024px\" \/><\/figure>\n\n\n\n<p class=\"wp-block-paragraph\">Por: redacci\u00f3n elchiq.com<a href=\"https:\/\/www.google.com\/search?q=elchiq&amp;oq=elch&amp;gs_lcrp=EgZjaHJvbWUqDggAEEUYJxg7GIAEGIoFMg4IABBFGCcYOxiABBiKBTIPCAEQLhhDGLEDGIAEGIoFMg8IAhAuGEMYsQMYgAQYigUyBggDEEUYOTIHCAQQABiABDIHCAUQLhiABDIHCAYQABiABDIHCAcQABiABDIJCAgQABgKGIAEMgkICRAAGAoYgATSAQoxNjkwNWowajE1qAIMsAIB8QWjlxl85iD_VA&amp;sourceid=chrome&amp;ie=UTF-8\">https:\/\/www.google.com\/search?q=elchiq&amp;oq=elch&amp;gs_l<\/a><\/p>\n\n\n\n<p class=\"wp-block-paragraph\">La Feria Equina en su&nbsp;<strong>edici\u00f3n106<\/strong>&nbsp;empez\u00f3 este viernes 28 de agosto en Chiquinquir\u00e1 con la llegada de&nbsp;<strong>criaderos de varias regiones del pa\u00eds<\/strong>&nbsp;y las&nbsp;<strong>primeras competencias en pista en Expoferias.<\/strong><\/p>\n\n\n\n<p class=\"wp-block-paragraph\">El evento re\u00fane a decenas de ejemplares del caballo criollo colombiano en distintas modalidades y&nbsp;<strong>se extender\u00e1 hasta este domingo 30 de agosto con programaci\u00f3n diaria de competencias, remates y actividades para el p\u00fablico<\/strong>.<\/p>\n\n\n\n<p class=\"wp-block-paragraph\">La exposici\u00f3n es organizada por la&nbsp;<strong>Asociaci\u00f3n Caballistas Potros<\/strong> y se mantiene como uno de los encuentros equinos m\u00e1s importantes m\u00e1s tradicionales del pa\u00eds.<\/p>\n\n\n\n<figure class=\"wp-block-image size-full\"><img loading=\"lazy\" decoding=\"async\" width=\"512\" height=\"640\" src=\"https:\/\/elchiq.com\/wp-content\/uploads\/2026\/08\/pUB-mINUTO-COL-46.jpg\" alt=\"\" class=\"wp-image-14296\" srcset=\"https:\/\/elchiq.com\/wp-content\/uploads\/2026\/08\/pUB-mINUTO-COL-46.jpg 512w, https:\/\/elchiq.com\/wp-content\/uploads\/2026\/08\/pUB-mINUTO-COL-46-240x300.jpg 240w\" sizes=\"auto, (max-width: 512px) 100vw, 512px\" \/><\/figure>\n\n\n\n<p class=\"wp-block-paragraph\"><strong>Primer d\u00eda en pista<\/strong><\/p>\n\n\n\n<p class=\"wp-block-paragraph\">La jornada inaugural estuvo dedicada a la categor\u00eda de<strong>&nbsp;trocha y galope<\/strong>,&nbsp;<strong>una de las modalidades tradicionales del caballo de paso colombiano<\/strong>. Desde temprano comenzaron a verse en la prepista y en el coliseo los ejemplares tra\u00eddos por criaderos de diferentes regiones, mientras el p\u00fablico observaba las primeras salidas a competencia.<\/p>\n\n\n\n<p class=\"wp-block-paragraph\">Anyelo Mendieta, auxiliar del evento, explic\u00f3 que la Feria re\u00fane criaderos reconocidos y tambi\u00e9n participantes locales.&nbsp;<strong>\u201cTenemos muchos criaderos presentes para que la gente venga y disfrute. El evento empez\u00f3 con la categor\u00eda de trocha y galope y tenemos criaderos invitados como Monteza, Los Pinos, Los Rodriguez y La Alemania, que se suman a varios que nos visitan de la regi\u00f3n cundibiboyacense\u201d<\/strong>.<\/p>\n\n\n\n<p class=\"wp-block-paragraph\"><strong>Caballos, listos para competir<\/strong><\/p>\n\n\n\n<p class=\"wp-block-paragraph\">Entre los participantes est\u00e1 el criadero&nbsp;<strong>Pesebreras Guadalupe<\/strong>, de&nbsp;<strong>Tabio (Cundinamarca)<\/strong>, representado por&nbsp;<strong>Alejandro Becerra<\/strong>, quien lleg\u00f3 a la Feria con&nbsp;<strong>cuatro ejemplares<\/strong>. El criador explic\u00f3 que la preparaci\u00f3n para una competencia equina exige cuidados constantes.<\/p>\n\n\n\n<p class=\"wp-block-paragraph\"><strong>\u201cLos caballos hay que cuidarlos como a un ni\u00f1o, estar pendiente de que el agua est\u00e9 limpia, que tengan buena cama, buena comida y buen entrenamiento para traerlos en buen estado a competir\u201d<\/strong>, coment\u00f3.<\/p>\n\n\n\n<figure class=\"wp-block-image size-large\"><img loading=\"lazy\" decoding=\"async\" width=\"508\" height=\"1024\" src=\"https:\/\/elchiq.com\/wp-content\/uploads\/2026\/08\/Pub-Sorteo-extra-chiq-8-508x1024.jpg\" alt=\"\" class=\"wp-image-14297\" srcset=\"https:\/\/elchiq.com\/wp-content\/uploads\/2026\/08\/Pub-Sorteo-extra-chiq-8-508x1024.jpg 508w, https:\/\/elchiq.com\/wp-content\/uploads\/2026\/08\/Pub-Sorteo-extra-chiq-8-149x300.jpg 149w, https:\/\/elchiq.com\/wp-content\/uploads\/2026\/08\/Pub-Sorteo-extra-chiq-8-768x1548.jpg 768w, https:\/\/elchiq.com\/wp-content\/uploads\/2026\/08\/Pub-Sorteo-extra-chiq-8-762x1536.jpg 762w, https:\/\/elchiq.com\/wp-content\/uploads\/2026\/08\/Pub-Sorteo-extra-chiq-8-1016x2048.jpg 1016w, https:\/\/elchiq.com\/wp-content\/uploads\/2026\/08\/Pub-Sorteo-extra-chiq-8.jpg 1270w\" sizes=\"auto, (max-width: 508px) 100vw, 508px\" \/><\/figure>\n\n\n\n<p class=\"wp-block-paragraph\"><strong>Programaci\u00f3n del fin de semana<\/strong><\/p>\n\n\n\n<p class=\"wp-block-paragraph\">La agenda continuar\u00e1 este viernes 28 de agosto con las competencias de&nbsp;<strong>trote y galope<\/strong>. Para el&nbsp;<strong>s\u00e1bado 29 de agosto<\/strong>&nbsp;est\u00e1n previstas las pruebas de&nbsp;<strong>asnales y mulares<\/strong>&nbsp;y la categor\u00eda de&nbsp;<strong>paso trocha colombiano<\/strong>, adem\u00e1s de un gran<strong>&nbsp;remate equino .<\/strong><\/p>\n\n\n\n<p class=\"wp-block-paragraph\">El&nbsp;<strong>domingo 30 de agosto<\/strong>&nbsp;cerrar\u00e1 la programaci\u00f3n con la competencia de&nbsp;<strong>paso fino&nbsp; colombiano y otro remate.&nbsp;<\/strong>Anyelo Mendieta destac\u00f3 que la Feria tambi\u00e9n busca ser un plan familiar.<strong>&nbsp;\u201cHay actividades para los ni\u00f1os, inflables y espacios para que puedan socializar con los animales. Los menores pueden permanecer hasta las 6:00 de la tarde y los menores de 12 a\u00f1os tienen entrada gratuita\u201d<\/strong>, explic\u00f3.<\/p>\n\n\n\n<p class=\"wp-block-paragraph\"><strong>Comercio y comida<\/strong><\/p>\n\n\n\n<p class=\"wp-block-paragraph\">En la zona comercial del recinto los visitantes encuentran&nbsp;<strong>oferta de comida y bebida<\/strong>, adem\u00e1s de puestos con&nbsp;<strong>accesorios equinos, sombreros, gorras y art\u00edculos relacionados con el mundo del caballo<\/strong>, un espacio que complementa la programaci\u00f3n y permite a los asistentes recorrer la Feria mientras se desarrollan las competencias.<\/p>\n\n\n\n<figure class=\"wp-block-image size-large\"><img loading=\"lazy\" decoding=\"async\" width=\"1024\" height=\"791\" src=\"https:\/\/elchiq.com\/wp-content\/uploads\/2026\/08\/Pub-inm-nuevo-99-1024x791.jpg\" alt=\"\" class=\"wp-image-14298\" srcset=\"https:\/\/elchiq.com\/wp-content\/uploads\/2026\/08\/Pub-inm-nuevo-99-1024x791.jpg 1024w, https:\/\/elchiq.com\/wp-content\/uploads\/2026\/08\/Pub-inm-nuevo-99-300x232.jpg 300w, https:\/\/elchiq.com\/wp-content\/uploads\/2026\/08\/Pub-inm-nuevo-99-767x593.jpg 767w, https:\/\/elchiq.com\/wp-content\/uploads\/2026\/08\/Pub-inm-nuevo-99-1536x1187.jpg 1536w, https:\/\/elchiq.com\/wp-content\/uploads\/2026\/08\/Pub-inm-nuevo-99.jpg 1650w\" sizes=\"auto, (max-width: 1024px) 100vw, 1024px\" \/><\/figure>\n\n\n\n<p class=\"wp-block-paragraph\"><strong>Una Feria A<\/strong><\/p>\n\n\n\n<p class=\"wp-block-paragraph\">La&nbsp;<strong>Feria Equina de Chiquinquir\u00e1 este a\u00f1o es grado AA<\/strong>, lo que significa que es un&nbsp;<strong>evento de alto nivel, avalado por Asociaci\u00f3n de Caballistas de Boyac\u00e1 Potros,<\/strong> que garantiza la participaci\u00f3n de al menos&nbsp;<strong>260 ejemplares extraordinarios<\/strong>,&nbsp;<strong>doble puntuaci\u00f3n para el&nbsp;<em>ranking<\/em>&nbsp;nacional, escenarios de primer nivel y jueces especializados<\/strong>, que lo convierten en una vitrina importante de caballos criollos colombianos.<\/p>\n\n\n\n<p class=\"wp-block-paragraph\"><strong>Nota:&nbsp;<\/strong><\/p>\n\n\n\n<p class=\"wp-block-paragraph\">La edici\u00f3n 106 de la Feria Equina Grado A de Chiquinquir\u00e1 estar\u00e1 abierta al p\u00fablico hasta el domingo 30 de agosto de 9:00 a. m. a 2:00 p. m. Los interesados en asistir es totalmente gratis.<\/p>\n\n\n\n<p class=\"wp-block-paragraph\">Lea tambi\u00e9n: entre escombros y esperanza: los rescates que conmueven a Colombia tras el terremoto&nbsp;<a href=\"https:\/\/elchiq.com\/index.php\/2026\/08\/13\/entre-escombros-y-esperanza-los-rescates-que-conmueven-a-colombia-tras-el-terremoto\/\">https:\/\/elchiq.com\/index.php\/2026\/08\/13\/entre-escombros-y-esperanza-los-rescates-que-conmueven-a-colombia-tras-el-terremoto\/<\/a><\/p>\n\n\n\n<p class=\"wp-block-paragraph\">www.elchiq.com https:\/\/www.google.com\/search?q=elchiq&amp;oq=elch&amp;gs_l<\/p>\n\n\n\n<p class=\"wp-block-paragraph\">Escuche la decembrina: https:\/\/ladecembrina.radio12345com\/google_vignette<\/p>\n\n\n\n<p class=\"wp-block-paragraph\">S\u00edganos en Facebook, Instagram, Telegram, Twitch, Discord, Linkedin, Flipboard, Mastodon,YouTube, X, Spotify, TikTok, Bluesky y nuestro canal de WhatsApp, para que reciba noticias de \u00faltima hora y m\u00e1s contenidos<\/p>\n","protected":false},"excerpt":{"rendered":"<p>La jornada de apertura de la Feria Equina se dedic\u00f3 a la categor\u00eda de trocha y galope. Por: redacci\u00f3n elchiq.comhttps:\/\/www.google.com\/search?q=elchiq&amp;oq=elch&amp;gs_l La Feria Equina en su&nbsp;edici\u00f3n106&nbsp;empez\u00f3 este viernes 28 de agosto en Chiquinquir\u00e1 con la llegada de&nbsp;criaderos de varias regiones del pa\u00eds&nbsp;y las&nbsp;primeras competencias en pista en Expoferias. El evento re\u00fane a decenas de ejemplares del [&hellip;]<\/p>\n","protected":false},"author":2,"featured_media":0,"comment_status":"closed","ping_status":"closed","sticky":false,"template":"","format":"standard","meta":{"footnotes":""},"categories":[1],"tags":[],"class_list":["post-14294","post","type-post","status-publish","format-standard","hentry","category-uncategorized"],"_links":{"self":[{"href":"https:\/\/elchiq.com\/index.php\/wp-json\/wp\/v2\/posts\/14294","targetHints":{"allow":["GET"]}}],"collection":[{"href":"https:\/\/elchiq.com\/index.php\/wp-json\/wp\/v2\/posts"}],"about":[{"href":"https:\/\/elchiq.com\/index.php\/wp-json\/wp\/v2\/types\/post"}],"author":[{"embeddable":true,"href":"https:\/\/elchiq.com\/index.php\/wp-json\/wp\/v2\/users\/2"}],"replies":[{"embeddable":true,"href":"https:\/\/elchiq.com\/index.php\/wp-json\/wp\/v2\/comments?post=14294"}],"version-history":[{"count":1,"href":"https:\/\/elchiq.com\/index.php\/wp-json\/wp\/v2\/posts\/14294\/revisions"}],"predecessor-version":[{"id":14299,"href":"https:\/\/elchiq.com\/index.php\/wp-json\/wp\/v2\/posts\/14294\/revisions\/14299"}],"wp:attachment":[{"href":"https:\/\/elchiq.com\/index.php\/wp-json\/wp\/v2\/media?parent=14294"}],"wp:term":[{"taxonomy":"category","embeddable":true,"href":"https:\/\/elchiq.com\/index.php\/wp-json\/wp\/v2\/categories?post=14294"},{"taxonomy":"post_tag","embeddable":true,"href":"https:\/\/elchiq.com\/index.php\/wp-json\/wp\/v2\/tags?post=14294"}],"curies":[{"name":"wp","href":"https:\/\/api.w.org\/{rel}","templated":true}]}}