{"id":14311,"date":"2026-08-30T11:27:25","date_gmt":"2026-08-30T16:27:25","guid":{"rendered":"https:\/\/elchiq.com\/?p=14311"},"modified":"2026-08-30T11:27:25","modified_gmt":"2026-08-30T16:27:25","slug":"fiscalia-supo-que-grupo-de-escoltas-de-miguel-uribe-podian-ser-complices-46-dias-despues-del-atentado","status":"publish","type":"post","link":"https:\/\/elchiq.com\/index.php\/2026\/08\/30\/fiscalia-supo-que-grupo-de-escoltas-de-miguel-uribe-podian-ser-complices-46-dias-despues-del-atentado\/","title":{"rendered":"\u00a0Fiscal\u00eda supo que grupo de escoltas de Miguel Uribe pod\u00edan ser c\u00f3mplices 46 d\u00edas despu\u00e9s del atentado"},"content":{"rendered":"\n<p class=\"wp-block-paragraph\">De acuerdo con lo consignado en el expediente, alias \u201cChurco\u201d afirm\u00f3 bajo juramento que recib\u00eda transferencias de dinero coordinadas por Sime\u00f3n P\u00e9rez, alias \u201cLa Firma\u201d o \u201cEl Viejo\u201d. Algunos de quienes hicieron el atentado se habr\u00edan comunicado con alguien rotulado como \u201cEscolta del senador\u201d.<\/p>\n\n\n\n<figure class=\"wp-block-image size-full is-resized\"><img loading=\"lazy\" decoding=\"async\" width=\"780\" height=\"565\" src=\"https:\/\/elchiq.com\/wp-content\/uploads\/2026\/08\/image-161.png\" alt=\"\" class=\"wp-image-14312\" style=\"width:899px;height:auto\" srcset=\"https:\/\/elchiq.com\/wp-content\/uploads\/2026\/08\/image-161.png 780w, https:\/\/elchiq.com\/wp-content\/uploads\/2026\/08\/image-161-300x217.png 300w, https:\/\/elchiq.com\/wp-content\/uploads\/2026\/08\/image-161-768x556.png 768w\" sizes=\"auto, (max-width: 780px) 100vw, 780px\" \/><\/figure>\n\n\n\n<p class=\"wp-block-paragraph\">Por: redacci\u00f3n El Colombiano y elchiq.com<a href=\"https:\/\/www.google.com\/search?q=elchiq&amp;oq=elch&amp;gs_lcrp=EgZjaHJvbWUqDggAEEUYJxg7GIAEGIoFMg4IABBFGCcYOxiABBiKBTIPCAEQLhhDGLEDGIAEGIoFMg8IAhAuGEMYsQMYgAQYigUyBggDEEUYOTIHCAQQABiABDIHCAUQLhiABDIHCAYQABiABDIHCAcQABiABDIJCAgQABgKGIAEMgkICRAAGAoYgATSAQoxNjkwNWowajE1qAIMsAIB8QWjlxl85iD_VA&amp;sourceid=chrome&amp;ie=UTF-8\">https:\/\/www.google.com\/search?q=elchiq&amp;oq=elch&amp;gs_l<\/a><\/p>\n\n\n\n<p class=\"wp-block-paragraph\">El expediente por el magnicidio del senador y precandidato presidencial<strong>&nbsp;Miguel Uribe Turbay&nbsp;<\/strong>contiene un hallazgo que pone bajo la lupa el esquema de seguridad que lo proteg\u00eda.<\/p>\n\n\n\n<p class=\"wp-block-paragraph\">Documentos e informes periciales conocidos por EL COLOMBIANO, de dos expedientes del caso, muestran que&nbsp;<strong>un mes y medio despu\u00e9s del atentado del 7 de junio de 2025 la Fiscal\u00eda ya sab\u00eda de primera mano sobre una presunta fuga de informaci\u00f3n desde el c\u00edrculo de protecci\u00f3n del dirigente pol\u00edtico<\/strong>, para facilitar el magnicidio.<\/p>\n\n\n\n<p class=\"wp-block-paragraph\">La pista surgi\u00f3 de la declaraci\u00f3n judicial de quien ese ese momento era menor de edad y cuya identidad revela por primera vez este diario:&nbsp;<strong>Eduardo Jes\u00fas Moreno Medina, conocido como alias Churco<\/strong>, oriundo de Falcom, Venezuela, y quien el pasado 12 de mayo cumpli\u00f3 los 18 a\u00f1os.<\/p>\n\n\n\n<p class=\"wp-block-paragraph\">La diligencia comenz\u00f3 el 23 de julio de 2025 a las 3:35 p.m. en el Comando de la Polic\u00eda Metropolitana de Bogot\u00e1 y fue suspendida a las 5:50 p.m. de ese mismo d\u00eda tras advertirse una presunta autoincriminaci\u00f3n del menor, con el fin de garantizar sus derechos y asignarle un defensor.<\/p>\n\n\n\n<figure class=\"wp-block-image size-full\"><img loading=\"lazy\" decoding=\"async\" width=\"495\" height=\"619\" src=\"https:\/\/elchiq.com\/wp-content\/uploads\/2026\/08\/Pub-Abaco-terremoto-2026-141.jpg\" alt=\"\" class=\"wp-image-14313\" srcset=\"https:\/\/elchiq.com\/wp-content\/uploads\/2026\/08\/Pub-Abaco-terremoto-2026-141.jpg 495w, https:\/\/elchiq.com\/wp-content\/uploads\/2026\/08\/Pub-Abaco-terremoto-2026-141-240x300.jpg 240w\" sizes=\"auto, (max-width: 495px) 100vw, 495px\" \/><\/figure>\n\n\n\n<p class=\"wp-block-paragraph\">Pues bien, la ampliaci\u00f3n de entrevista sigui\u00f3 al otro d\u00eda, 24 de julio, a las 8:00 a.m. En esa misma fecha se registr\u00f3 formalmente su entrega voluntaria ante las autoridades, manteni\u00e9ndose bajo custodia hasta el 25 de julio,&nbsp;<strong>cuando logr\u00f3 evadirse de los funcionarios y fugarse ante los ojos de los polic\u00edas que estaban en la estaci\u00f3n m\u00e1s custodiada de Bogot\u00e1.<\/strong><\/p>\n\n\n\n<p class=\"wp-block-paragraph\">Su declaraci\u00f3n fue explosiva. \u201cChurco\u201d se\u00f1al\u00f3 que Elder Jos\u00e9 Arteaga Hern\u00e1ndez, alias Chipi o \u201cEl Coste\u00f1o\u201d, condenado a 26 a\u00f1os y 3 meses de prisi\u00f3n por su participaci\u00f3n en el magnicidio, no necesitaba depender \u00fanicamente de vigilancias externas:&nbsp;<strong>dec\u00eda tener informaci\u00f3n que proven\u00eda de personas que estaban con el senador y que le permit\u00eda conocer con precisi\u00f3n sus movimientos.<\/strong><\/p>\n\n\n\n<p class=\"wp-block-paragraph\">Seg\u00fan \u201cChurco\u201d, la organizaci\u00f3n conoc\u00eda la residencia de Miguel Uribe, el Toyota TXL blanco y gris en el que se transportaba y las rutas que utilizaba.<\/p>\n\n\n\n<p class=\"wp-block-paragraph\">Pero el dato que convirti\u00f3 esa versi\u00f3n en una de las l\u00edneas m\u00e1s sensibles de la investigaci\u00f3n fue otro:&nbsp;<strong>el menor asegur\u00f3 que \u201cChipi\u201d dec\u00eda tener a varios escoltas \u201cde su parte\u201d.<\/strong><\/p>\n\n\n\n<p class=\"wp-block-paragraph\">Uno de esos supuestos contactos aparec\u00eda guardado en el tel\u00e9fono del cabecilla como&nbsp;<strong>\u201cEscolta del senador\u201d o \u201cEscolta senador\u201d<\/strong>. \u201cChurco\u201d relat\u00f3 que, a finales de mayo de 2025, mientras se encontraba con \u201cChipi\u201d en un taller de motocicletas en Engativ\u00e1, presenci\u00f3 una llamada por WhatsApp a ese n\u00famero.<\/p>\n\n\n\n<p class=\"wp-block-paragraph\">La conversaci\u00f3n dur\u00f3 menos de tres segundos. Una voz masculina respondi\u00f3:&nbsp;<strong>\u201chay manifestaciones\u201d<\/strong>&nbsp;y colg\u00f3. Para el menor, no se trataba de una conversaci\u00f3n casual. Seg\u00fan su declaraci\u00f3n, aquella llamada era una muestra de que la organizaci\u00f3n recib\u00eda informaci\u00f3n en tiempo real sobre las actividades del senador.<\/p>\n\n\n\n<figure class=\"wp-block-image size-full\"><img loading=\"lazy\" decoding=\"async\" width=\"512\" height=\"640\" src=\"https:\/\/elchiq.com\/wp-content\/uploads\/2026\/08\/pUB-mINUTO-COL-48.jpg\" alt=\"\" class=\"wp-image-14314\" srcset=\"https:\/\/elchiq.com\/wp-content\/uploads\/2026\/08\/pUB-mINUTO-COL-48.jpg 512w, https:\/\/elchiq.com\/wp-content\/uploads\/2026\/08\/pUB-mINUTO-COL-48-240x300.jpg 240w\" sizes=\"auto, (max-width: 512px) 100vw, 512px\" \/><\/figure>\n\n\n\n<p class=\"wp-block-paragraph\">La precisi\u00f3n del dato \u2014una alerta sobre la presencia de manifestaciones\u2014 es particularmente uno de los elementos que ahora interesa establecer si pudo provenir de alguien con acceso directo a la agenda y al esquema de protecci\u00f3n de Miguel Uribe. El supuesto informante, adem\u00e1s, no habr\u00eda entregado informaci\u00f3n gratuitamente.<\/p>\n\n\n\n<p class=\"wp-block-paragraph\"><a href=\"https:\/\/www.elcolombiano.com\/internacional\/video-avalancha-nepal-china-inundaciones-desaparecidos-muertos-tragedia-CG40312022\"><\/a><\/p>\n\n\n\n<p class=\"wp-block-paragraph\">\u201cChurco\u201d asegur\u00f3 que recib\u00eda de manera peri\u00f3dica transferencias a cambio de esos reportes. Seg\u00fan el menor,&nbsp;<strong>los pagos eran coordinados por Sime\u00f3n P\u00e9rez Marroqu\u00edn, alias \u201cLa Firma\u201d o \u201cEl Viejo\u201d<\/strong>, condenado a 22 a\u00f1os y 4 meses de prisi\u00f3n y se\u00f1alado como uno de los principales enlaces financieros de la estructura.<\/p>\n\n\n\n<p class=\"wp-block-paragraph\">La investigaci\u00f3n encontr\u00f3 otro elemento que apunta a que la organizaci\u00f3n segu\u00eda de cerca al senador. En el tel\u00e9fono entregado por \u201cChurco\u201d fue recuperada una&nbsp;<strong>fotograf\u00eda de Miguel Uribe tomada durante un evento p\u00fablico.<\/strong><\/p>\n\n\n\n<p class=\"wp-block-paragraph\">El archivo aparece fechado el 29 de mayo de 2025 y estaba almacenado en las carpetas de WhatsApp del dispositivo. La imagen demuestra que, al menos, integrantes de la estructura ten\u00edan material fotogr\u00e1fico del senador d\u00edas antes del atentado.<\/p>\n\n\n\n<p class=\"wp-block-paragraph\">Los seguimientos, sin embargo, se remontaban a\u00fan m\u00e1s atr\u00e1s. El 30 de marzo de 2025, Miguel Uribe particip\u00f3 en una actividad en el sal\u00f3n comunal de la calle 65 Sur #81F-06, en Bosa.<\/p>\n\n\n\n<p class=\"wp-block-paragraph\">Los an\u00e1lisis de tr\u00e1fico de datos y antenas reconstruyeron los movimientos del tel\u00e9fono utilizado por \u201cEl Viejo\u201d: sali\u00f3 del sector de Diana Turbay-La Victoria hacia el suroccidente de Bogot\u00e1 y&nbsp;<strong>permaneci\u00f3 conectado a la antena BOG.BOSA JIM\u00c9NEZ entre las 8:52 de la ma\u00f1ana y las 11:33<\/strong>, en coincidencia con el desarrollo de la actividad pol\u00edtica.<\/p>\n\n\n\n<p class=\"wp-block-paragraph\">Una segunda l\u00ednea telef\u00f3nica tambi\u00e9n registr\u00f3 conexiones en esa misma celda y con diferencias de apenas segundos respecto al tel\u00e9fono atribuido a \u201cEl Viejo\u201d.<\/p>\n\n\n\n<figure class=\"wp-block-image size-large\"><img loading=\"lazy\" decoding=\"async\" width=\"508\" height=\"1024\" src=\"https:\/\/elchiq.com\/wp-content\/uploads\/2026\/08\/Pub-Sorteo-extra-chiq-9-508x1024.jpg\" alt=\"\" class=\"wp-image-14315\" srcset=\"https:\/\/elchiq.com\/wp-content\/uploads\/2026\/08\/Pub-Sorteo-extra-chiq-9-508x1024.jpg 508w, https:\/\/elchiq.com\/wp-content\/uploads\/2026\/08\/Pub-Sorteo-extra-chiq-9-149x300.jpg 149w, https:\/\/elchiq.com\/wp-content\/uploads\/2026\/08\/Pub-Sorteo-extra-chiq-9-768x1548.jpg 768w, https:\/\/elchiq.com\/wp-content\/uploads\/2026\/08\/Pub-Sorteo-extra-chiq-9-762x1536.jpg 762w, https:\/\/elchiq.com\/wp-content\/uploads\/2026\/08\/Pub-Sorteo-extra-chiq-9-1016x2048.jpg 1016w, https:\/\/elchiq.com\/wp-content\/uploads\/2026\/08\/Pub-Sorteo-extra-chiq-9.jpg 1270w\" sizes=\"auto, (max-width: 508px) 100vw, 508px\" \/><\/figure>\n\n\n\n<p class=\"wp-block-paragraph\">Para los investigadores, esos datos, sumados a la fotograf\u00eda hallada en el celular de \u201cChurco\u201d, permiten reconstruir una labor de seguimiento previa al crimen.<\/p>\n\n\n\n<p class=\"wp-block-paragraph\">Y, sobre todo, ayudan a dimensionar por qu\u00e9 resulta relevante determinar si la informaci\u00f3n que recib\u00eda la estructura proven\u00eda de personas ubicadas dentro del c\u00edrculo de protecci\u00f3n.<\/p>\n\n\n\n<p class=\"wp-block-paragraph\">La versi\u00f3n del menor tambi\u00e9n explica c\u00f3mo esa informaci\u00f3n habr\u00eda sido utilizada para planear distintos escenarios de ataque.<strong>&nbsp;Seg\u00fan \u201cChurco\u201d, la organizaci\u00f3n conoc\u00eda incluso la existencia de un camino<\/strong>,&nbsp;<strong>callej\u00f3n o pasillo estrecho cerca de la vivienda del senador<\/strong>&nbsp;por el que este deb\u00eda transitar a pie despu\u00e9s de algunas actividades.<\/p>\n\n\n\n<p class=\"wp-block-paragraph\">La estructura contemplaba utilizar ese punto si no lograba atacarlo durante alguno de sus eventos p\u00fablicos.&nbsp;<strong>La infiltraci\u00f3n, de acuerdo con esa hip\u00f3tesis, no se habr\u00eda limitado a conocer la ubicaci\u00f3n de la v\u00edctima.<\/strong>&nbsp;Tambi\u00e9n habr\u00eda permitido saber cu\u00e1ndo y d\u00f3nde era posible encontrar una ventana de vulnerabilidad en su esquema de seguridad.<\/p>\n\n\n\n<p class=\"wp-block-paragraph\">Esa es una de las razones por las que los investigadores buscan establecer qui\u00e9n estaba detr\u00e1s del contacto identificado como \u201cEscolta del senador\u201d y qu\u00e9 informaci\u00f3n pudo haber entregado.<\/p>\n\n\n\n<p class=\"wp-block-paragraph\">El expediente documenta, adem\u00e1s, que la organizaci\u00f3n intent\u00f3 ejecutar otro plan antes del ataque definitivo. El 3 de junio, cuatro d\u00edas antes del atentado en el parque El Golfito de Modelia,&nbsp;<strong>habr\u00eda intentado utilizar un artefacto explosivo improvisado contra la camioneta del senador.<\/strong><\/p>\n\n\n\n<p class=\"wp-block-paragraph\">Seg\u00fan la reconstrucci\u00f3n incorporada al proceso,&nbsp;<strong>Katherine Andrea Mart\u00ednez, alias \u201cGabriela\u201d o \u201cAndrea\u201d<\/strong>, condenada a 21 a\u00f1os y 2 meses de prisi\u00f3n, transport\u00f3 el artefacto hasta una panader\u00eda en inmediaciones de la calle 33 con avenida Caracas y luego entreg\u00f3 el detonador a \u201cChurco\u201d.<strong>&nbsp;El plan requer\u00eda conocer el momento preciso en que el senador y su veh\u00edculo estuvieran al alcance.<\/strong><\/p>\n\n\n\n<p class=\"wp-block-paragraph\">\u201cChurco\u201d deb\u00eda desplazarse como parrillero en una motocicleta FZ 250 conducida por Erik Josu\u00e9 y&nbsp;<strong>aproximarse a la Toyota TXL para colocar el artefacto. Pero la oportunidad no apareci\u00f3 y el ataque fue abortado.<\/strong><\/p>\n\n\n\n<figure class=\"wp-block-image size-large is-resized\"><img loading=\"lazy\" decoding=\"async\" width=\"1024\" height=\"791\" src=\"https:\/\/elchiq.com\/wp-content\/uploads\/2026\/08\/Calle-del-hambre-2-16-1024x791.jpg\" alt=\"\" class=\"wp-image-14316\" style=\"aspect-ratio:1.2945706666666668;width:682px;height:auto\" srcset=\"https:\/\/elchiq.com\/wp-content\/uploads\/2026\/08\/Calle-del-hambre-2-16-1024x791.jpg 1024w, https:\/\/elchiq.com\/wp-content\/uploads\/2026\/08\/Calle-del-hambre-2-16-300x232.jpg 300w, https:\/\/elchiq.com\/wp-content\/uploads\/2026\/08\/Calle-del-hambre-2-16-767x593.jpg 767w, https:\/\/elchiq.com\/wp-content\/uploads\/2026\/08\/Calle-del-hambre-2-16-1536x1187.jpg 1536w, https:\/\/elchiq.com\/wp-content\/uploads\/2026\/08\/Calle-del-hambre-2-16.jpg 1650w\" sizes=\"auto, (max-width: 1024px) 100vw, 1024px\" \/><\/figure>\n\n\n\n<p class=\"wp-block-paragraph\">Cuatro d\u00edas despu\u00e9s, la estructura cambi\u00f3 de m\u00e9todo y ejecut\u00f3 el atentado con arma de fuego.&nbsp;<strong>Para ese ataque, seg\u00fan el expediente, fue reclutado un menor de 15 a\u00f1os identificado con las iniciales JCSR, alias \u201cTianz\u201d<\/strong>, a quien le ofrecieron 20 millones de pesos.<\/p>\n\n\n\n<p class=\"wp-block-paragraph\">La reconstrucci\u00f3n de las comunicaciones y movimientos previos al crimen vuelve a llevar la investigaci\u00f3n hasta los responsables de la log\u00edstica y, en particular, hasta \u201cEl Viejo\u201d.<\/p>\n\n\n\n<p class=\"wp-block-paragraph\">El 6 de junio, un d\u00eda antes del atentado, los tel\u00e9fonos de Sime\u00f3n P\u00e9rez Marroqu\u00edn y Katherine Andrea Mart\u00ednez registraron coincidencias de ubicaci\u00f3n en Bogot\u00e1.<\/p>\n\n\n\n<p class=\"wp-block-paragraph\">Primero aparecieron conectados a la antena de La Picota y despu\u00e9s a la de La Manuelita, en Suba, donde permanecieron durante varias horas.<\/p>\n\n\n\n<p class=\"wp-block-paragraph\">Seg\u00fan la investigaci\u00f3n, durante ese encuentro \u201cEl Viejo\u201d habr\u00eda entregado a Mart\u00ednez una&nbsp;<strong>pistola Glock 19 calibre 9 mil\u00edmetros, identificada con la serie BPHD405.<\/strong>&nbsp;Al d\u00eda siguiente, alias \u201cChipi\u201d se la habr\u00eda entregado al menor que ejecut\u00f3 el ataque.<\/p>\n\n\n\n<p class=\"wp-block-paragraph\">La secuencia muestra c\u00f3mo la operaci\u00f3n dependi\u00f3 de una cadena log\u00edstica que involucr\u00f3 armas, desplazamientos, comunicaciones y, seg\u00fan la declaraci\u00f3n de \u201cChurco\u201d,<strong>&nbsp;informaci\u00f3n obtenida desde el entorno de seguridad del senador<\/strong>. El ataque ocurri\u00f3 el 7 de junio en el parque El Golfito.<\/p>\n\n\n\n<figure class=\"wp-block-image size-large\"><img loading=\"lazy\" decoding=\"async\" width=\"1024\" height=\"791\" src=\"https:\/\/elchiq.com\/wp-content\/uploads\/2026\/08\/Pub-inm-nuevo-100-1024x791.jpg\" alt=\"\" class=\"wp-image-14317\" srcset=\"https:\/\/elchiq.com\/wp-content\/uploads\/2026\/08\/Pub-inm-nuevo-100-1024x791.jpg 1024w, https:\/\/elchiq.com\/wp-content\/uploads\/2026\/08\/Pub-inm-nuevo-100-300x232.jpg 300w, https:\/\/elchiq.com\/wp-content\/uploads\/2026\/08\/Pub-inm-nuevo-100-767x593.jpg 767w, https:\/\/elchiq.com\/wp-content\/uploads\/2026\/08\/Pub-inm-nuevo-100-1536x1187.jpg 1536w, https:\/\/elchiq.com\/wp-content\/uploads\/2026\/08\/Pub-inm-nuevo-100.jpg 1650w\" sizes=\"auto, (max-width: 1024px) 100vw, 1024px\" \/><\/figure>\n\n\n\n<p class=\"wp-block-paragraph\">La reacci\u00f3n del esquema de protecci\u00f3n permiti\u00f3 perseguir y reducir al menor que dispar\u00f3 contra Miguel Uribe. Un escolta de la Unidad Nacional de Protecci\u00f3n (UNP) respondi\u00f3 al ataque y recuper\u00f3 el arma utilizada.<\/p>\n\n\n\n<p class=\"wp-block-paragraph\">Este hecho tambi\u00e9n hace m\u00e1s relevante la pregunta que permanece abierta en el expediente: si alguien dentro del esquema entregaba informaci\u00f3n a los criminales,<strong>&nbsp;\u00bfqu\u00e9 tipo de datos proporcionaba y hasta d\u00f3nde lleg\u00f3 esa supuesta colaboraci\u00f3n?<\/strong><\/p>\n\n\n\n<p class=\"wp-block-paragraph\"><strong>\u00bfEl escolta y las antenas?<\/strong><\/p>\n\n\n\n<p class=\"wp-block-paragraph\">La investigaci\u00f3n judicial a la que accedi\u00f3 EL COLOMBIANO encontr\u00f3 adem\u00e1s un mecanismo para eliminar posibles cabos sueltos. Seg\u00fan interceptaciones posteriores y declaraciones incorporadas al proceso, alias \u201cChipi\u201d y William Fernando Gonz\u00e1lez Cruz, alias \u201cEl Hermano\u201d, condenado a 21 a\u00f1os y 9 meses de prisi\u00f3n,&nbsp;<strong>habr\u00edan planeado trasladar a \u201cChurco\u201d hacia Caquet\u00e1 para asesinarlo.<\/strong>&nbsp;Dentro de la estructura, esa pr\u00e1ctica era denominada \u201csacar la basura\u201d.<\/p>\n\n\n\n<p class=\"wp-block-paragraph\">El plan, seg\u00fan la investigaci\u00f3n, buscaba eliminar a un potencial testigo y evitar el pago de los 20 millones de pesos prometidos por el asesinato.<\/p>\n\n\n\n<p class=\"wp-block-paragraph\"><strong>\u201cChurco\u201d, sin embargo, se fug\u00f3 el 25 de julio de 2025,<\/strong>&nbsp;dos d\u00edas despu\u00e9s de su primera declaraci\u00f3n ante las autoridades, y posteriormente los investigadores establecieron que continu\u00f3 teniendo contacto con integrantes de la organizaci\u00f3n.<\/p>\n\n\n\n<p class=\"wp-block-paragraph\">El expediente describe a esta estructura, conocida entre los mismos delincuentes del caso como \u201cPlata o Plomo\u201d o \u201cAmantes del Billete\u201d,&nbsp;<strong>como una organizaci\u00f3n urbana vinculada con remanentes de antiguas bandas del Bronx de Bogot\u00e1<\/strong>&nbsp;y con una alta capacidad para ejecutar operaciones complejas mediante una modalidad de subcontrataci\u00f3n de sicarios.<\/p>\n\n\n\n<p class=\"wp-block-paragraph\">La hip\u00f3tesis central de la Fiscal\u00eda sostiene que el magnicidio del senador y precandidato presidencial Uribe Turbay no fue un hecho delictivo aislado, sino una operaci\u00f3n criminal de alto impacto&nbsp;<strong>cuya orden provino directamente de la m\u00e1xima c\u00fapula de la disidencia de las Farc conocida como la Segunda Marquetalia.<\/strong><\/p>\n\n\n\n<p class=\"wp-block-paragraph\">Seg\u00fan los investigadores y las confesiones recopiladas dentro del proceso, la instrucci\u00f3n del ataque fue impartida por el m\u00e1ximo cabecilla del grupo armado,&nbsp;<strong>Luciano Mar\u00edn Arango, alias \u201cIv\u00e1n M\u00e1rquez\u201d, y coordinada en el terreno y a nivel log\u00edstico por su mano derecha y jefe militar, Jos\u00e9 Manuel Sierra Sabogal, alias \u201cZarco Aldinever\u201d.<\/strong><\/p>\n\n\n\n<p class=\"wp-block-paragraph\">Las pesquisas de la justicia \u2014que ya han derivado en \u00f3rdenes de captura internacionales contra estos l\u00edderes criminales que se esconder\u00edan en Venezuela\u2014 determinaron que el nexo jer\u00e1rquico se ejecut\u00f3 a trav\u00e9s de mandos de confianza de la organizaci\u00f3n como G\u00e9ner Garc\u00eda Molina,&nbsp;<strong>alias \u201cJhon 40\u201d<\/strong>, y mandos medios como Kendry T\u00e9llez, alias \u201cYako\u201d, un exguerrillero reincorporado encargado de activar los contactos con bandas de la delincuencia urbana para materializar el atentado en Bogot\u00e1 a trav\u00e9s de alias \u201cEl Viejo\u201d.<\/p>\n\n\n\n<p class=\"wp-block-paragraph\">Esta l\u00ednea de mando se conecta directamente con la informaci\u00f3n publicada por&nbsp;<em>Noticias RCN<\/em>, que exponen c\u00f3mo&nbsp;<strong>el rastreo de antenas de telefon\u00eda celular y la geolocalizaci\u00f3n de celdas telef\u00f3nicas permitieron descubrir dos posibles reuniones entre dos escoltas asignados al legislador y el enlace principal del complot criminal en la ciudad, Sime\u00f3n P\u00e9rez Marroqu\u00edn, \u201cEl Viejo\u201d<\/strong>, quien ya fue condenado tras admitir que la organizaci\u00f3n pag\u00f3 una millonaria suma de hasta 1.000 millones de pesos por el asesinato.<\/p>\n\n\n\n<p class=\"wp-block-paragraph\">El primer encuentro habr\u00eda ocurrido el 29 de enero de 2025 en el sector de Modelia, en el occidente de Bogot\u00e1 \u2014el mismo sitio del posterior atentado\u2014, donde los tel\u00e9fonos de los escoltas y el del coordinador criminal se movieron juntos en un mismo veh\u00edculo mientras Miguel Uribe viajaba a Panam\u00e1 y su esposa a Miami.<\/p>\n\n\n\n<p class=\"wp-block-paragraph\">La segunda coincidencia t\u00e9cnica se registr\u00f3 a principios de abril de 2025 en las inmediaciones del Congreso, en momentos en que el precandidato se encontraba en Cali.<\/p>\n\n\n\n<figure class=\"wp-block-image size-large is-resized\"><img loading=\"lazy\" decoding=\"async\" width=\"1024\" height=\"791\" src=\"https:\/\/elchiq.com\/wp-content\/uploads\/2026\/08\/PUB-HENO-1-6-1024x791.jpg\" alt=\"\" class=\"wp-image-14318\" style=\"aspect-ratio:1.2945706666666668;width:663px;height:auto\" srcset=\"https:\/\/elchiq.com\/wp-content\/uploads\/2026\/08\/PUB-HENO-1-6-1024x791.jpg 1024w, https:\/\/elchiq.com\/wp-content\/uploads\/2026\/08\/PUB-HENO-1-6-300x232.jpg 300w, https:\/\/elchiq.com\/wp-content\/uploads\/2026\/08\/PUB-HENO-1-6-767x593.jpg 767w, https:\/\/elchiq.com\/wp-content\/uploads\/2026\/08\/PUB-HENO-1-6-1536x1187.jpg 1536w, https:\/\/elchiq.com\/wp-content\/uploads\/2026\/08\/PUB-HENO-1-6.jpg 1650w\" sizes=\"auto, (max-width: 1024px) 100vw, 1024px\" \/><\/figure>\n\n\n\n<p class=\"wp-block-paragraph\">El coraz\u00f3n de lo revelado sobre la posible relaci\u00f3n de la escolta con los sicarios est\u00e1 en la certeza de la infiltraci\u00f3n. La investigaci\u00f3n no solo busca establecer qui\u00e9nes contrataron, financiaron y ejecutaron el magnicidio de Miguel Uribe.<\/p>\n\n\n\n<p class=\"wp-block-paragraph\">Tambi\u00e9n intenta determinar el alcance real de c\u00f3mo la organizaci\u00f3n logr\u00f3 penetrar su esquema de seguridad y utilizar a integrantes de ese c\u00edrculo \u00edntimo como fuente de informaci\u00f3n para anticiparse a cada uno de sus movimientos.<\/p>\n\n\n\n<p class=\"wp-block-paragraph\">La gravedad de la situaci\u00f3n escal\u00f3 a niveles alarmantes cuando se constat\u00f3 que&nbsp;<strong>estos dos escoltas bajo sospecha segu\u00edan asignados a la protecci\u00f3n de la viuda, Mar\u00eda Claudia Tarazona<\/strong>, despu\u00e9s del ataque, quien declar\u00f3 ante la opini\u00f3n p\u00fablica que siempre sospech\u00f3 de una traici\u00f3n interna debido a la extrema precisi\u00f3n con la que actuaron los asesinos.<\/p>\n\n\n\n<p class=\"wp-block-paragraph\">Producto de esta posible infiltraci\u00f3n, este viernes pasado Tarazona confirm\u00f3 en sus redes sociales que su esquema de protecci\u00f3n hab\u00eda sido reemplazado totalmente.<\/p>\n\n\n\n<p class=\"wp-block-paragraph\">\u201cEl esquema de seguridad de mi familia ha sido cambiado. Les doy las gracias a cada uno de los polic\u00edas y miembros de la UNP que, con entrega y valent\u00eda, me acompa\u00f1aron el \u00faltimo a\u00f1o. Los hechos que anunci\u00f3 recientemente la Fiscal\u00eda nos obligan a tomar estas medidas, aun sabiendo que la inmensa mayor\u00eda de los funcionarios son hombres y mujeres excepcionales. Gracias a la Polic\u00eda Nacional y a la Unidad Nacional de Protecci\u00f3n\u201d, escribi\u00f3 Tarazona en su red social X.<\/p>\n\n\n\n<p class=\"wp-block-paragraph\">Por ahora, aunque la complicidad de uno o varios escoltas avanza en su respectivo proceso de validaci\u00f3n jur\u00eddica, las pruebas son cada vez m\u00e1s concluyentes y la Fiscal\u00eda lo supo mes y medio despu\u00e9s del atentado a Miguel Uribe Turbay sin conocerse resultado alguno en este sentido pese a la existencia de una declaraci\u00f3n directa de un integrante de la estructura criminal, una serie de datos de geolocalizaci\u00f3n t\u00e9cnica plenamente contrastados, y el hallazgo en los dispositivos incautados a la banda de un contacto telef\u00f3nico guardado expl\u00edcitamente como \u201cEscolta del senador\u201d.<\/p>\n\n\n\n<p class=\"wp-block-paragraph\">Fuentes de la Fiscal\u00eda le contaron a EL COLOMBIANO que esta siempre ha sido \u201cuna l\u00ednea investigativa\u201d que nunca se ha descartado y que se han dispuesto de varias actividades de polic\u00eda judicial porque no se puede actuar a la ligera como agencia fiscal.&nbsp;<strong>\u201cCualquier conclusi\u00f3n a la que se llegue, debe ser sustentada en evidencia\u201d<\/strong>, agregaron las fuentes.<\/p>\n\n\n\n<p class=\"wp-block-paragraph\"><strong><u>Bloque de preguntas y respuestas<\/u><\/strong><\/p>\n\n\n\n<p class=\"wp-block-paragraph\"><strong>\u00bfC\u00f3mo rastrea la Fiscal\u00eda la complicidad en esquemas de seguridad?<\/strong><\/p>\n\n\n\n<p class=\"wp-block-paragraph\">La investigaci\u00f3n cruza la geolocalizaci\u00f3n de celdas telef\u00f3nicas, la extracci\u00f3n pericial de conversaciones en mensajer\u00eda encriptada y testimonios de procesados para comprobar si hubo entrega no autorizada de itinerarios a estructuras delictivas.<\/p>\n\n\n\n<p class=\"wp-block-paragraph\"><strong>\u00bfQu\u00e9 penas enfrentan quienes filtren informaci\u00f3n de un esquema de protecci\u00f3n?<\/strong><\/p>\n\n\n\n<p class=\"wp-block-paragraph\">Seg\u00fan el C\u00f3digo Penal colombiano, la complicidad en magnicidio o homicidio agravado, sumada a la revelaci\u00f3n de secreto institucional o abuso de confianza, conlleva penas superiores a 40 a\u00f1os de prisi\u00f3n y desvinculaci\u00f3n inmediata.<\/p>\n\n\n\n<p class=\"wp-block-paragraph\"><strong>\u00bfQu\u00e9 autoridad eval\u00faa el riesgo de esquemas de protecci\u00f3n en Colombia?<\/strong><\/p>\n\n\n\n<p class=\"wp-block-paragraph\">La Unidad Nacional de Protecci\u00f3n (UNP), en coordinaci\u00f3n con la Polic\u00eda Nacional y la Fiscal\u00eda, eval\u00faa peri\u00f3dicamente el nivel de amenaza de protegidos y determina la rotaci\u00f3n o retiro preventivo de personal de custodia.<\/p>\n\n\n\n<p class=\"wp-block-paragraph\">Lea tambi\u00e9n: entre escombros y esperanza: los rescates que conmueven a Colombia tras el terremoto&nbsp;<a href=\"https:\/\/elchiq.com\/index.php\/2026\/08\/13\/entre-escombros-y-esperanza-los-rescates-que-conmueven-a-colombia-tras-el-terremoto\/\">https:\/\/elchiq.com\/index.php\/2026\/08\/13\/entre-escombros-y-esperanza-los-rescates-que-conmueven-a-colombia-tras-el-terremoto\/<\/a><\/p>\n\n\n\n<p class=\"wp-block-paragraph\">www.elchiq.com https:\/\/www.google.com\/search?q=elchiq&amp;oq=elch&amp;gs_l<\/p>\n\n\n\n<p class=\"wp-block-paragraph\">Escuche la decembrina: https:\/\/ladecembrina.radio12345com\/google_vignette<\/p>\n\n\n\n<p class=\"wp-block-paragraph\">S\u00edganos en Facebook, Instagram, Telegram, Twitch, Discord, Linkedin, Flipboard, Mastodon,YouTube, X, Spotify, TikTok, Bluesky y nuestro canal de WhatsApp, para que reciba noticias de \u00faltima hora y m\u00e1s contenidos<\/p>\n","protected":false},"excerpt":{"rendered":"<p>De acuerdo con lo consignado en el expediente, alias \u201cChurco\u201d afirm\u00f3 bajo juramento que recib\u00eda transferencias de dinero coordinadas por Sime\u00f3n P\u00e9rez, alias \u201cLa Firma\u201d o \u201cEl Viejo\u201d. Algunos de quienes hicieron el atentado se habr\u00edan comunicado con alguien rotulado como \u201cEscolta del senador\u201d. Por: redacci\u00f3n El Colombiano y elchiq.comhttps:\/\/www.google.com\/search?q=elchiq&amp;oq=elch&amp;gs_l El expediente por el magnicidio [&hellip;]<\/p>\n","protected":false},"author":2,"featured_media":0,"comment_status":"closed","ping_status":"closed","sticky":false,"template":"","format":"standard","meta":{"footnotes":""},"categories":[1],"tags":[],"class_list":["post-14311","post","type-post","status-publish","format-standard","hentry","category-uncategorized"],"_links":{"self":[{"href":"https:\/\/elchiq.com\/index.php\/wp-json\/wp\/v2\/posts\/14311","targetHints":{"allow":["GET"]}}],"collection":[{"href":"https:\/\/elchiq.com\/index.php\/wp-json\/wp\/v2\/posts"}],"about":[{"href":"https:\/\/elchiq.com\/index.php\/wp-json\/wp\/v2\/types\/post"}],"author":[{"embeddable":true,"href":"https:\/\/elchiq.com\/index.php\/wp-json\/wp\/v2\/users\/2"}],"replies":[{"embeddable":true,"href":"https:\/\/elchiq.com\/index.php\/wp-json\/wp\/v2\/comments?post=14311"}],"version-history":[{"count":1,"href":"https:\/\/elchiq.com\/index.php\/wp-json\/wp\/v2\/posts\/14311\/revisions"}],"predecessor-version":[{"id":14319,"href":"https:\/\/elchiq.com\/index.php\/wp-json\/wp\/v2\/posts\/14311\/revisions\/14319"}],"wp:attachment":[{"href":"https:\/\/elchiq.com\/index.php\/wp-json\/wp\/v2\/media?parent=14311"}],"wp:term":[{"taxonomy":"category","embeddable":true,"href":"https:\/\/elchiq.com\/index.php\/wp-json\/wp\/v2\/categories?post=14311"},{"taxonomy":"post_tag","embeddable":true,"href":"https:\/\/elchiq.com\/index.php\/wp-json\/wp\/v2\/tags?post=14311"}],"curies":[{"name":"wp","href":"https:\/\/api.w.org\/{rel}","templated":true}]}}