{"id":14320,"date":"2026-08-30T23:52:37","date_gmt":"2026-08-31T04:52:37","guid":{"rendered":"https:\/\/elchiq.com\/?p=14320"},"modified":"2026-08-30T23:52:37","modified_gmt":"2026-08-31T04:52:37","slug":"gobierno-congela-precios-de-la-gasolina-y-el-acpm-durante-septiembre-de-2026","status":"publish","type":"post","link":"https:\/\/elchiq.com\/index.php\/2026\/08\/30\/gobierno-congela-precios-de-la-gasolina-y-el-acpm-durante-septiembre-de-2026\/","title":{"rendered":"Gobierno congela precios de la gasolina y el ACPM durante septiembre de 2026"},"content":{"rendered":"\n<figure class=\"wp-block-image size-full is-resized\"><img loading=\"lazy\" decoding=\"async\" width=\"696\" height=\"430\" src=\"https:\/\/elchiq.com\/wp-content\/uploads\/2026\/08\/image-162.png\" alt=\"\" class=\"wp-image-14321\" style=\"aspect-ratio:1.6186271303463062;width:879px;height:auto\" srcset=\"https:\/\/elchiq.com\/wp-content\/uploads\/2026\/08\/image-162.png 696w, https:\/\/elchiq.com\/wp-content\/uploads\/2026\/08\/image-162-300x185.png 300w\" sizes=\"auto, (max-width: 696px) 100vw, 696px\" \/><\/figure>\n\n\n\n<p class=\"wp-block-paragraph\">Por: redacci\u00f3n La Libertad y elchiq.com<a href=\"https:\/\/www.google.com\/search?q=elchiq&amp;oq=elch&amp;gs_lcrp=EgZjaHJvbWUqDggAEEUYJxg7GIAEGIoFMg4IABBFGCcYOxiABBiKBTIPCAEQLhhDGLEDGIAEGIoFMg8IAhAuGEMYsQMYgAQYigUyBggDEEUYOTIHCAQQABiABDIHCAUQLhiABDIHCAYQABiABDIHCAcQABiABDIJCAgQABgKGIAEMgkICRAAGAoYgATSAQoxNjkwNWowajE1qAIMsAIB8QWjlxl85iD_VA&amp;sourceid=chrome&amp;ie=UTF-8\">https:\/\/www.google.com\/search?q=elchiq&amp;oq=elch&amp;gs_l<\/a><\/p>\n\n\n\n<p class=\"wp-block-paragraph\"><strong>Los ministerios de Hacienda y Minas y Energ\u00eda decidieron mantener sin aumentos los precios de la gasolina corriente y el ACPM durante septiembre, teniendo en cuenta el impacto del terremoto en las familias afectadas.<\/strong><\/p>\n\n\n\n<p class=\"wp-block-paragraph\">El Gobierno Nacional decidi\u00f3&nbsp;<strong>no aumentar los precios de la gasolina corriente ni del ACPM durante septiembre de 2026<\/strong>, como una medida orientada a tener en cuenta la situaci\u00f3n econ\u00f3mica de las familias afectadas por el terremoto ocurrido el pasado&nbsp;<strong>10 de agosto<\/strong>.<\/p>\n\n\n\n<p class=\"wp-block-paragraph\">La decisi\u00f3n fue adoptada conjuntamente por los&nbsp;<strong>ministerios de Hacienda y Cr\u00e9dito P\u00fablico y de Minas y Energ\u00eda<\/strong>, que determinaron mantener estables los precios de estos combustibles durante el pr\u00f3ximo mes.<\/p>\n\n\n\n<figure class=\"wp-block-image size-full\"><img loading=\"lazy\" decoding=\"async\" width=\"495\" height=\"619\" src=\"https:\/\/elchiq.com\/wp-content\/uploads\/2026\/08\/Pub-Abaco-terremoto-2026-142.jpg\" alt=\"\" class=\"wp-image-14322\" srcset=\"https:\/\/elchiq.com\/wp-content\/uploads\/2026\/08\/Pub-Abaco-terremoto-2026-142.jpg 495w, https:\/\/elchiq.com\/wp-content\/uploads\/2026\/08\/Pub-Abaco-terremoto-2026-142-240x300.jpg 240w\" sizes=\"auto, (max-width: 495px) 100vw, 495px\" \/><\/figure>\n\n\n\n<h2 class=\"wp-block-heading\"><strong>Gasolina y ACPM no subir\u00e1n en septiembre<\/strong><\/h2>\n\n\n\n<p class=\"wp-block-paragraph\">Durante septiembre de 2026, los consumidores no tendr\u00e1n un incremento en el precio de la&nbsp;<strong>gasolina corriente<\/strong>&nbsp;ni del&nbsp;<strong>ACPM<\/strong>, de acuerdo con la decisi\u00f3n anunciada por el Gobierno.<\/p>\n\n\n\n<p class=\"wp-block-paragraph\">La medida busca evitar una presi\u00f3n adicional sobre los hogares en un momento marcado por las consecuencias econ\u00f3micas y sociales derivadas del terremoto del 10 de agosto.<\/p>\n\n\n\n<p class=\"wp-block-paragraph\">El Gobierno tuvo en cuenta especialmente la situaci\u00f3n de las familias que resultaron afectadas por la emergencia.<\/p>\n\n\n\n<h2 class=\"wp-block-heading\"><strong>Gobierno tiene en cuenta a las familias afectadas por el terremoto<\/strong><\/h2>\n\n\n\n<p class=\"wp-block-paragraph\">La decisi\u00f3n de mantener congelados los precios de los combustibles se conoce en medio de las medidas que se han planteado para atender las consecuencias del terremoto.<\/p>\n\n\n\n<p class=\"wp-block-paragraph\">El Ejecutivo se\u00f1al\u00f3 que la situaci\u00f3n de las familias afectadas fue uno de los elementos considerados para definir la&nbsp;<a href=\"https:\/\/diariolalibertad.com\/2026\/08\/30\/gobierno-congela-precios-de-la-gasolina-y-el-acpm-durante-septiembre-de-2026\/\">&nbsp;pol\u00edtica<\/a>&nbsp;de precios durante septiembre.<\/p>\n\n\n\n<figure class=\"wp-block-image size-large is-resized\"><img loading=\"lazy\" decoding=\"async\" width=\"1024\" height=\"791\" src=\"https:\/\/elchiq.com\/wp-content\/uploads\/2026\/08\/publ-lote-30-1024x791.jpg\" alt=\"\" class=\"wp-image-14323\" style=\"aspect-ratio:1.2945706666666668;width:672px;height:auto\" srcset=\"https:\/\/elchiq.com\/wp-content\/uploads\/2026\/08\/publ-lote-30-1024x791.jpg 1024w, https:\/\/elchiq.com\/wp-content\/uploads\/2026\/08\/publ-lote-30-300x232.jpg 300w, https:\/\/elchiq.com\/wp-content\/uploads\/2026\/08\/publ-lote-30-767x593.jpg 767w, https:\/\/elchiq.com\/wp-content\/uploads\/2026\/08\/publ-lote-30-1536x1187.jpg 1536w, https:\/\/elchiq.com\/wp-content\/uploads\/2026\/08\/publ-lote-30.jpg 1650w\" sizes=\"auto, (max-width: 1024px) 100vw, 1024px\" \/><\/figure>\n\n\n\n<p class=\"wp-block-paragraph\">Mantener sin modificaciones el valor de la gasolina y el ACPM busca evitar que los hogares enfrenten un incremento adicional en sus gastos durante este periodo.<\/p>\n\n\n\n<h2 class=\"wp-block-heading\"><strong>\u00bfQu\u00e9 combustibles mantendr\u00e1n su precio?<\/strong><\/h2>\n\n\n\n<p class=\"wp-block-paragraph\">La decisi\u00f3n aplica a dos de los principales combustibles utilizados en el pa\u00eds:<\/p>\n\n\n\n<ul class=\"wp-block-list\">\n<li><strong>Gasolina corriente<\/strong><\/li>\n\n\n\n<li><strong>ACPM<\/strong><\/li>\n<\/ul>\n\n\n\n<p class=\"wp-block-paragraph\">Por lo tanto, durante septiembre no se aplicar\u00e1 un aumento en los precios de estos combustibles como consecuencia de la decisi\u00f3n adoptada por los ministerios.<\/p>\n\n\n\n<h2 class=\"wp-block-heading\"><strong>\u00bfPor qu\u00e9 no subir\u00e1n los precios?<\/strong><\/h2>\n\n\n\n<p class=\"wp-block-paragraph\">Seg\u00fan la informaci\u00f3n entregada por el Gobierno, la determinaci\u00f3n responde especialmente a la situaci\u00f3n que atraviesan las familias afectadas por el\u00a0<strong>terremoto del pasado 10 de agosto<\/strong>.<\/p>\n\n\n\n<p class=\"wp-block-paragraph\">La medida permitir\u00e1 que los consumidores no reciban un incremento en el costo de estos combustibles durante el mes.<\/p>\n\n\n\n<h2 class=\"wp-block-heading\"><strong>La decisi\u00f3n aplica durante septiembre de 2026<\/strong><\/h2>\n\n\n\n<p class=\"wp-block-paragraph\">El congelamiento de los precios corresponde espec\u00edficamente al mes de&nbsp;<strong>septiembre de 2026<\/strong>.<\/p>\n\n\n\n<p class=\"wp-block-paragraph\">Esto significa que la decisi\u00f3n no establece necesariamente cu\u00e1l ser\u00e1 el comportamiento de los precios en los meses posteriores.<\/p>\n\n\n\n<figure class=\"wp-block-image size-large\"><img loading=\"lazy\" decoding=\"async\" width=\"508\" height=\"1024\" src=\"https:\/\/elchiq.com\/wp-content\/uploads\/2026\/08\/Pub-Sorteo-extra-chiq-10-508x1024.jpg\" alt=\"\" class=\"wp-image-14324\" srcset=\"https:\/\/elchiq.com\/wp-content\/uploads\/2026\/08\/Pub-Sorteo-extra-chiq-10-508x1024.jpg 508w, https:\/\/elchiq.com\/wp-content\/uploads\/2026\/08\/Pub-Sorteo-extra-chiq-10-149x300.jpg 149w, https:\/\/elchiq.com\/wp-content\/uploads\/2026\/08\/Pub-Sorteo-extra-chiq-10-768x1548.jpg 768w, https:\/\/elchiq.com\/wp-content\/uploads\/2026\/08\/Pub-Sorteo-extra-chiq-10-762x1536.jpg 762w, https:\/\/elchiq.com\/wp-content\/uploads\/2026\/08\/Pub-Sorteo-extra-chiq-10-1016x2048.jpg 1016w, https:\/\/elchiq.com\/wp-content\/uploads\/2026\/08\/Pub-Sorteo-extra-chiq-10.jpg 1270w\" sizes=\"auto, (max-width: 508px) 100vw, 508px\" \/><\/figure>\n\n\n\n<p class=\"wp-block-paragraph\">Las autoridades podr\u00e1n evaluar nuevamente las condiciones econ\u00f3micas y del mercado antes de adoptar las decisiones correspondientes para los siguientes periodos.<\/p>\n\n\n\n<p class=\"wp-block-paragraph\">El Gobierno Nacional decidi\u00f3&nbsp;<strong>mantener sin aumentos los precios de la gasolina corriente y el ACPM durante septiembre de 2026<\/strong>.<\/p>\n\n\n\n<p class=\"wp-block-paragraph\">La decisi\u00f3n fue tomada de manera conjunta por los ministerios de Hacienda y de Minas y Energ\u00eda, teniendo especialmente en cuenta la situaci\u00f3n de las familias afectadas por el&nbsp;<strong>terremoto del 10 de agosto<\/strong>.<\/p>\n\n\n\n<p class=\"wp-block-paragraph\">Por ahora, los precios de estos combustibles permanecer\u00e1n estables durante septiembre, mientras el Gobierno contin\u00faa evaluando las condiciones econ\u00f3micas del pa\u00eds.<\/p>\n\n\n\n<p class=\"wp-block-paragraph\">Lea tambi\u00e9n: entre escombros y esperanza: los rescates que conmueven a Colombia tras el terremoto&nbsp;<a href=\"https:\/\/elchiq.com\/index.php\/2026\/08\/13\/entre-escombros-y-esperanza-los-rescates-que-conmueven-a-colombia-tras-el-terremoto\/\">https:\/\/elchiq.com\/index.php\/2026\/08\/13\/entre-escombros-y-esperanza-los-rescates-que-conmueven-a-colombia-tras-el-terremoto\/<\/a><\/p>\n\n\n\n<p class=\"wp-block-paragraph\">www.elchiq.com https:\/\/www.google.com\/search?q=elchiq&amp;oq=elch&amp;gs_l<\/p>\n\n\n\n<p class=\"wp-block-paragraph\">Escuche la decembrina: https:\/\/ladecembrina.radio12345com\/google_vignette<\/p>\n\n\n\n<p class=\"wp-block-paragraph\">S\u00edganos en Facebook, Instagram, Telegram, Twitch, Discord, Linkedin, Flipboard, Mastodon,YouTube, X, Spotify, TikTok, Bluesky y nuestro canal de WhatsApp, para que reciba noticias de \u00faltima hora y m\u00e1s contenidos<\/p>\n","protected":false},"excerpt":{"rendered":"<p>Por: redacci\u00f3n La Libertad y elchiq.comhttps:\/\/www.google.com\/search?q=elchiq&amp;oq=elch&amp;gs_l Los ministerios de Hacienda y Minas y Energ\u00eda decidieron mantener sin aumentos los precios de la gasolina corriente y el ACPM durante septiembre, teniendo en cuenta el impacto del terremoto en las familias afectadas. El Gobierno Nacional decidi\u00f3&nbsp;no aumentar los precios de la gasolina corriente ni del ACPM durante [&hellip;]<\/p>\n","protected":false},"author":2,"featured_media":0,"comment_status":"closed","ping_status":"closed","sticky":false,"template":"","format":"standard","meta":{"footnotes":""},"categories":[1],"tags":[],"class_list":["post-14320","post","type-post","status-publish","format-standard","hentry","category-uncategorized"],"_links":{"self":[{"href":"https:\/\/elchiq.com\/index.php\/wp-json\/wp\/v2\/posts\/14320","targetHints":{"allow":["GET"]}}],"collection":[{"href":"https:\/\/elchiq.com\/index.php\/wp-json\/wp\/v2\/posts"}],"about":[{"href":"https:\/\/elchiq.com\/index.php\/wp-json\/wp\/v2\/types\/post"}],"author":[{"embeddable":true,"href":"https:\/\/elchiq.com\/index.php\/wp-json\/wp\/v2\/users\/2"}],"replies":[{"embeddable":true,"href":"https:\/\/elchiq.com\/index.php\/wp-json\/wp\/v2\/comments?post=14320"}],"version-history":[{"count":1,"href":"https:\/\/elchiq.com\/index.php\/wp-json\/wp\/v2\/posts\/14320\/revisions"}],"predecessor-version":[{"id":14325,"href":"https:\/\/elchiq.com\/index.php\/wp-json\/wp\/v2\/posts\/14320\/revisions\/14325"}],"wp:attachment":[{"href":"https:\/\/elchiq.com\/index.php\/wp-json\/wp\/v2\/media?parent=14320"}],"wp:term":[{"taxonomy":"category","embeddable":true,"href":"https:\/\/elchiq.com\/index.php\/wp-json\/wp\/v2\/categories?post=14320"},{"taxonomy":"post_tag","embeddable":true,"href":"https:\/\/elchiq.com\/index.php\/wp-json\/wp\/v2\/tags?post=14320"}],"curies":[{"name":"wp","href":"https:\/\/api.w.org\/{rel}","templated":true}]}}