{"id":14326,"date":"2026-08-31T00:02:10","date_gmt":"2026-08-31T05:02:10","guid":{"rendered":"https:\/\/elchiq.com\/?p=14326"},"modified":"2026-08-31T00:02:10","modified_gmt":"2026-08-31T05:02:10","slug":"lucas-murillo-el-nino-que-pidio-un-trasplante-al-presidente-sera-trasladado-en-avion-ambulancia-a-bucaramanga","status":"publish","type":"post","link":"https:\/\/elchiq.com\/index.php\/2026\/08\/31\/lucas-murillo-el-nino-que-pidio-un-trasplante-al-presidente-sera-trasladado-en-avion-ambulancia-a-bucaramanga\/","title":{"rendered":"Lucas Murillo, el ni\u00f1o que pidi\u00f3 un trasplante al presidente, ser\u00e1 trasladado en avi\u00f3n ambulancia a Bucaramanga"},"content":{"rendered":"\n<p class=\"wp-block-paragraph\">El gerente de la Fundaci\u00f3n Cardiovascular confirm\u00f3 el traslado de Lucas en avi\u00f3n ambulancia a Bucaramanga.<\/p>\n\n\n\n<figure class=\"wp-block-image size-full is-resized\"><img loading=\"lazy\" decoding=\"async\" width=\"780\" height=\"565\" src=\"https:\/\/elchiq.com\/wp-content\/uploads\/2026\/08\/image-163.png\" alt=\"\" class=\"wp-image-14327\" style=\"width:948px;height:auto\" srcset=\"https:\/\/elchiq.com\/wp-content\/uploads\/2026\/08\/image-163.png 780w, https:\/\/elchiq.com\/wp-content\/uploads\/2026\/08\/image-163-300x217.png 300w, https:\/\/elchiq.com\/wp-content\/uploads\/2026\/08\/image-163-768x556.png 768w\" sizes=\"auto, (max-width: 780px) 100vw, 780px\" \/><\/figure>\n\n\n\n<p class=\"wp-block-paragraph\">Por: redacci\u00f3n El Colombiano y elchiq.com<a href=\"https:\/\/www.google.com\/search?q=elchiq&amp;oq=elch&amp;gs_lcrp=EgZjaHJvbWUqDggAEEUYJxg7GIAEGIoFMg4IABBFGCcYOxiABBiKBTIPCAEQLhhDGLEDGIAEGIoFMg8IAhAuGEMYsQMYgAQYigUyBggDEEUYOTIHCAQQABiABDIHCAUQLhiABDIHCAYQABiABDIHCAcQABiABDIJCAgQABgKGIAEMgkICRAAGAoYgATSAQoxNjkwNWowajE1qAIMsAIB8QWjlxl85iD_VA&amp;sourceid=chrome&amp;ie=UTF-8\">https:\/\/www.google.com\/search?q=elchiq&amp;oq=elch&amp;gs_l<\/a><\/p>\n\n\n\n<p class=\"wp-block-paragraph\">Una buena noticia deja el caso de&nbsp;<strong>Lucas Francesco Murillo, el ni\u00f1o de 7 a\u00f1os que se hizo viral tras pedir ayuda al presidente Abelardo De la Espriella:&nbsp;<\/strong>ser\u00e1 trasladado el d\u00eda de ma\u00f1ana, lunes 31 de septiembre, alrededor de las 11:00 de la ma\u00f1ana, en un avi\u00f3n ambulancia de la Fundaci\u00f3n Cardiovascular, debido a su estado de salud.<\/p>\n\n\n\n<p class=\"wp-block-paragraph\">La decisi\u00f3n fue confirmada por&nbsp;<strong>V\u00edctor Ra\u00fal Castillo, presidente de la Fundaci\u00f3n Cardiovascular<\/strong>, quien explic\u00f3 que el traslado medicalizado busca reducir los riesgos durante el viaje, debido a la condici\u00f3n de Lucas y a la cianosis que se observa en el video con el que el menor pidi\u00f3 ayuda al presidente.<\/p>\n\n\n\n<p class=\"wp-block-paragraph\">&nbsp;\u201cNos da mucho miedo que transportarlo con esas cianosis tan profundas que le vemos en el video (&#8230;)&nbsp;<strong>se pueda descompensar en el vuelo comercial<\/strong>\u201d, explic\u00f3 Castillo. Por esa raz\u00f3n,&nbsp;<strong>la instituci\u00f3n decidi\u00f3 enviar su propio avi\u00f3n ambulancia, acompa\u00f1ado por m\u00e9dicos de cuidado intensivo y especialistas.<\/strong><\/p>\n\n\n\n<figure class=\"wp-block-image size-full\"><img loading=\"lazy\" decoding=\"async\" width=\"512\" height=\"640\" src=\"https:\/\/elchiq.com\/wp-content\/uploads\/2026\/08\/pUB-mINUTO-COL-49.jpg\" alt=\"\" class=\"wp-image-14328\" srcset=\"https:\/\/elchiq.com\/wp-content\/uploads\/2026\/08\/pUB-mINUTO-COL-49.jpg 512w, https:\/\/elchiq.com\/wp-content\/uploads\/2026\/08\/pUB-mINUTO-COL-49-240x300.jpg 240w\" sizes=\"auto, (max-width: 512px) 100vw, 512px\" \/><\/figure>\n\n\n\n<p class=\"wp-block-paragraph\"><strong>Familia de Lucas celebra traslado a Bucaramanga y apoyo del presidente<\/strong><\/p>\n\n\n\n<p class=\"wp-block-paragraph\">La familia de Lucas recibi\u00f3 la noticia con alivio. Raquel Garc\u00eda, t\u00eda del ni\u00f1o, en entrevista con EL COLOMBIANO&nbsp;<strong>cont\u00f3 que el gerente de la Fundaci\u00f3n Cardiovascular<\/strong>&nbsp;se comunic\u00f3 con su hermana Andrea Garc\u00eda para coordinar el traslado y que, a diferencia de los viajes anteriores, esta vez Lucas ser\u00e1 hospitalizado directamente.<\/p>\n\n\n\n<p class=\"wp-block-paragraph\"><strong>\u201cEstamos s\u00faper contentos, sorprendidos de la misericordia de Dios, de la providencia que se ha desparramado con nuestra familia\u201d<\/strong>, dijo Raquel. El traslado inicialmente estaba previsto en una avioneta, pero la familia explic\u00f3 que en un viaje anterior&nbsp;<strong>Lucas se descompens\u00f3 durante el vuelo.&nbsp;<\/strong>Por eso, la Cardiovascular decidi\u00f3 enviarlo&nbsp;<strong>en una ambulancia a\u00e9rea propia, con personal&nbsp;<\/strong><strong><a href=\"https:\/\/www.elcolombiano.com\/cronologia\/noticias\/meta\/medicina\" target=\"_blank\" rel=\"noopener\">m\u00e9dico<\/a><\/strong><strong>,<\/strong>&nbsp;y posteriormente ser\u00e1 llevado por tierra en otra ambulancia hasta la instituci\u00f3n.<\/p>\n\n\n\n<p class=\"wp-block-paragraph\">Los viajes de&nbsp;<strong>Lucas a Bucaramanga se hac\u00edan mediante citas programadas&nbsp;<\/strong>y su madrepermanec\u00eda con \u00e9l en un hotel durante varios d\u00edas para acudir la Fundaci\u00f3n Cardiovascular. En esta ocasi\u00f3n, el procedimiento ser\u00e1 diferente, pues&nbsp;<strong>Lucas ser\u00e1 hospitalizado desde su llegada para iniciar los ex\u00e1menes y la evaluaci\u00f3n de su estado de salud.<\/strong><\/p>\n\n\n\n<figure class=\"wp-block-image size-full\"><img loading=\"lazy\" decoding=\"async\" width=\"970\" height=\"250\" src=\"https:\/\/elchiq.com\/wp-content\/uploads\/2026\/08\/Bet-play-18.jpg\" alt=\"\" class=\"wp-image-14329\" srcset=\"https:\/\/elchiq.com\/wp-content\/uploads\/2026\/08\/Bet-play-18.jpg 970w, https:\/\/elchiq.com\/wp-content\/uploads\/2026\/08\/Bet-play-18-300x77.jpg 300w, https:\/\/elchiq.com\/wp-content\/uploads\/2026\/08\/Bet-play-18-764x197.jpg 764w\" sizes=\"auto, (max-width: 970px) 100vw, 970px\" \/><\/figure>\n\n\n\n<p class=\"wp-block-paragraph\"><strong>El presidente&nbsp;<\/strong><strong><a href=\"https:\/\/www.elcolombiano.com\/cronologia\/noticias\/meta\/abelardo-de-la-espriella\" target=\"_blank\" rel=\"noopener\">Abelardo De la Espriella<\/a><\/strong>&nbsp;y la primera dama se comunicaron con la familia durante horas de la ma\u00f1ana de este domingo, 30 de agosto, por medio de una llamada. EL COLOMBIANO conoci\u00f3 en exclusiva el video que registr\u00f3 el momento:<\/p>\n\n\n\n<p class=\"wp-block-paragraph\"><strong>Evaluaci\u00f3n m\u00e9dica de Lucas definir\u00e1 su tratamiento<\/strong><\/p>\n\n\n\n<p class=\"wp-block-paragraph\"><strong>El traslado ser\u00e1 el primer paso para determinar el tratamiento que seguir\u00e1 Lucas.<\/strong>&nbsp;Castillo explic\u00f3 que ser\u00e1&nbsp;<a href=\"https:\/\/www.elcolombiano.com\/cronologia\/noticias\/meta\/bucaramanga\" target=\"_blank\" rel=\"noopener\">hospitalizado en Bucaramanga<\/a>&nbsp;y sometido a diferentes ex\u00e1menes para conocer su condici\u00f3n: \u201cLo vamos a hospitalizar para hacerle&nbsp;<strong>todos los ex\u00e1menes pertinentes, cateterismos, ecos y todo lo necesario para poder hacer una evaluaci\u00f3n inicial<\/strong>\u201d, se\u00f1al\u00f3.<\/p>\n\n\n\n<p class=\"wp-block-paragraph\">Uno de los puntos que deber\u00e1 definir el equipo m\u00e9dico es el procedimiento que seguir\u00e1 Lucas. Entre las posibilidades est\u00e1 realizar una cirug\u00eda de Font\u00e1n o avanzar hacia un trasplante card\u00edaco:&nbsp;<strong>\u201cSi la conducta es seguir con una cirug\u00eda de Font\u00e1n, como lo expliqu\u00e9 anteriormente, o hacerle un trasplante card\u00edaco\u201d<\/strong>, explic\u00f3 Castillo.<\/p>\n\n\n\n<p class=\"wp-block-paragraph\">La instituci\u00f3n analizar\u00e1 el caso con un equipo integrado por&nbsp;<strong>cirujanos, hemodinamistas, cardi\u00f3logos y electrofisi\u00f3logos<\/strong>, entre otros especialistas, para posteriormente plantear a los padres cu\u00e1l es la alternativa indicada.<\/p>\n\n\n\n<p class=\"wp-block-paragraph\"><a href=\"https:\/\/www.elcolombiano.com\/internacional\/nicolas-maduro-publica-fotos-carcel-ee-uu-venezuela-NE40444810\"><\/a><\/p>\n\n\n\n<p class=\"wp-block-paragraph\">Castillo tambi\u00e9n explic\u00f3 que&nbsp;<strong>Lucas presenta cianosis y un grado moderado de hipertensi\u00f3n pulmonar.<\/strong>&nbsp;Seg\u00fan se\u00f1al\u00f3, tambi\u00e9n se habr\u00edan desarrollado m\u00faltiples colaterales sist\u00e9mico-pulmonares, una situaci\u00f3n que, de acuerdo con su explicaci\u00f3n, puede empeorar su condici\u00f3n.<\/p>\n\n\n\n<figure class=\"wp-block-image size-full\"><img loading=\"lazy\" decoding=\"async\" width=\"512\" height=\"640\" src=\"https:\/\/elchiq.com\/wp-content\/uploads\/2026\/08\/pUB-mINUTO-COL-50.jpg\" alt=\"\" class=\"wp-image-14330\" srcset=\"https:\/\/elchiq.com\/wp-content\/uploads\/2026\/08\/pUB-mINUTO-COL-50.jpg 512w, https:\/\/elchiq.com\/wp-content\/uploads\/2026\/08\/pUB-mINUTO-COL-50-240x300.jpg 240w\" sizes=\"auto, (max-width: 512px) 100vw, 512px\" \/><\/figure>\n\n\n\n<p class=\"wp-block-paragraph\"><strong>Fundaci\u00f3n Cardiovascular y su experiencia con trasplantes de coraz\u00f3n en ni\u00f1os<\/strong><\/p>\n\n\n\n<p class=\"wp-block-paragraph\">La Fundaci\u00f3n Cardiovascular atiende pacientes con condiciones card\u00edacas. Castillo asegur\u00f3 que&nbsp;<strong>en los \u00faltimos 20 a\u00f1os la instituci\u00f3n ha realizado m\u00e1s de 300 trasplantes de coraz\u00f3n<\/strong>&nbsp;y que tambi\u00e9n tiene experiencia con pacientes pedi\u00e1tricos.<\/p>\n\n\n\n<p class=\"wp-block-paragraph\">Seg\u00fan explic\u00f3,&nbsp;<strong>han realizado m\u00e1s de 60 trasplantes de coraz\u00f3n en ni\u00f1os:&nbsp;<\/strong>\u201cDe las pocas instituciones de Am\u00e9rica Latina que hacemos trasplante de coraz\u00f3n en ni\u00f1os\u201d, afirm\u00f3 el presidente de la Fundaci\u00f3n Cardiovascular.<\/p>\n\n\n\n<p class=\"wp-block-paragraph\">Por ahora,&nbsp;<strong>Lucas ser\u00e1 trasladado de C\u00facuta a Bucaramanga para conocer con mayor precisi\u00f3n el estado de su coraz\u00f3n.<\/strong><\/p>\n\n\n\n<p class=\"wp-block-paragraph\"><strong>Bloque de preguntas y respuestas:<\/strong><\/p>\n\n\n\n<p class=\"wp-block-paragraph\"><strong>\u00bfCu\u00e1ndo y desde d\u00f3nde ser\u00e1 trasladado Lucas a Bucaramanga?<\/strong><\/p>\n\n\n\n<p class=\"wp-block-paragraph\">El traslado est\u00e1 previsto para este lunes 1 de septiembre, alrededor de las 11:00 de la ma\u00f1ana, desde C\u00facuta hasta Bucaramanga.<\/p>\n\n\n\n<p class=\"wp-block-paragraph\"><strong>\u00bfQu\u00e9 tratamiento est\u00e1n evaluando para Lucas Murillo?<\/strong><\/p>\n\n\n\n<p class=\"wp-block-paragraph\">Los m\u00e9dicos evaluar\u00e1n dos posibilidades principales: continuar con una cirug\u00eda de Font\u00e1n o determinar si el tratamiento indicado es un trasplante de coraz\u00f3n. La decisi\u00f3n depender\u00e1 de los resultados de la valoraci\u00f3n m\u00e9dica.<\/p>\n\n\n\n<p class=\"wp-block-paragraph\"><strong>\u00bfCu\u00e1ndo y desde d\u00f3nde ser\u00e1 trasladado Lucas a Bucaramanga?<\/strong><\/p>\n\n\n\n<p class=\"wp-block-paragraph\">El traslado est\u00e1 previsto para este lunes 1 de septiembre, alrededor de las 11:00 de la ma\u00f1ana, desde C\u00facuta hasta Bucaramanga.<\/p>\n\n\n\n<figure class=\"wp-block-image size-large is-resized\"><img loading=\"lazy\" decoding=\"async\" width=\"1024\" height=\"791\" src=\"https:\/\/elchiq.com\/wp-content\/uploads\/2026\/08\/Calle-del-hambre-2-17-1024x791.jpg\" alt=\"\" class=\"wp-image-14331\" style=\"aspect-ratio:1.2945706666666668;width:730px;height:auto\" srcset=\"https:\/\/elchiq.com\/wp-content\/uploads\/2026\/08\/Calle-del-hambre-2-17-1024x791.jpg 1024w, https:\/\/elchiq.com\/wp-content\/uploads\/2026\/08\/Calle-del-hambre-2-17-300x232.jpg 300w, https:\/\/elchiq.com\/wp-content\/uploads\/2026\/08\/Calle-del-hambre-2-17-767x593.jpg 767w, https:\/\/elchiq.com\/wp-content\/uploads\/2026\/08\/Calle-del-hambre-2-17-1536x1187.jpg 1536w, https:\/\/elchiq.com\/wp-content\/uploads\/2026\/08\/Calle-del-hambre-2-17.jpg 1650w\" sizes=\"auto, (max-width: 1024px) 100vw, 1024px\" \/><\/figure>\n\n\n\n<p class=\"wp-block-paragraph\"><strong>\u00bfQu\u00e9 tratamiento est\u00e1n evaluando para Lucas Murillo?<\/strong><\/p>\n\n\n\n<p class=\"wp-block-paragraph\">Los m\u00e9dicos evaluar\u00e1n dos posibilidades principales: continuar con una cirug\u00eda de Font\u00e1n o determinar si el tratamiento indicado es un trasplante de coraz\u00f3n. La decisi\u00f3n depender\u00e1 de los resultados de la valoraci\u00f3n m\u00e9dica.<\/p>\n\n\n\n<p class=\"wp-block-paragraph\"><strong>\u00bfCu\u00e1ndo y desde d\u00f3nde ser\u00e1 trasladado Lucas a Bucaramanga?<\/strong><\/p>\n\n\n\n<p class=\"wp-block-paragraph\">El traslado est\u00e1 previsto para este lunes 1 de septiembre, alrededor de las 11:00 de la ma\u00f1ana, desde C\u00facuta hasta Bucaramanga.<\/p>\n\n\n\n<p class=\"wp-block-paragraph\"><strong>\u00bfQu\u00e9 tratamiento est\u00e1n evaluando para Lucas Murillo?<\/strong><\/p>\n\n\n\n<p class=\"wp-block-paragraph\">Los m\u00e9dicos evaluar\u00e1n dos posibilidades principales: continuar con una cirug\u00eda de Font\u00e1n o determinar si el tratamiento indicado es un trasplante de coraz\u00f3n. La decisi\u00f3n depender\u00e1 de los resultados de la valoraci\u00f3n m\u00e9dica.<\/p>\n\n\n\n<p class=\"wp-block-paragraph\">Lea tambi\u00e9n: entre escombros y esperanza: los rescates que conmueven a Colombia tras el terremoto&nbsp;<a href=\"https:\/\/elchiq.com\/index.php\/2026\/08\/13\/entre-escombros-y-esperanza-los-rescates-que-conmueven-a-colombia-tras-el-terremoto\/\">https:\/\/elchiq.com\/index.php\/2026\/08\/13\/entre-escombros-y-esperanza-los-rescates-que-conmueven-a-colombia-tras-el-terremoto\/<\/a><\/p>\n\n\n\n<p class=\"wp-block-paragraph\">www.elchiq.com https:\/\/www.google.com\/search?q=elchiq&amp;oq=elch&amp;gs_l<\/p>\n\n\n\n<p class=\"wp-block-paragraph\">Escuche la decembrina: https:\/\/ladecembrina.radio12345com\/google_vignette<\/p>\n\n\n\n<p class=\"wp-block-paragraph\">S\u00edganos en Facebook, Instagram, Telegram, Twitch, Discord, Linkedin, Flipboard, Mastodon,YouTube, X, Spotify, TikTok, Bluesky y nuestro canal de WhatsApp, para que reciba noticias de \u00faltima hora y m\u00e1s contenidos<\/p>\n","protected":false},"excerpt":{"rendered":"<p>El gerente de la Fundaci\u00f3n Cardiovascular confirm\u00f3 el traslado de Lucas en avi\u00f3n ambulancia a Bucaramanga. Por: redacci\u00f3n El Colombiano y elchiq.comhttps:\/\/www.google.com\/search?q=elchiq&amp;oq=elch&amp;gs_l Una buena noticia deja el caso de&nbsp;Lucas Francesco Murillo, el ni\u00f1o de 7 a\u00f1os que se hizo viral tras pedir ayuda al presidente Abelardo De la Espriella:&nbsp;ser\u00e1 trasladado el d\u00eda de ma\u00f1ana, lunes [&hellip;]<\/p>\n","protected":false},"author":2,"featured_media":0,"comment_status":"closed","ping_status":"closed","sticky":false,"template":"","format":"standard","meta":{"footnotes":""},"categories":[1],"tags":[],"class_list":["post-14326","post","type-post","status-publish","format-standard","hentry","category-uncategorized"],"_links":{"self":[{"href":"https:\/\/elchiq.com\/index.php\/wp-json\/wp\/v2\/posts\/14326","targetHints":{"allow":["GET"]}}],"collection":[{"href":"https:\/\/elchiq.com\/index.php\/wp-json\/wp\/v2\/posts"}],"about":[{"href":"https:\/\/elchiq.com\/index.php\/wp-json\/wp\/v2\/types\/post"}],"author":[{"embeddable":true,"href":"https:\/\/elchiq.com\/index.php\/wp-json\/wp\/v2\/users\/2"}],"replies":[{"embeddable":true,"href":"https:\/\/elchiq.com\/index.php\/wp-json\/wp\/v2\/comments?post=14326"}],"version-history":[{"count":1,"href":"https:\/\/elchiq.com\/index.php\/wp-json\/wp\/v2\/posts\/14326\/revisions"}],"predecessor-version":[{"id":14332,"href":"https:\/\/elchiq.com\/index.php\/wp-json\/wp\/v2\/posts\/14326\/revisions\/14332"}],"wp:attachment":[{"href":"https:\/\/elchiq.com\/index.php\/wp-json\/wp\/v2\/media?parent=14326"}],"wp:term":[{"taxonomy":"category","embeddable":true,"href":"https:\/\/elchiq.com\/index.php\/wp-json\/wp\/v2\/categories?post=14326"},{"taxonomy":"post_tag","embeddable":true,"href":"https:\/\/elchiq.com\/index.php\/wp-json\/wp\/v2\/tags?post=14326"}],"curies":[{"name":"wp","href":"https:\/\/api.w.org\/{rel}","templated":true}]}}