{"id":14345,"date":"2026-08-31T00:27:55","date_gmt":"2026-08-31T05:27:55","guid":{"rendered":"https:\/\/elchiq.com\/?p=14345"},"modified":"2026-08-31T00:27:55","modified_gmt":"2026-08-31T05:27:55","slug":"nido-sismico-de-santander-la-region-que-concentra-casi-el-45-de-la-actividad-sismica-en-colombia","status":"publish","type":"post","link":"https:\/\/elchiq.com\/index.php\/2026\/08\/31\/nido-sismico-de-santander-la-region-que-concentra-casi-el-45-de-la-actividad-sismica-en-colombia\/","title":{"rendered":"Nido S\u00edsmico de Santander: la regi\u00f3n que concentra casi el 45% de la actividad s\u00edsmica en Colombia"},"content":{"rendered":"\n<p class=\"wp-block-paragraph\">Aunque la mayor\u00eda de los temblores son de baja intensidad, el Servicio Geol\u00f3gico Colombiano monitorea este fen\u00f3meno que genera cerca de 30 sismos al d\u00eda.<\/p>\n\n\n\n<figure class=\"wp-block-image size-full is-resized\"><img loading=\"lazy\" decoding=\"async\" width=\"404\" height=\"227\" src=\"https:\/\/elchiq.com\/wp-content\/uploads\/2026\/08\/image-165.png\" alt=\"\" class=\"wp-image-14346\" style=\"aspect-ratio:1.7797893577476422;width:856px;height:auto\" srcset=\"https:\/\/elchiq.com\/wp-content\/uploads\/2026\/08\/image-165.png 404w, https:\/\/elchiq.com\/wp-content\/uploads\/2026\/08\/image-165-300x169.png 300w\" sizes=\"auto, (max-width: 404px) 100vw, 404px\" \/><\/figure>\n\n\n\n<p class=\"wp-block-paragraph\">Por: redacci\u00f3n Caracol y elchiq.com<a href=\"https:\/\/www.google.com\/search?q=elchiq&amp;oq=elch&amp;gs_lcrp=EgZjaHJvbWUqDggAEEUYJxg7GIAEGIoFMg4IABBFGCcYOxiABBiKBTIPCAEQLhhDGLEDGIAEGIoFMg8IAhAuGEMYsQMYgAQYigUyBggDEEUYOTIHCAQQABiABDIHCAUQLhiABDIHCAYQABiABDIHCAcQABiABDIJCAgQABgKGIAEMgkICRAAGAoYgATSAQoxNjkwNWowajE1qAIMsAIB8QWjlxl85iD_VA&amp;sourceid=chrome&amp;ie=UTF-8\">https:\/\/www.google.com\/search?q=elchiq&amp;oq=elch&amp;gs_l<\/a><\/p>\n\n\n\n<p class=\"wp-block-paragraph\">En el departamento de Santander se encuentra&nbsp;<strong>uno de los fen\u00f3menos geol\u00f3gicos m\u00e1s activos e interesantes del planeta: el<\/strong>&nbsp;<strong>Nido S\u00edsmico de Bucaramanga<\/strong>. De acuerdo con informaci\u00f3n del&nbsp;<strong>Servicio Geol\u00f3gico Colombiano &#8211; SGC, en esta zona se concentra cerca del<\/strong>&nbsp;<strong>45% de toda la actividad s\u00edsmica que ocurre en Colombia<\/strong>, teniendo como&nbsp;<strong>epicentro recurrente al municipio de Los Santos<\/strong>.<\/p>\n\n\n\n<p class=\"wp-block-paragraph\">Un nido s\u00edsmico es una regi\u00f3n que se caracteriza por una concentraci\u00f3n inusual y continua de actividad tel\u00farica.<strong>&nbsp;En esta zona de Santander, se registran en promedio<\/strong>&nbsp;<strong>alrededor de 30 sismos diarios, la mayor\u00eda de ellos imperceptibles para la poblaci\u00f3n,<\/strong>&nbsp;pero detectados con precisi\u00f3n por la red de monitoreo nacional.<\/p>\n\n\n\n<figure class=\"wp-block-image size-full\"><img loading=\"lazy\" decoding=\"async\" width=\"499\" height=\"676\" src=\"https:\/\/elchiq.com\/wp-content\/uploads\/2026\/08\/inm-elchiq-2025-46.jpg\" alt=\"\" class=\"wp-image-14347\" srcset=\"https:\/\/elchiq.com\/wp-content\/uploads\/2026\/08\/inm-elchiq-2025-46.jpg 499w, https:\/\/elchiq.com\/wp-content\/uploads\/2026\/08\/inm-elchiq-2025-46-221x300.jpg 221w\" sizes=\"auto, (max-width: 499px) 100vw, 499px\" \/><\/figure>\n\n\n\n<p class=\"wp-block-paragraph\"><strong>\u00bfPor qu\u00e9 tiembla tanto en el municipio de Los Santos?<\/strong><\/p>\n\n\n\n<p class=\"wp-block-paragraph\">La explicaci\u00f3n a esta constante actividad tel\u00farica se encuentra a decenas de kil\u00f3metros bajo la superficie. La interpretaci\u00f3n de datos geof\u00edsicos por parte de los expertos del&nbsp;<strong>SGC sugiere que el origen del Nido S\u00edsmico de Bucaramanga est\u00e1 asociado a fragmentos de placas tect\u00f3nicas antiguas&nbsp;<\/strong>que ya se encuentran inmersas o subducidas en el manto terrestre.<\/p>\n\n\n\n<p class=\"wp-block-paragraph\">Estas placas<strong>&nbsp;interact\u00faan de forma altamente compleja en una zona muy reducida<\/strong>, liberando energ\u00eda de manera continua.<\/p>\n\n\n\n<p class=\"wp-block-paragraph\"><strong>Caracter\u00edsticas principales de los sismos en esta regi\u00f3n:<\/strong><\/p>\n\n\n\n<ul class=\"wp-block-list\">\n<li><strong>Gran profundidad:<\/strong>\u00a0Se originan con profundidades cercanas a los\u00a0<strong>150 kil\u00f3metros<\/strong>.<\/li>\n\n\n\n<li><strong>Magnitudes de bajas a moderadas:<\/strong>\u00a0La gran mayor\u00eda de los eventos se sit\u00faan en magnitudes entre\u00a0<strong>1,5 y 3,0<\/strong>.<\/li>\n\n\n\n<li><strong>Baja frecuencia de sismos fuertes:<\/strong>\u00a0Menos del\u00a0<strong>2% de los sismos<\/strong>\u00a0originados en el nido superan una magnitud de\u00a0<strong>4,5<\/strong>.<\/li>\n<\/ul>\n\n\n\n<p class=\"wp-block-paragraph\"><strong>\u00bfPueden llegar a ser destructivos estos temblores?<\/strong><\/p>\n\n\n\n<figure class=\"wp-block-image size-full\"><img loading=\"lazy\" decoding=\"async\" width=\"495\" height=\"619\" src=\"https:\/\/elchiq.com\/wp-content\/uploads\/2026\/08\/Pub-Abaco-terremoto-2026-144.jpg\" alt=\"\" class=\"wp-image-14348\" srcset=\"https:\/\/elchiq.com\/wp-content\/uploads\/2026\/08\/Pub-Abaco-terremoto-2026-144.jpg 495w, https:\/\/elchiq.com\/wp-content\/uploads\/2026\/08\/Pub-Abaco-terremoto-2026-144-240x300.jpg 240w\" sizes=\"auto, (max-width: 495px) 100vw, 495px\" \/><\/figure>\n\n\n\n<p class=\"wp-block-paragraph\"><strong>La mayor parte de los sismos que se generan en el nido presentan<\/strong>&nbsp;<strong>bajas intensidades en la superficie<\/strong>. Esto se debe, seg\u00fan el SGC, a su gran profundidad (alrededor de 150 km): a medida que<strong>&nbsp;las ondas s\u00edsmicas viajan hacia arriba, pierden una parte considerable de su energ\u00eda.<\/strong><\/p>\n\n\n\n<p class=\"wp-block-paragraph\">Sin embargo, las autoridades recuerdan que<strong>&nbsp;s\u00ed existen registros hist\u00f3ricos de sismos con magnitudes superiores a 6,0<\/strong>&nbsp;<strong>originados en esta zona<\/strong>, los cuales han llegado a causar algunos da\u00f1os materiales importantes en las poblaciones aleda\u00f1as.<\/p>\n\n\n\n<p class=\"wp-block-paragraph\">Lea tambi\u00e9n: entre escombros y esperanza: los rescates que conmueven a Colombia tras el terremoto&nbsp;<a href=\"https:\/\/elchiq.com\/index.php\/2026\/08\/13\/entre-escombros-y-esperanza-los-rescates-que-conmueven-a-colombia-tras-el-terremoto\/\">https:\/\/elchiq.com\/index.php\/2026\/08\/13\/entre-escombros-y-esperanza-los-rescates-que-conmueven-a-colombia-tras-el-terremoto\/<\/a><\/p>\n\n\n\n<p class=\"wp-block-paragraph\">www.elchiq.com https:\/\/www.google.com\/search?q=elchiq&amp;oq=elch&amp;gs_l<\/p>\n\n\n\n<p class=\"wp-block-paragraph\">Escuche la decembrina: https:\/\/ladecembrina.radio12345com\/google_vignette<\/p>\n\n\n\n<p class=\"wp-block-paragraph\">S\u00edganos en Facebook, Instagram, Telegram, Twitch, Discord, Linkedin, Flipboard, Mastodon,YouTube, X, Spotify, TikTok, Bluesky y nuestro canal de WhatsApp, para que reciba noticias de \u00faltima hora y m\u00e1s contenidos<\/p>\n","protected":false},"excerpt":{"rendered":"<p>Aunque la mayor\u00eda de los temblores son de baja intensidad, el Servicio Geol\u00f3gico Colombiano monitorea este fen\u00f3meno que genera cerca de 30 sismos al d\u00eda. Por: redacci\u00f3n Caracol y elchiq.comhttps:\/\/www.google.com\/search?q=elchiq&amp;oq=elch&amp;gs_l En el departamento de Santander se encuentra&nbsp;uno de los fen\u00f3menos geol\u00f3gicos m\u00e1s activos e interesantes del planeta: el&nbsp;Nido S\u00edsmico de Bucaramanga. De acuerdo con informaci\u00f3n [&hellip;]<\/p>\n","protected":false},"author":2,"featured_media":0,"comment_status":"closed","ping_status":"closed","sticky":false,"template":"","format":"standard","meta":{"footnotes":""},"categories":[1],"tags":[],"class_list":["post-14345","post","type-post","status-publish","format-standard","hentry","category-uncategorized"],"_links":{"self":[{"href":"https:\/\/elchiq.com\/index.php\/wp-json\/wp\/v2\/posts\/14345","targetHints":{"allow":["GET"]}}],"collection":[{"href":"https:\/\/elchiq.com\/index.php\/wp-json\/wp\/v2\/posts"}],"about":[{"href":"https:\/\/elchiq.com\/index.php\/wp-json\/wp\/v2\/types\/post"}],"author":[{"embeddable":true,"href":"https:\/\/elchiq.com\/index.php\/wp-json\/wp\/v2\/users\/2"}],"replies":[{"embeddable":true,"href":"https:\/\/elchiq.com\/index.php\/wp-json\/wp\/v2\/comments?post=14345"}],"version-history":[{"count":1,"href":"https:\/\/elchiq.com\/index.php\/wp-json\/wp\/v2\/posts\/14345\/revisions"}],"predecessor-version":[{"id":14349,"href":"https:\/\/elchiq.com\/index.php\/wp-json\/wp\/v2\/posts\/14345\/revisions\/14349"}],"wp:attachment":[{"href":"https:\/\/elchiq.com\/index.php\/wp-json\/wp\/v2\/media?parent=14345"}],"wp:term":[{"taxonomy":"category","embeddable":true,"href":"https:\/\/elchiq.com\/index.php\/wp-json\/wp\/v2\/categories?post=14345"},{"taxonomy":"post_tag","embeddable":true,"href":"https:\/\/elchiq.com\/index.php\/wp-json\/wp\/v2\/tags?post=14345"}],"curies":[{"name":"wp","href":"https:\/\/api.w.org\/{rel}","templated":true}]}}