{"id":14350,"date":"2026-08-31T00:37:38","date_gmt":"2026-08-31T05:37:38","guid":{"rendered":"https:\/\/elchiq.com\/?p=14350"},"modified":"2026-08-31T00:37:38","modified_gmt":"2026-08-31T05:37:38","slug":"bogota-se-unio-en-una-gran-velaton-para-recordar-a-las-victimas-del-terremoto-del-10-de-agosto","status":"publish","type":"post","link":"https:\/\/elchiq.com\/index.php\/2026\/08\/31\/bogota-se-unio-en-una-gran-velaton-para-recordar-a-las-victimas-del-terremoto-del-10-de-agosto\/","title":{"rendered":"Bogot\u00e1 se uni\u00f3 en una gran velat\u00f3n para recordar a las v\u00edctimas del terremoto del 10 de agosto"},"content":{"rendered":"\n<p class=\"wp-block-paragraph\">Durante el encuentro tambi\u00e9n se destac\u00f3 la solidaridad de los colombianos y la ayuda internacional destinada a las zonas afectadas.<\/p>\n\n\n\n<figure class=\"wp-block-image size-full is-resized\"><img loading=\"lazy\" decoding=\"async\" width=\"506\" height=\"379\" src=\"https:\/\/elchiq.com\/wp-content\/uploads\/2026\/08\/image-166.png\" alt=\"\" class=\"wp-image-14351\" style=\"aspect-ratio:1.3351061636775923;width:846px;height:auto\" srcset=\"https:\/\/elchiq.com\/wp-content\/uploads\/2026\/08\/image-166.png 506w, https:\/\/elchiq.com\/wp-content\/uploads\/2026\/08\/image-166-300x225.png 300w\" sizes=\"auto, (max-width: 506px) 100vw, 506px\" \/><\/figure>\n\n\n\n<p class=\"wp-block-paragraph\">Por: redacci\u00f3n Caracol y elchiq.com<a href=\"https:\/\/www.google.com\/search?q=elchiq&amp;oq=elch&amp;gs_lcrp=EgZjaHJvbWUqDggAEEUYJxg7GIAEGIoFMg4IABBFGCcYOxiABBiKBTIPCAEQLhhDGLEDGIAEGIoFMg8IAhAuGEMYsQMYgAQYigUyBggDEEUYOTIHCAQQABiABDIHCAUQLhiABDIHCAYQABiABDIHCAcQABiABDIJCAgQABgKGIAEMgkICRAAGAoYgATSAQoxNjkwNWowajE1qAIMsAIB8QWjlxl85iD_VA&amp;sourceid=chrome&amp;ie=UTF-8\">https:\/\/www.google.com\/search?q=elchiq&amp;oq=elch&amp;gs_l<\/a><\/p>\n\n\n\n<p class=\"wp-block-paragraph\">La Plaza de Bol\u00edvar fue escenario este viernes 28 de agosto de la Gran Velat\u00f3n \u2018Oraci\u00f3n por Colombia\u2019,&nbsp;<strong>una jornada de oraci\u00f3n y solidaridad en memoria de las v\u00edctimas del terremoto del 10 de agost<\/strong>o y en acompa\u00f1amiento a las familias y comunidades afectadas por la emergencia.<\/p>\n\n\n\n<figure class=\"wp-block-image size-full\"><img loading=\"lazy\" decoding=\"async\" width=\"495\" height=\"619\" src=\"https:\/\/elchiq.com\/wp-content\/uploads\/2026\/08\/Pub-Abaco-terremoto-2026-145.jpg\" alt=\"\" class=\"wp-image-14352\" srcset=\"https:\/\/elchiq.com\/wp-content\/uploads\/2026\/08\/Pub-Abaco-terremoto-2026-145.jpg 495w, https:\/\/elchiq.com\/wp-content\/uploads\/2026\/08\/Pub-Abaco-terremoto-2026-145-240x300.jpg 240w\" sizes=\"auto, (max-width: 495px) 100vw, 495px\" \/><\/figure>\n\n\n\n<p class=\"wp-block-paragraph\"><a href=\"https:\/\/caracol.com.co\/2026\/08\/28\/caminata-y-festival-por-la-solidaridad-2026-fechas-actividades-movilidad-y-mas\/\">La actividad fue convocada desde la Capellan\u00eda de la Presidencia de la Rep\u00fablica<\/a>&nbsp;y cont\u00f3 con el respaldo de distintas organizaciones. La Conferencia Episcopal de Colombia (CEC) tambi\u00e9n&nbsp;<strong>invit\u00f3 a los fieles a participar en la jornada nacional de oraci\u00f3n \u2018Colombia, un solo coraz\u00f3n\u2019.<\/strong><\/p>\n\n\n\n<p class=\"wp-block-paragraph\">El encuentro comenz\u00f3 con la recepci\u00f3n de donaciones y posteriormente se&nbsp;<strong>dio paso al ingreso de los asistentes para la velat\u00f3n y el Encuentro Nacional de Oraci\u00f3n<\/strong>.<\/p>\n\n\n\n<figure class=\"wp-block-image size-large is-resized\"><img loading=\"lazy\" decoding=\"async\" width=\"1024\" height=\"791\" src=\"https:\/\/elchiq.com\/wp-content\/uploads\/2026\/08\/pUB-PREFABRICADA-17-1024x791.jpg\" alt=\"\" class=\"wp-image-14353\" style=\"aspect-ratio:1.2945706666666668;width:579px;height:auto\" srcset=\"https:\/\/elchiq.com\/wp-content\/uploads\/2026\/08\/pUB-PREFABRICADA-17-1024x791.jpg 1024w, https:\/\/elchiq.com\/wp-content\/uploads\/2026\/08\/pUB-PREFABRICADA-17-300x232.jpg 300w, https:\/\/elchiq.com\/wp-content\/uploads\/2026\/08\/pUB-PREFABRICADA-17-767x593.jpg 767w, https:\/\/elchiq.com\/wp-content\/uploads\/2026\/08\/pUB-PREFABRICADA-17-1536x1187.jpg 1536w, https:\/\/elchiq.com\/wp-content\/uploads\/2026\/08\/pUB-PREFABRICADA-17.jpg 1650w\" sizes=\"auto, (max-width: 1024px) 100vw, 1024px\" \/><\/figure>\n\n\n\n<p class=\"wp-block-paragraph\">Durante la jornada,&nbsp;<strong>la primera dama, Ana Luc\u00eda Pineda, destac\u00f3 la respuesta de los colombianos<\/strong>&nbsp;frente a la emergencia y&nbsp;<a href=\"https:\/\/caracol.com.co\/2026\/08\/28\/presidente-anuncia-subsidios-materiales-y-fondo-de-reconstruccion-para-pereira-tras-el-terremoto\/\">agradeci\u00f3 la voluntad de quienes han decidido aportar<\/a>&nbsp;al proceso de reconstrucci\u00f3n de las zonas afectadas.<\/p>\n\n\n\n<p class=\"wp-block-paragraph\">Lea tambi\u00e9n: entre escombros y esperanza: los rescates que conmueven a Colombia tras el terremoto&nbsp;<a href=\"https:\/\/elchiq.com\/index.php\/2026\/08\/13\/entre-escombros-y-esperanza-los-rescates-que-conmueven-a-colombia-tras-el-terremoto\/\">https:\/\/elchiq.com\/index.php\/2026\/08\/13\/entre-escombros-y-esperanza-los-rescates-que-conmueven-a-colombia-tras-el-terremoto\/<\/a><\/p>\n\n\n\n<p class=\"wp-block-paragraph\">www.elchiq.com https:\/\/www.google.com\/search?q=elchiq&amp;oq=elch&amp;gs_l<\/p>\n\n\n\n<p class=\"wp-block-paragraph\">Escuche la decembrina: https:\/\/ladecembrina.radio12345com\/google_vignette<\/p>\n\n\n\n<p class=\"wp-block-paragraph\">S\u00edganos en Facebook, Instagram, Telegram, Twitch, Discord, Linkedin, Flipboard, Mastodon,YouTube, X, Spotify, TikTok, Bluesky y nuestro canal de WhatsApp, para que reciba noticias de \u00faltima hora y m\u00e1s contenidos<\/p>\n","protected":false},"excerpt":{"rendered":"<p>Durante el encuentro tambi\u00e9n se destac\u00f3 la solidaridad de los colombianos y la ayuda internacional destinada a las zonas afectadas. Por: redacci\u00f3n Caracol y elchiq.comhttps:\/\/www.google.com\/search?q=elchiq&amp;oq=elch&amp;gs_l La Plaza de Bol\u00edvar fue escenario este viernes 28 de agosto de la Gran Velat\u00f3n \u2018Oraci\u00f3n por Colombia\u2019,&nbsp;una jornada de oraci\u00f3n y solidaridad en memoria de las v\u00edctimas del terremoto [&hellip;]<\/p>\n","protected":false},"author":2,"featured_media":0,"comment_status":"closed","ping_status":"closed","sticky":false,"template":"","format":"standard","meta":{"footnotes":""},"categories":[1],"tags":[],"class_list":["post-14350","post","type-post","status-publish","format-standard","hentry","category-uncategorized"],"_links":{"self":[{"href":"https:\/\/elchiq.com\/index.php\/wp-json\/wp\/v2\/posts\/14350","targetHints":{"allow":["GET"]}}],"collection":[{"href":"https:\/\/elchiq.com\/index.php\/wp-json\/wp\/v2\/posts"}],"about":[{"href":"https:\/\/elchiq.com\/index.php\/wp-json\/wp\/v2\/types\/post"}],"author":[{"embeddable":true,"href":"https:\/\/elchiq.com\/index.php\/wp-json\/wp\/v2\/users\/2"}],"replies":[{"embeddable":true,"href":"https:\/\/elchiq.com\/index.php\/wp-json\/wp\/v2\/comments?post=14350"}],"version-history":[{"count":1,"href":"https:\/\/elchiq.com\/index.php\/wp-json\/wp\/v2\/posts\/14350\/revisions"}],"predecessor-version":[{"id":14354,"href":"https:\/\/elchiq.com\/index.php\/wp-json\/wp\/v2\/posts\/14350\/revisions\/14354"}],"wp:attachment":[{"href":"https:\/\/elchiq.com\/index.php\/wp-json\/wp\/v2\/media?parent=14350"}],"wp:term":[{"taxonomy":"category","embeddable":true,"href":"https:\/\/elchiq.com\/index.php\/wp-json\/wp\/v2\/categories?post=14350"},{"taxonomy":"post_tag","embeddable":true,"href":"https:\/\/elchiq.com\/index.php\/wp-json\/wp\/v2\/tags?post=14350"}],"curies":[{"name":"wp","href":"https:\/\/api.w.org\/{rel}","templated":true}]}}