{"id":14356,"date":"2026-08-31T08:20:02","date_gmt":"2026-08-31T13:20:02","guid":{"rendered":"https:\/\/elchiq.com\/?p=14356"},"modified":"2026-08-31T08:20:02","modified_gmt":"2026-08-31T13:20:02","slug":"militares-en-las-calles-bogota-se-prepara-para-un-nuevo-debate-de-seguridad","status":"publish","type":"post","link":"https:\/\/elchiq.com\/index.php\/2026\/08\/31\/militares-en-las-calles-bogota-se-prepara-para-un-nuevo-debate-de-seguridad\/","title":{"rendered":"\u00bfMilitares en las calles? Bogot\u00e1 se prepara para un nuevo debate de seguridad"},"content":{"rendered":"\n<p class=\"wp-block-paragraph\">La propuesta fue respaldada por m\u00e1s de 37.000 firmas que fueron certificadas por la Registradur\u00eda, lo que obliga al Concejo a convocar un cabildo abierto.<\/p>\n\n\n\n<figure class=\"wp-block-image size-full\"><img loading=\"lazy\" decoding=\"async\" width=\"839\" height=\"472\" src=\"https:\/\/elchiq.com\/wp-content\/uploads\/2026\/08\/image-167.png\" alt=\"\" class=\"wp-image-14357\" srcset=\"https:\/\/elchiq.com\/wp-content\/uploads\/2026\/08\/image-167.png 839w, https:\/\/elchiq.com\/wp-content\/uploads\/2026\/08\/image-167-300x169.png 300w, https:\/\/elchiq.com\/wp-content\/uploads\/2026\/08\/image-167-768x432.png 768w\" sizes=\"auto, (max-width: 839px) 100vw, 839px\" \/><\/figure>\n\n\n\n<p class=\"wp-block-paragraph\">Por: redacci\u00f3n FM y elchiq.com<a href=\"https:\/\/www.google.com\/search?q=elchiq&amp;oq=elch&amp;gs_lcrp=EgZjaHJvbWUqDggAEEUYJxg7GIAEGIoFMg4IABBFGCcYOxiABBiKBTIPCAEQLhhDGLEDGIAEGIoFMg8IAhAuGEMYsQMYgAQYigUyBggDEEUYOTIHCAQQABiABDIHCAUQLhiABDIHCAYQABiABDIHCAcQABiABDIJCAgQABgKGIAEMgkICRAAGAoYgATSAQoxNjkwNWowajE1qAIMsAIB8QWjlxl85iD_VA&amp;sourceid=chrome&amp;ie=UTF-8\">https:\/\/www.google.com\/search?q=elchiq&amp;oq=elch&amp;gs_l<\/a><\/p>\n\n\n\n<p class=\"wp-block-paragraph\">La&nbsp;<strong>seguridad en Bogot\u00e1<\/strong>&nbsp;vuelve a estar en el centro de la discusi\u00f3n pol\u00edtica luego de que una propuesta para utilizar al Ej\u00e9rcito como apoyo a la Polic\u00eda llegara al Concejo de Bogot\u00e1. La iniciativa busca abrir un debate sobre el papel de las Fuerzas Militares frente al aumento de la criminalidad en la capital.<\/p>\n\n\n\n<p class=\"wp-block-paragraph\">La propuesta fue respaldada por&nbsp;<strong>m\u00e1s de 37.000 firmas<\/strong>&nbsp;que fueron certificadas por la Registradur\u00eda, lo que obliga al Concejo a convocar un&nbsp;<strong>cabildo abierto<\/strong>&nbsp;con la participaci\u00f3n del alcalde&nbsp;<strong>Carlos Fernando Gal\u00e1n<\/strong>. Aunque este mecanismo no tiene car\u00e1cter vinculante, pondr\u00e1 nuevamente sobre la mesa una discusi\u00f3n que divide a la ciudad:&nbsp;<strong>\u00bfdebe el Ej\u00e9rcito salir a las calles para reforzar las labores de seguridad?<\/strong><\/p>\n\n\n\n<figure class=\"wp-block-image size-full\"><img loading=\"lazy\" decoding=\"async\" width=\"495\" height=\"619\" src=\"https:\/\/elchiq.com\/wp-content\/uploads\/2026\/08\/Pub-Abaco-terremoto-2026-146.jpg\" alt=\"\" class=\"wp-image-14358\" srcset=\"https:\/\/elchiq.com\/wp-content\/uploads\/2026\/08\/Pub-Abaco-terremoto-2026-146.jpg 495w, https:\/\/elchiq.com\/wp-content\/uploads\/2026\/08\/Pub-Abaco-terremoto-2026-146-240x300.jpg 240w\" sizes=\"auto, (max-width: 495px) 100vw, 495px\" \/><\/figure>\n\n\n\n<p class=\"wp-block-paragraph\">Militarizar Bogot\u00e1 para enfrentar al crimen<\/p>\n\n\n\n<p class=\"wp-block-paragraph\">El concejal&nbsp;<strong>Juli\u00e1n Usc\u00e1tegui<\/strong>, del Centro Democr\u00e1tico, defendi\u00f3 la iniciativa y asegur\u00f3 que la situaci\u00f3n actual de seguridad exige utilizar todas las capacidades disponibles del Estado.<\/p>\n\n\n\n<p class=\"wp-block-paragraph\">\u201c<strong>Para recuperar la seguridad de Bogot\u00e1 hay que militarizar la ciudad<\/strong>\u201d, afirm\u00f3 Usc\u00e1tegui, quien sostuvo que la capital enfrenta una situaci\u00f3n cr\u00edtica debido a la operaci\u00f3n de m\u00e1s de&nbsp;<strong>200 bandas criminales<\/strong>.<\/p>\n\n\n\n<p class=\"wp-block-paragraph\">Seg\u00fan el concejal, algunas de estas estructuras tendr\u00edan v\u00ednculos con organizaciones como las&nbsp;<strong>disidencias de las FARC, el ELN y el Clan del Golfo<\/strong>, y estar\u00edan relacionadas con delitos como homicidios bajo la modalidad de sicariato, extorsiones, secuestros, hurtos y venta de estupefacientes.<\/p>\n\n\n\n<p class=\"wp-block-paragraph\">Su propuesta no plantea reemplazar a la Polic\u00eda por las Fuerzas Militares, sino utilizarlas como apoyo en las zonas consideradas m\u00e1s cr\u00edticas.<\/p>\n\n\n\n<figure class=\"wp-block-image size-large is-resized\"><img loading=\"lazy\" decoding=\"async\" width=\"1024\" height=\"791\" src=\"https:\/\/elchiq.com\/wp-content\/uploads\/2026\/08\/publ-lote-31-1024x791.jpg\" alt=\"\" class=\"wp-image-14359\" style=\"aspect-ratio:1.2945706666666668;width:646px;height:auto\" srcset=\"https:\/\/elchiq.com\/wp-content\/uploads\/2026\/08\/publ-lote-31-1024x791.jpg 1024w, https:\/\/elchiq.com\/wp-content\/uploads\/2026\/08\/publ-lote-31-300x232.jpg 300w, https:\/\/elchiq.com\/wp-content\/uploads\/2026\/08\/publ-lote-31-767x593.jpg 767w, https:\/\/elchiq.com\/wp-content\/uploads\/2026\/08\/publ-lote-31-1536x1187.jpg 1536w, https:\/\/elchiq.com\/wp-content\/uploads\/2026\/08\/publ-lote-31.jpg 1650w\" sizes=\"auto, (max-width: 1024px) 100vw, 1024px\" \/><\/figure>\n\n\n\n<p class=\"wp-block-paragraph\">\u201c<strong>Lo que nosotros proponemos es que el Ej\u00e9rcito complemente y coadyuve la labor de nuestra Polic\u00eda Nacional<\/strong>\u201d, explic\u00f3.<\/p>\n\n\n\n<p class=\"wp-block-paragraph\">Usc\u00e1tegui plante\u00f3 que los militares podr\u00edan aportar&nbsp;<strong>hombres, veh\u00edculos y tecnolog\u00eda<\/strong>&nbsp;para fortalecer el control territorial y aumentar la presencia institucional en sectores afectados por el crimen.<\/p>\n\n\n\n<p class=\"wp-block-paragraph\">Cuestionamientos de la idea de militarizaci\u00f3n<\/p>\n\n\n\n<p class=\"wp-block-paragraph\">La concejal del&nbsp;<strong>Pacto Hist\u00f3rico<\/strong>, Donka Atanasova, rechaz\u00f3 la propuesta de militarizar la ciudad y sostuvo que el concepto implica una visi\u00f3n diferente sobre la manera en que debe garantizarse el orden p\u00fablico.<\/p>\n\n\n\n<p class=\"wp-block-paragraph\">\u201c<strong>La militarizaci\u00f3n como noci\u00f3n es una obsesi\u00f3n de las expresiones de derecha<\/strong>\u201d, asegur\u00f3 Atanasova, quien consider\u00f3 que se trata de una visi\u00f3n que plantea que las Fuerzas Militares deben asumir el control de la vida social.<\/p>\n\n\n\n<p class=\"wp-block-paragraph\">La concejal hizo adem\u00e1s una precisi\u00f3n jur\u00eddica: en Colombia no existe propiamente la figura de \u201cmilitarizaci\u00f3n\u201d como mecanismo permanente de seguridad. Lo que contempla la legislaci\u00f3n es la&nbsp;<strong>asistencia militar<\/strong>, una herramienta excepcional para situaciones espec\u00edficas.<\/p>\n\n\n\n<p class=\"wp-block-paragraph\">\u201c<strong>La militarizaci\u00f3n no existe como una categor\u00eda legalmente implementable de esa forma<\/strong>\u201d, sostuvo.<\/p>\n\n\n\n<p class=\"wp-block-paragraph\">Atanasova record\u00f3 su experiencia como directora de seguridad de Bogot\u00e1 y explic\u00f3 que durante su gesti\u00f3n las Fuerzas Militares participaron en operativos contra los llamados&nbsp;<strong>tierreros<\/strong>, pero como apoyo puntual y no como una presencia permanente en las calles.<\/p>\n\n\n\n<p class=\"wp-block-paragraph\">El cabildo deber\u00e1 discutirse en el Concejo de Bogot\u00e1<\/p>\n\n\n\n<p class=\"wp-block-paragraph\">El respaldo de m\u00e1s de&nbsp;<strong>37.000 ciudadanos<\/strong>&nbsp;obliga al Concejo de Bogot\u00e1 a programar el cabildo dentro de un plazo m\u00e1ximo de&nbsp;<strong>30 d\u00edas<\/strong>, con la participaci\u00f3n del alcalde Carlos Fernando Gal\u00e1n.<\/p>\n\n\n\n<p class=\"wp-block-paragraph\">Sin embargo, la discusi\u00f3n no implica que la administraci\u00f3n distrital est\u00e9 obligada a implementar la militarizaci\u00f3n, pues el cabildo&nbsp;<strong>no tiene car\u00e1cter vinculante<\/strong>.<\/p>\n\n\n\n<figure class=\"wp-block-image size-full\"><img loading=\"lazy\" decoding=\"async\" width=\"650\" height=\"365\" src=\"https:\/\/elchiq.com\/wp-content\/uploads\/2026\/08\/Pub-Loterias-Cauca-Boyaca-y-Baloto.jpg\" alt=\"\" class=\"wp-image-14360\" srcset=\"https:\/\/elchiq.com\/wp-content\/uploads\/2026\/08\/Pub-Loterias-Cauca-Boyaca-y-Baloto.jpg 650w, https:\/\/elchiq.com\/wp-content\/uploads\/2026\/08\/Pub-Loterias-Cauca-Boyaca-y-Baloto-300x168.jpg 300w\" sizes=\"auto, (max-width: 650px) 100vw, 650px\" \/><\/figure>\n\n\n\n<p class=\"wp-block-paragraph\">El debate ocurre adem\u00e1s mientras la Administraci\u00f3n distrital sostiene que varios indicadores de criminalidad han presentado disminuciones. Esto plantea una discusi\u00f3n sobre si el refuerzo militar es necesario para enfrentar los delitos que persisten o si deben fortalecerse las capacidades de la Polic\u00eda y las estrategias civiles de seguridad.<\/p>\n\n\n\n<p class=\"wp-block-paragraph\">La controversia tampoco es exclusiva de Bogot\u00e1. En otras ciudades, como&nbsp;<strong>Barranquilla<\/strong>, tambi\u00e9n se ha planteado la posibilidad de recurrir a las Fuerzas Militares frente a problemas de seguridad. Incluso en otros departamentos se ha discutido su participaci\u00f3n para atender emergencias y situaciones cr\u00edticas.<\/p>\n\n\n\n<p class=\"wp-block-paragraph\">As\u00ed, el cabildo que deber\u00e1 realizar el Concejo se convertir\u00e1 en un nuevo escenario para medir hasta d\u00f3nde est\u00e1 dispuesta Bogot\u00e1 a recurrir a las Fuerzas Militares para enfrentar la criminalidad y cu\u00e1l debe ser el l\u00edmite entre&nbsp;<strong>asistencia militar y militarizaci\u00f3n de la seguridad urbana<\/strong>.<\/p>\n\n\n\n<p class=\"wp-block-paragraph\"><strong><em>Bloque de preguntas y respuestas<\/em><\/strong><\/p>\n\n\n\n<ul class=\"wp-block-list\">\n<li>\u00bfPor qu\u00e9 proponen militarizar Bogot\u00e1 para mejorar la seguridad?<\/li>\n<\/ul>\n\n\n\n<p class=\"wp-block-paragraph\">La propuesta busca que el&nbsp;<strong>Ej\u00e9rcito apoye a la Polic\u00eda<\/strong>&nbsp;frente al aumento de la criminalidad. Sus promotores se\u00f1alan que en Bogot\u00e1 operan m\u00e1s de&nbsp;<strong>200 bandas criminales<\/strong>&nbsp;vinculadas a delitos como homicidio, extorsi\u00f3n, secuestro y hurto.<\/p>\n\n\n\n<ul class=\"wp-block-list\">\n<li>\u00bfCu\u00e1ntas firmas respaldaron el cabildo sobre la seguridad en Bogot\u00e1?<\/li>\n<\/ul>\n\n\n\n<p class=\"wp-block-paragraph\">La iniciativa recibi\u00f3 el respaldo de&nbsp;<strong>m\u00e1s de 37.000 firmas<\/strong>, certificadas por la Registradur\u00eda. Por esta raz\u00f3n, el&nbsp;<strong>Concejo de Bogot\u00e1<\/strong>&nbsp;debe convocar un cabildo abierto con participaci\u00f3n del alcalde Carlos Fernando Gal\u00e1n.<\/p>\n\n\n\n<ul class=\"wp-block-list\">\n<li>\u00bfQu\u00e9 funciones tendr\u00eda el Ej\u00e9rcito en la seguridad de Bogot\u00e1?<\/li>\n<\/ul>\n\n\n\n<p class=\"wp-block-paragraph\">La propuesta plantea que las&nbsp;<strong>Fuerzas Militares complementen el trabajo de la Polic\u00eda<\/strong>, aportando hombres, veh\u00edculos y tecnolog\u00eda para reforzar el control territorial en las zonas consideradas m\u00e1s cr\u00edticas.<\/p>\n\n\n\n<ul class=\"wp-block-list\">\n<li>\u00bfEs legal militarizar Bogot\u00e1?<\/li>\n<\/ul>\n\n\n\n<p class=\"wp-block-paragraph\">La concejal Donka Atanasova se\u00f1al\u00f3 que la&nbsp;<strong>militarizaci\u00f3n<\/strong>&nbsp;no existe como una categor\u00eda legal para establecer una presencia permanente del Ej\u00e9rcito en las calles. La legislaci\u00f3n contempla la&nbsp;<strong>asistencia militar<\/strong>&nbsp;como herramienta excepcional.<\/p>\n\n\n\n<ul class=\"wp-block-list\">\n<li>\u00bfEl cabildo sobre militarizaci\u00f3n de Bogot\u00e1 obliga al alcalde a aplicar la medida?<\/li>\n<\/ul>\n\n\n\n<p class=\"wp-block-paragraph\">No. Aunque el Concejo debe realizar el&nbsp;<strong>cabildo abierto<\/strong>&nbsp;dentro del plazo establecido, sus conclusiones&nbsp;<strong>no tienen car\u00e1cter vinculante<\/strong>. Por lo tanto, la discusi\u00f3n no obliga a la administraci\u00f3n distrital a militarizar la ciudad.<\/p>\n\n\n\n<p class=\"wp-block-paragraph\">Lea tambi\u00e9n: entre escombros y esperanza: los rescates que conmueven a Colombia tras el terremoto&nbsp;<a href=\"https:\/\/elchiq.com\/index.php\/2026\/08\/13\/entre-escombros-y-esperanza-los-rescates-que-conmueven-a-colombia-tras-el-terremoto\/\">https:\/\/elchiq.com\/index.php\/2026\/08\/13\/entre-escombros-y-esperanza-los-rescates-que-conmueven-a-colombia-tras-el-terremoto\/<\/a><\/p>\n\n\n\n<p class=\"wp-block-paragraph\">www.elchiq.com https:\/\/www.google.com\/search?q=elchiq&amp;oq=elch&amp;gs_l<\/p>\n\n\n\n<p class=\"wp-block-paragraph\">Escuche la decembrina: https:\/\/ladecembrina.radio12345com\/google_vignette<\/p>\n\n\n\n<p class=\"wp-block-paragraph\">S\u00edganos en Facebook, Instagram, Telegram, Twitch, Discord, Linkedin, Flipboard, Mastodon,YouTube, X, Spotify, TikTok, Bluesky y nuestro canal de WhatsApp, para que reciba noticias de \u00faltima hora y m\u00e1s contenidos<\/p>\n","protected":false},"excerpt":{"rendered":"<p>La propuesta fue respaldada por m\u00e1s de 37.000 firmas que fueron certificadas por la Registradur\u00eda, lo que obliga al Concejo a convocar un cabildo abierto. Por: redacci\u00f3n FM y elchiq.comhttps:\/\/www.google.com\/search?q=elchiq&amp;oq=elch&amp;gs_l La&nbsp;seguridad en Bogot\u00e1&nbsp;vuelve a estar en el centro de la discusi\u00f3n pol\u00edtica luego de que una propuesta para utilizar al Ej\u00e9rcito como apoyo a la [&hellip;]<\/p>\n","protected":false},"author":2,"featured_media":0,"comment_status":"closed","ping_status":"closed","sticky":false,"template":"","format":"standard","meta":{"footnotes":""},"categories":[1],"tags":[],"class_list":["post-14356","post","type-post","status-publish","format-standard","hentry","category-uncategorized"],"_links":{"self":[{"href":"https:\/\/elchiq.com\/index.php\/wp-json\/wp\/v2\/posts\/14356","targetHints":{"allow":["GET"]}}],"collection":[{"href":"https:\/\/elchiq.com\/index.php\/wp-json\/wp\/v2\/posts"}],"about":[{"href":"https:\/\/elchiq.com\/index.php\/wp-json\/wp\/v2\/types\/post"}],"author":[{"embeddable":true,"href":"https:\/\/elchiq.com\/index.php\/wp-json\/wp\/v2\/users\/2"}],"replies":[{"embeddable":true,"href":"https:\/\/elchiq.com\/index.php\/wp-json\/wp\/v2\/comments?post=14356"}],"version-history":[{"count":1,"href":"https:\/\/elchiq.com\/index.php\/wp-json\/wp\/v2\/posts\/14356\/revisions"}],"predecessor-version":[{"id":14361,"href":"https:\/\/elchiq.com\/index.php\/wp-json\/wp\/v2\/posts\/14356\/revisions\/14361"}],"wp:attachment":[{"href":"https:\/\/elchiq.com\/index.php\/wp-json\/wp\/v2\/media?parent=14356"}],"wp:term":[{"taxonomy":"category","embeddable":true,"href":"https:\/\/elchiq.com\/index.php\/wp-json\/wp\/v2\/categories?post=14356"},{"taxonomy":"post_tag","embeddable":true,"href":"https:\/\/elchiq.com\/index.php\/wp-json\/wp\/v2\/tags?post=14356"}],"curies":[{"name":"wp","href":"https:\/\/api.w.org\/{rel}","templated":true}]}}