{"id":14365,"date":"2026-08-31T21:45:19","date_gmt":"2026-09-01T02:45:19","guid":{"rendered":"https:\/\/elchiq.com\/?p=14365"},"modified":"2026-08-31T21:45:19","modified_gmt":"2026-09-01T02:45:19","slug":"via-libre-para-la-construccion-del-puente-tibanica-en-bosa-beneficiara-a-250-mil-personas-de-ciudad-verde","status":"publish","type":"post","link":"https:\/\/elchiq.com\/index.php\/2026\/08\/31\/via-libre-para-la-construccion-del-puente-tibanica-en-bosa-beneficiara-a-250-mil-personas-de-ciudad-verde\/","title":{"rendered":"V\u00eda libre para la construcci\u00f3n del puente Tibanica en Bosa, beneficiar\u00e1 a 250 mil personas de Ciudad Verde"},"content":{"rendered":"\n<p class=\"wp-block-paragraph\">La Asamblea de Cundinamarca aprob\u00f3 los recursos para financiar la obra que unir\u00e1 a Bogot\u00e1 con Soacha por la Avenida Ciudad de Cali por valor de $100 mil millones<\/p>\n\n\n\n<figure class=\"wp-block-image size-full is-resized\"><img loading=\"lazy\" decoding=\"async\" width=\"697\" height=\"445\" src=\"https:\/\/elchiq.com\/wp-content\/uploads\/2026\/08\/Galan-y-rey.jpg\" alt=\"\" class=\"wp-image-14366\" style=\"aspect-ratio:1.5663120193827031;width:926px;height:auto\" srcset=\"https:\/\/elchiq.com\/wp-content\/uploads\/2026\/08\/Galan-y-rey.jpg 697w, https:\/\/elchiq.com\/wp-content\/uploads\/2026\/08\/Galan-y-rey-300x192.jpg 300w\" sizes=\"auto, (max-width: 697px) 100vw, 697px\" \/><\/figure>\n\n\n\n<p class=\"wp-block-paragraph\">Por: redacci\u00f3n Infobae y elchiq.com <a href=\"https:\/\/www.google.com\/search?q=elchiq&amp;oq=elch&amp;gs_lcrp=EgZjaHJvbWUqDggAEEUYJxg7GIAEGIoFMg4IABBFGCcYOxiABBiKBTIPCAEQLhhDGLEDGIAEGIoFMg8IAhAuGEMYsQMYgAQYigUyBggDEEUYOTIHCAQQABiABDIHCAUQLhiABDIHCAYQABiABDIHCAcQABiABDIJCAgQABgKGIAEMgkICRAAGAoYgATSAQoxNjkwNWowajE1qAIMsAIB8QWjlxl85iD_VA&amp;sourceid=chrome&amp;ie=UTF-8\">https:\/\/www.google.com\/search?q=elchiq&amp;oq=elch&amp;gs_l<\/a><\/p>\n\n\n\n<p class=\"wp-block-paragraph\">La construcci\u00f3n del puente Tibanica, una obra esperada durante m\u00e1s de una d\u00e9cada por los habitantes de Bogot\u00e1 y Soacha, por fin tiene fecha de arranque. Despu\u00e9s de 13 a\u00f1os de tr\u00e1mites, mesas de concertaci\u00f3n y acuerdos con las comunidades, el gobernador Jorge Emilio Rey anunci\u00f3 que la licitaci\u00f3n se adjudicar\u00e1 el pr\u00f3ximo 26 de septiembre y que las obras comenzar\u00e1n en noviembre de este a\u00f1o.<\/p>\n\n\n\n<figure class=\"wp-block-image size-full\"><img loading=\"lazy\" decoding=\"async\" width=\"495\" height=\"619\" src=\"https:\/\/elchiq.com\/wp-content\/uploads\/2026\/08\/Pub-Abaco-terremoto-2026-147.jpg\" alt=\"\" class=\"wp-image-14367\" srcset=\"https:\/\/elchiq.com\/wp-content\/uploads\/2026\/08\/Pub-Abaco-terremoto-2026-147.jpg 495w, https:\/\/elchiq.com\/wp-content\/uploads\/2026\/08\/Pub-Abaco-terremoto-2026-147-240x300.jpg 240w\" sizes=\"auto, (max-width: 495px) 100vw, 495px\" \/><\/figure>\n\n\n\n<p class=\"wp-block-paragraph\">El puente conectar\u00e1 la avenida Ciudad de Cali, en Bosa, con la avenida Terreros, en Ciudad Verde, y beneficiar\u00e1 a m\u00e1s de 250.000 personas que hoy dependen de la congestionada Autopista Sur para movilizarse entre la capital y Soacha. La obra, que supera los $100.000 millones de inversi\u00f3n y contar\u00e1 con carriles para veh\u00edculos, TransMilenio, bicicletas y peatones, se convierte en uno de los proyectos de movilidad m\u00e1s esperados para&nbsp;<a href=\"https:\/\/www.las2orillas.co\/cual-es-el-pueblo-de-cundinamarca-que-gano-fama-internacional-como-uno-de-los-mas-lindos-del-mundo\/\" target=\"_blank\" rel=\"noopener\">la regi\u00f3n metropolitana.<\/a><\/p>\n\n\n\n<p class=\"wp-block-paragraph\">El Gobernador de Cundinamarca, Jorge Emilio Rey \u00c1ngel, anunci\u00f3 que el pr\u00f3ximo 26 de septiembre se adjudicar\u00e1 la licitaci\u00f3n y las obras iniciar\u00e1n en noviembre de 2026. Rey dio el visto bueno con la firma de la ordenanza que aprueba las vigencias futuras autorizadas por la Asamblea.<\/p>\n\n\n\n<p class=\"wp-block-paragraph\">El mandatario departamental asegur\u00f3 que la obra permitir\u00e1 unir a Soacha con la capital del pa\u00eds. &nbsp;El proyecto est\u00e1 en manos del Instituto de Caminos y Construcciones de Cundinamarca (ICCU), que se encargar\u00e1 de adelantar el proceso licitatorio para la&nbsp;<a href=\"https:\/\/www.infobae.com\/colombia\/2026\/08\/28\/carolina-arbelaez-conservara-su-esquema-de-proteccion-por-riesgo-extraordinario-tras-decisio\" target=\"_blank\" rel=\"noopener\">adjudicaci\u00f3n de las obras.<\/a><\/p>\n\n\n\n<figure class=\"wp-block-image size-full\"><img loading=\"lazy\" decoding=\"async\" width=\"740\" height=\"625\" src=\"https:\/\/elchiq.com\/wp-content\/uploads\/2026\/08\/Pub-licorera-de-cundinamarca-47.jpg\" alt=\"\" class=\"wp-image-14368\" srcset=\"https:\/\/elchiq.com\/wp-content\/uploads\/2026\/08\/Pub-licorera-de-cundinamarca-47.jpg 740w, https:\/\/elchiq.com\/wp-content\/uploads\/2026\/08\/Pub-licorera-de-cundinamarca-47-300x253.jpg 300w\" sizes=\"auto, (max-width: 740px) 100vw, 740px\" \/><\/figure>\n\n\n\n<p class=\"wp-block-paragraph\">La Alcald\u00eda de Bogot\u00e1, a trav\u00e9s del Instituto de Desarrollo Urbano (IDU), aportar\u00e1 el 47,68% del valor, que son $56.685 millones. Por su parte, el Instituto de Caminos y Construcciones de Cundinamarca (ICCU) har\u00e1 un aporte de 1,09% por un monto de $1.292 millones; la Agencia Regional de Movilidad (ARM), el 8,41% entregando la suma de $10.000 millones; la Gobernaci\u00f3n de Cundinamarca desembolsar\u00e1 el 30,86%, correspondiente a la suma de $36.385 millones y, por \u00faltimo, la alcald\u00eda de Soacha entregar\u00e1 el 11,97%, equivalente a $14.232 millones. El convenio interadministrativo entre la Alcald\u00eda de Bogot\u00e1, la Gobernaci\u00f3n de Cundinamarca, la Alcald\u00eda de Soacha, la Agencia Regional de Movilidad y el Instituto de Caminos y Construcciones de Cundinamarca fue el punto de partido.<\/p>\n\n\n\n<p class=\"wp-block-paragraph\">Los barrios Manzanares, San Diego, Esperanza Tibanica y primavera, en la localidad de Bosa, tambi\u00e9n se ver\u00e1n beneficiados con la obra. Para la firma del convenio, tambi\u00e9n fue fundamental la inclusi\u00f3n del Gobernador Ind\u00edgena del Cabildo Muisca de Bosa, Ricardo Neuta.<\/p>\n\n\n\n<p class=\"wp-block-paragraph\"><\/p>\n\n\n\n<p class=\"wp-block-paragraph\">El proceso para la construcci\u00f3n tard\u00f3 alrededor de 13 a\u00f1os. Empez\u00f3 a finales de 2012 durante la administraci\u00f3n del exalcalde de Bogot\u00e1 Gustavo Petro. Durante esos a\u00f1os, hubo reuniones de concertaci\u00f3n social y consultas previas con la comunidad ind\u00edgena perteneciente al cabildo Muisca que habita en la zona, quienes velan por la protecci\u00f3n del&nbsp;<a href=\"https:\/\/www.elcolombiano.com\/colombia\/dia-biblia-chia-anulado-tribunal-cundinamarca-por-que-EA40404514\" target=\"_blank\" rel=\"noopener\">territorio ancestral.<\/a><\/p>\n\n\n\n<p class=\"wp-block-paragraph\">En busca de una soluci\u00f3n, se desarrollaron m\u00e1s de 45 mesas t\u00e9cnicas. All\u00ed, particip\u00f3 la comunidad afectada, logrando la estructuraci\u00f3n t\u00e9cnica inicial del proyecto. Finalmente, el acuerdo definitivo lo consigui\u00f3 el Alcalde Carlos Fernando Gal\u00e1n, conjuntamente con el Gobernador de Cundinamarca, Jorge Emilio Rey.<\/p>\n\n\n\n<figure class=\"wp-block-image size-large\"><img loading=\"lazy\" decoding=\"async\" width=\"1024\" height=\"791\" src=\"https:\/\/elchiq.com\/wp-content\/uploads\/2026\/08\/Pub-inm-nuevo-102-1024x791.jpg\" alt=\"\" class=\"wp-image-14369\" srcset=\"https:\/\/elchiq.com\/wp-content\/uploads\/2026\/08\/Pub-inm-nuevo-102-1024x791.jpg 1024w, https:\/\/elchiq.com\/wp-content\/uploads\/2026\/08\/Pub-inm-nuevo-102-300x232.jpg 300w, https:\/\/elchiq.com\/wp-content\/uploads\/2026\/08\/Pub-inm-nuevo-102-767x593.jpg 767w, https:\/\/elchiq.com\/wp-content\/uploads\/2026\/08\/Pub-inm-nuevo-102-1536x1187.jpg 1536w, https:\/\/elchiq.com\/wp-content\/uploads\/2026\/08\/Pub-inm-nuevo-102.jpg 1650w\" sizes=\"auto, (max-width: 1024px) 100vw, 1024px\" \/><\/figure>\n\n\n\n<p class=\"wp-block-paragraph\">El puente Tibanica tendr\u00e1 una longitud de 87 metros y un ancho de 50 metros, cuatro carriles de tr\u00e1fico mixto, dos por sentido y un separador central, una cicloruta y un paso peatonal por cada sentido. Tambi\u00e9n contar\u00e1 con un carril exclusivo para Transmilenio, que conectar\u00e1 con la Avenida Ciudad de Cali y la Avenida Terreros. La nueva v\u00eda tambi\u00e9n incluye la construcci\u00f3n de nuevos tramos viales con una extensi\u00f3n de 1.000 metros. Adem\u00e1s, la novedosa obra tendr\u00e1 una intersecci\u00f3n semaforizada con retornos viales. La estructura estar\u00e1 compuesta por una placa en concreto reforzado sobre vigas con cables o barras de acero de alta resistencia.&nbsp;<\/p>\n\n\n\n<p class=\"wp-block-paragraph\">Lea tambi\u00e9n: entre escombros y esperanza: los rescates que conmueven a Colombia tras el terremoto&nbsp;<a href=\"https:\/\/elchiq.com\/index.php\/2026\/08\/13\/entre-escombros-y-esperanza-los-rescates-que-conmueven-a-colombia-tras-el-terremoto\/\">https:\/\/elchiq.com\/index.php\/2026\/08\/13\/entre-escombros-y-esperanza-los-rescates-que-conmueven-a-colombia-tras-el-terremoto\/<\/a><\/p>\n\n\n\n<p class=\"wp-block-paragraph\">www.elchiq.com https:\/\/www.google.com\/search?q=elchiq&amp;oq=elch&amp;gs_l<\/p>\n\n\n\n<p class=\"wp-block-paragraph\">Escuche la decembrina: https:\/\/ladecembrina.radio12345com\/google_vignette<\/p>\n\n\n\n<p class=\"wp-block-paragraph\">S\u00edganos en Facebook, Instagram, Telegram, Twitch, Discord, Linkedin, Flipboard, Mastodon,YouTube, X, Spotify, TikTok, Bluesky y nuestro canal de WhatsApp, para que reciba noticias de \u00faltima hora y m\u00e1s contenidos<\/p>\n","protected":false},"excerpt":{"rendered":"<p>La Asamblea de Cundinamarca aprob\u00f3 los recursos para financiar la obra que unir\u00e1 a Bogot\u00e1 con Soacha por la Avenida Ciudad de Cali por valor de $100 mil millones Por: redacci\u00f3n Infobae y elchiq.com https:\/\/www.google.com\/search?q=elchiq&amp;oq=elch&amp;gs_l La construcci\u00f3n del puente Tibanica, una obra esperada durante m\u00e1s de una d\u00e9cada por los habitantes de Bogot\u00e1 y Soacha, [&hellip;]<\/p>\n","protected":false},"author":2,"featured_media":0,"comment_status":"closed","ping_status":"closed","sticky":false,"template":"","format":"standard","meta":{"footnotes":""},"categories":[1],"tags":[],"class_list":["post-14365","post","type-post","status-publish","format-standard","hentry","category-uncategorized"],"_links":{"self":[{"href":"https:\/\/elchiq.com\/index.php\/wp-json\/wp\/v2\/posts\/14365","targetHints":{"allow":["GET"]}}],"collection":[{"href":"https:\/\/elchiq.com\/index.php\/wp-json\/wp\/v2\/posts"}],"about":[{"href":"https:\/\/elchiq.com\/index.php\/wp-json\/wp\/v2\/types\/post"}],"author":[{"embeddable":true,"href":"https:\/\/elchiq.com\/index.php\/wp-json\/wp\/v2\/users\/2"}],"replies":[{"embeddable":true,"href":"https:\/\/elchiq.com\/index.php\/wp-json\/wp\/v2\/comments?post=14365"}],"version-history":[{"count":1,"href":"https:\/\/elchiq.com\/index.php\/wp-json\/wp\/v2\/posts\/14365\/revisions"}],"predecessor-version":[{"id":14370,"href":"https:\/\/elchiq.com\/index.php\/wp-json\/wp\/v2\/posts\/14365\/revisions\/14370"}],"wp:attachment":[{"href":"https:\/\/elchiq.com\/index.php\/wp-json\/wp\/v2\/media?parent=14365"}],"wp:term":[{"taxonomy":"category","embeddable":true,"href":"https:\/\/elchiq.com\/index.php\/wp-json\/wp\/v2\/categories?post=14365"},{"taxonomy":"post_tag","embeddable":true,"href":"https:\/\/elchiq.com\/index.php\/wp-json\/wp\/v2\/tags?post=14365"}],"curies":[{"name":"wp","href":"https:\/\/api.w.org\/{rel}","templated":true}]}}