{"id":14374,"date":"2026-08-31T22:13:50","date_gmt":"2026-09-01T03:13:50","guid":{"rendered":"https:\/\/elchiq.com\/?p=14374"},"modified":"2026-08-31T22:13:50","modified_gmt":"2026-09-01T03:13:50","slug":"cundinamarca-suspende-quemas-controladas-en-los-116-municipios-por-riesgo-de-incendios-ante-el-nino","status":"publish","type":"post","link":"https:\/\/elchiq.com\/index.php\/2026\/08\/31\/cundinamarca-suspende-quemas-controladas-en-los-116-municipios-por-riesgo-de-incendios-ante-el-nino\/","title":{"rendered":"Cundinamarca suspende quemas controladas en los 116 municipios por riesgo de incendios ante El Ni\u00f1o"},"content":{"rendered":"\n<p class=\"wp-block-paragraph\">La medida aplica en zonas rurales de todo el departamento y restringe quemas utilizadas en actividades agr\u00edcolas, mineras y manejo de rastrojos. Las autoridades advierten sobre posibles sanciones para quienes incumplan.<\/p>\n\n\n\n<figure class=\"wp-block-image size-full is-resized\"><img loading=\"lazy\" decoding=\"async\" width=\"589\" height=\"393\" src=\"https:\/\/elchiq.com\/wp-content\/uploads\/2026\/08\/image-168.png\" alt=\"\" class=\"wp-image-14375\" style=\"aspect-ratio:1.498807157057654;width:916px;height:auto\" srcset=\"https:\/\/elchiq.com\/wp-content\/uploads\/2026\/08\/image-168.png 589w, https:\/\/elchiq.com\/wp-content\/uploads\/2026\/08\/image-168-300x200.png 300w\" sizes=\"auto, (max-width: 589px) 100vw, 589px\" \/><\/figure>\n\n\n\n<p class=\"wp-block-paragraph\">Por: Extrategia Noticia y elchiq.com<a href=\"https:\/\/www.google.com\/search?q=elchiq&amp;oq=elch&amp;gs_lcrp=EgZjaHJvbWUqDggAEEUYJxg7GIAEGIoFMg4IABBFGCcYOxiABBiKBTIPCAEQLhhDGLEDGIAEGIoFMg8IAhAuGEMYsQMYgAQYigUyBggDEEUYOTIHCAQQABiABDIHCAUQLhiABDIHCAYQABiABDIHCAcQABiABDIJCAgQABgKGIAEMgkICRAAGAoYgATSAQoxNjkwNWowajE1qAIMsAIB8QWjlxl85iD_VA&amp;sourceid=chrome&amp;ie=UTF-8\">https:\/\/www.google.com\/search?q=elchiq&amp;oq=elch&amp;gs_l<\/a><\/p>\n\n\n\n<p class=\"wp-block-paragraph\">Cundinamarca reforz\u00f3 las medidas de prevenci\u00f3n ante el fen\u00f3meno de El Ni\u00f1o y suspendi\u00f3 temporalmente las quemas abiertas controladas en las zonas rurales de sus 116 municipios, debido al aumento previsto de las temperaturas, la disminuci\u00f3n de las lluvias y el mayor riesgo de incendios de cobertura vegetal.<\/p>\n\n\n\n<p class=\"wp-block-paragraph\">La disposici\u00f3n fue establecida por la&nbsp;<em>Unidad Administrativa Especial para la Gesti\u00f3n del Riesgo de Desastres de Cundinamarca (UAEGRD)<\/em>, mediante la&nbsp;<em>Circular No. 012 del 25 de agosto de 2026<\/em>, dirigida a alcaldes,&nbsp;<em>inspecciones de Polic\u00eda<\/em>&nbsp;y&nbsp;<em>Consejos Municipales de Gesti\u00f3n del Riesgo<\/em>.<\/p>\n\n\n\n<p class=\"wp-block-paragraph\">Seg\u00fan la informaci\u00f3n oficial citada en el documento, existe una probabilidad superior al 90 % de que el fen\u00f3meno de El Ni\u00f1o alcance una intensidad muy fuerte entre septiembre de 2026 y febrero de 2027, escenario que podr\u00eda incrementar considerablemente las condiciones favorables para la ocurrencia y propagaci\u00f3n de incendios.<\/p>\n\n\n\n<p class=\"wp-block-paragraph\">&#8211; Publicidad &#8211;<\/p>\n\n\n\n<p class=\"wp-block-paragraph\">Para Cundinamarca y otras zonas de la regi\u00f3n Andina se proyectan reducciones de las lluvias de entre el 30 % y el 70 %, acompa\u00f1adas de aumentos de temperatura de entre 1 \u00b0C y 3 \u00b0C, con posibles incrementos de hasta 5 \u00b0C en determinados sectores.<\/p>\n\n\n\n<p class=\"wp-block-paragraph\"><strong>\u00bfQu\u00e9 quemas quedan suspendidas en Cundinamarca?<\/strong><strong><\/strong><\/p>\n\n\n\n<p class=\"wp-block-paragraph\">La medida suspende temporalmente las quemas abiertas controladas empleadas para la preparaci\u00f3n de terrenos agr\u00edcolas, el descapote de \u00e1reas destinadas a actividades mineras, la recolecci\u00f3n de cosechas, el manejo de rastrojos y el control de heladas.<\/p>\n\n\n\n<figure class=\"wp-block-image size-full\"><img loading=\"lazy\" decoding=\"async\" width=\"512\" height=\"640\" src=\"https:\/\/elchiq.com\/wp-content\/uploads\/2026\/08\/pUB-mINUTO-COL-52.jpg\" alt=\"\" class=\"wp-image-14376\" srcset=\"https:\/\/elchiq.com\/wp-content\/uploads\/2026\/08\/pUB-mINUTO-COL-52.jpg 512w, https:\/\/elchiq.com\/wp-content\/uploads\/2026\/08\/pUB-mINUTO-COL-52-240x300.jpg 240w\" sizes=\"auto, (max-width: 512px) 100vw, 512px\" \/><\/figure>\n\n\n\n<p class=\"wp-block-paragraph\">La restricci\u00f3n permanecer\u00e1 vigente hasta que el&nbsp;<em>Instituto de Hidrolog\u00eda, Meteorolog\u00eda y Estudios Ambientales (IDEAM)<\/em>&nbsp;informe oficialmente que han cesado las condiciones que dieron origen a la medida.<\/p>\n\n\n\n<p class=\"wp-block-paragraph\">Las autoridades departamentales solicitaron a los 116 municipios mantener el alistamiento institucional y divulgar ampliamente la restricci\u00f3n, principalmente entre comunidades rurales, juntas de acci\u00f3n comunal, productores agropecuarios y sectores relacionados con actividades mineras.<\/p>\n\n\n\n<p class=\"wp-block-paragraph\">Adem\u00e1s, los municipios deber\u00e1n reforzar los patrullajes en coordinaci\u00f3n con la&nbsp;<em>Polic\u00eda<\/em>&nbsp;y las&nbsp;<em>Autoridades Ambientales<\/em>, verificar la capacidad de respuesta de los cuerpos de bomberos y promover acciones orientadas a prevenir incendios y fomentar el uso responsable del agua.<\/p>\n\n\n\n<figure class=\"wp-block-image size-large is-resized\"><img loading=\"lazy\" decoding=\"async\" width=\"818\" height=\"1024\" src=\"https:\/\/elchiq.com\/wp-content\/uploads\/2026\/08\/Pub-Aborto-818x1024.jpg\" alt=\"\" class=\"wp-image-14377\" style=\"aspect-ratio:0.7988250553139544;width:551px;height:auto\" srcset=\"https:\/\/elchiq.com\/wp-content\/uploads\/2026\/08\/Pub-Aborto-818x1024.jpg 818w, https:\/\/elchiq.com\/wp-content\/uploads\/2026\/08\/Pub-Aborto-240x300.jpg 240w, https:\/\/elchiq.com\/wp-content\/uploads\/2026\/08\/Pub-Aborto-768x961.jpg 768w, https:\/\/elchiq.com\/wp-content\/uploads\/2026\/08\/Pub-Aborto-1227x1536.jpg 1227w, https:\/\/elchiq.com\/wp-content\/uploads\/2026\/08\/Pub-Aborto.jpg 1636w\" sizes=\"auto, (max-width: 818px) 100vw, 818px\" \/><\/figure>\n\n\n\n<p class=\"wp-block-paragraph\"><strong>Hacer quemas no autorizadas puede generar sanciones<\/strong><strong><\/strong><\/p>\n\n\n\n<p class=\"wp-block-paragraph\">La Circular advierte que realizar quemas incumpliendo las restricciones puede derivar en sanciones ambientales, medidas policivas e investigaciones penales, dependiendo de las circunstancias de cada caso y de los da\u00f1os que eventualmente se ocasionen.<\/p>\n\n\n\n<p class=\"wp-block-paragraph\">&#8211; Publicidad &#8211;<\/p>\n\n\n\n<p class=\"wp-block-paragraph\">Las consecuencias previstas en la legislaci\u00f3n colombiana pueden incluir multas, suspensi\u00f3n de actividades y, cuando se configuren las conductas establecidas en la normativa penal, penas privativas de la libertad.<\/p>\n\n\n\n<p class=\"wp-block-paragraph\">La&nbsp;<em>UAEGRD<\/em>&nbsp;continuar\u00e1 haciendo seguimiento a las condiciones clim\u00e1ticas y mantendr\u00e1 la coordinaci\u00f3n con los 116 municipios y los organismos operativos ante la posibilidad de que se presenten emergencias durante los pr\u00f3ximos meses.<\/p>\n\n\n\n<p class=\"wp-block-paragraph\">Las autoridades tambi\u00e9n reiteraron el llamado a la ciudadan\u00eda para evitar cualquier quema no autorizada y reportar inmediatamente columnas de humo, conatos o incendios de cobertura vegetal, especialmente en \u00e1reas rurales, bosques, pastizales y zonas agr\u00edcolas.<\/p>\n\n\n\n<figure class=\"wp-block-image size-large\"><img loading=\"lazy\" decoding=\"async\" width=\"1024\" height=\"791\" src=\"https:\/\/elchiq.com\/wp-content\/uploads\/2026\/08\/Pub-inm-nuevo-103-1024x791.jpg\" alt=\"\" class=\"wp-image-14378\" srcset=\"https:\/\/elchiq.com\/wp-content\/uploads\/2026\/08\/Pub-inm-nuevo-103-1024x791.jpg 1024w, https:\/\/elchiq.com\/wp-content\/uploads\/2026\/08\/Pub-inm-nuevo-103-300x232.jpg 300w, https:\/\/elchiq.com\/wp-content\/uploads\/2026\/08\/Pub-inm-nuevo-103-767x593.jpg 767w, https:\/\/elchiq.com\/wp-content\/uploads\/2026\/08\/Pub-inm-nuevo-103-1536x1187.jpg 1536w, https:\/\/elchiq.com\/wp-content\/uploads\/2026\/08\/Pub-inm-nuevo-103.jpg 1650w\" sizes=\"auto, (max-width: 1024px) 100vw, 1024px\" \/><\/figure>\n\n\n\n<p class=\"wp-block-paragraph\">Los reportes de emergencias pueden realizarse ante el&nbsp;<em>Centro de Informaci\u00f3n y Telecomunicaciones (CITEL) de la UAEGRD<\/em>, a trav\u00e9s del celular 320 240 6929, o mediante el correo electr\u00f3nico&nbsp;<a href=\"mailto:apoyoemergencias@cundinamarca.gov.co\"><strong>apoyoemergencias@cundinamarca.gov.co<\/strong><\/a>, con el prop\u00f3sito de activar oportunamente la coordinaci\u00f3n de los organismos de respuesta.<\/p>\n\n\n\n<p class=\"wp-block-paragraph\">Bomberos atienden un incendio de cobertura vegetal en Cundinamarca, en medio de una temporada marcada por altas temperaturas y reducci\u00f3n de las lluvias. Como medida preventiva ante las condiciones asociadas al fen\u00f3meno de El Ni\u00f1o, el departamento suspendi\u00f3 temporalmente las quemas abiertas controladas en las zonas rurales de sus 116 municipios.&nbsp;<strong>Foto: Gobernaci\u00f3n de Cundinamarca.<\/strong><\/p>\n\n\n\n<p class=\"wp-block-paragraph\"><strong>La restricci\u00f3n permanecer\u00e1 vigente hasta que el IDEAM informe oficialmente que cesaron las condiciones<br>que motivaron su adopci\u00f3n.<\/strong><\/p>\n\n\n\n<p class=\"wp-block-paragraph\">Lea tambi\u00e9n: entre escombros y esperanza: los rescates que conmueven a Colombia tras el terremoto&nbsp;<a href=\"https:\/\/elchiq.com\/index.php\/2026\/08\/13\/entre-escombros-y-esperanza-los-rescates-que-conmueven-a-colombia-tras-el-terremoto\/\">https:\/\/elchiq.com\/index.php\/2026\/08\/13\/entre-escombros-y-esperanza-los-rescates-que-conmueven-a-colombia-tras-el-terremoto\/<\/a><\/p>\n\n\n\n<p class=\"wp-block-paragraph\">www.elchiq.com https:\/\/www.google.com\/search?q=elchiq&amp;oq=elch&amp;gs_l<\/p>\n\n\n\n<p class=\"wp-block-paragraph\">Escuche la decembrina: https:\/\/ladecembrina.radio12345com\/google_vignette<\/p>\n\n\n\n<p class=\"wp-block-paragraph\">S\u00edganos en Facebook, Instagram, Telegram, Twitch, Discord, Linkedin, Flipboard, Mastodon,YouTube, X, Spotify, TikTok, Bluesky y nuestro canal de WhatsApp, para que reciba noticias de \u00faltima hora y m\u00e1s contenidos<\/p>\n","protected":false},"excerpt":{"rendered":"<p>La medida aplica en zonas rurales de todo el departamento y restringe quemas utilizadas en actividades agr\u00edcolas, mineras y manejo de rastrojos. Las autoridades advierten sobre posibles sanciones para quienes incumplan. Por: Extrategia Noticia y elchiq.comhttps:\/\/www.google.com\/search?q=elchiq&amp;oq=elch&amp;gs_l Cundinamarca reforz\u00f3 las medidas de prevenci\u00f3n ante el fen\u00f3meno de El Ni\u00f1o y suspendi\u00f3 temporalmente las quemas abiertas controladas [&hellip;]<\/p>\n","protected":false},"author":2,"featured_media":0,"comment_status":"closed","ping_status":"closed","sticky":false,"template":"","format":"standard","meta":{"footnotes":""},"categories":[1],"tags":[],"class_list":["post-14374","post","type-post","status-publish","format-standard","hentry","category-uncategorized"],"_links":{"self":[{"href":"https:\/\/elchiq.com\/index.php\/wp-json\/wp\/v2\/posts\/14374","targetHints":{"allow":["GET"]}}],"collection":[{"href":"https:\/\/elchiq.com\/index.php\/wp-json\/wp\/v2\/posts"}],"about":[{"href":"https:\/\/elchiq.com\/index.php\/wp-json\/wp\/v2\/types\/post"}],"author":[{"embeddable":true,"href":"https:\/\/elchiq.com\/index.php\/wp-json\/wp\/v2\/users\/2"}],"replies":[{"embeddable":true,"href":"https:\/\/elchiq.com\/index.php\/wp-json\/wp\/v2\/comments?post=14374"}],"version-history":[{"count":1,"href":"https:\/\/elchiq.com\/index.php\/wp-json\/wp\/v2\/posts\/14374\/revisions"}],"predecessor-version":[{"id":14379,"href":"https:\/\/elchiq.com\/index.php\/wp-json\/wp\/v2\/posts\/14374\/revisions\/14379"}],"wp:attachment":[{"href":"https:\/\/elchiq.com\/index.php\/wp-json\/wp\/v2\/media?parent=14374"}],"wp:term":[{"taxonomy":"category","embeddable":true,"href":"https:\/\/elchiq.com\/index.php\/wp-json\/wp\/v2\/categories?post=14374"},{"taxonomy":"post_tag","embeddable":true,"href":"https:\/\/elchiq.com\/index.php\/wp-json\/wp\/v2\/tags?post=14374"}],"curies":[{"name":"wp","href":"https:\/\/api.w.org\/{rel}","templated":true}]}}