{"id":14405,"date":"2026-09-01T03:46:01","date_gmt":"2026-09-01T08:46:01","guid":{"rendered":"https:\/\/elchiq.com\/?p=14405"},"modified":"2026-09-01T03:46:01","modified_gmt":"2026-09-01T08:46:01","slug":"chiquinquira-se-prepara-para-celebrar-216-anos-como-villa-republicana","status":"publish","type":"post","link":"https:\/\/elchiq.com\/index.php\/2026\/09\/01\/chiquinquira-se-prepara-para-celebrar-216-anos-como-villa-republicana\/","title":{"rendered":"Chiquinquir\u00e1 se prepara para celebrar 216 a\u00f1os como Villa Republicana"},"content":{"rendered":"\n<figure class=\"wp-block-image size-large\"><img loading=\"lazy\" decoding=\"async\" width=\"1024\" height=\"627\" src=\"https:\/\/elchiq.com\/wp-content\/uploads\/2026\/09\/image-2-1024x627.png\" alt=\"\" class=\"wp-image-14406\" srcset=\"https:\/\/elchiq.com\/wp-content\/uploads\/2026\/09\/image-2-1024x627.png 1024w, https:\/\/elchiq.com\/wp-content\/uploads\/2026\/09\/image-2-300x184.png 300w, https:\/\/elchiq.com\/wp-content\/uploads\/2026\/09\/image-2-768x470.png 768w, https:\/\/elchiq.com\/wp-content\/uploads\/2026\/09\/image-2.png 1524w\" sizes=\"auto, (max-width: 1024px) 100vw, 1024px\" \/><\/figure>\n\n\n\n<p class=\"wp-block-paragraph\">Por: redacci\u00f3n Canal Boyac\u00e1 y elchiq.com<a href=\"https:\/\/www.google.com\/search?q=elchiq&amp;oq=elch&amp;gs_lcrp=EgZjaHJvbWUqDggAEEUYJxg7GIAEGIoFMg4IABBFGCcYOxiABBiKBTIPCAEQLhhDGLEDGIAEGIoFMg8IAhAuGEMYsQMYgAQYigUyBggDEEUYOTIHCAQQABiABDIHCAUQLhiABDIHCAYQABiABDIHCAcQABiABDIJCAgQABgKGIAEMgkICRAAGAoYgATSAQoxNjkwNWowajE1qAIMsAIB8QWjlxl85iD_VA&amp;sourceid=chrome&amp;ie=UTF-8\">https:\/\/www.google.com\/search?q=elchiq&amp;oq=elch&amp;gs_l<\/a><\/p>\n\n\n\n<p class=\"wp-block-paragraph\">Durante este martes, la comunidad deber\u00e1 izar las banderas de Colombia, Boyac\u00e1 y del municipio para conmemorar la historia e identidad local.<strong><\/strong><\/p>\n\n\n\n<p class=\"wp-block-paragraph\">Este martes 1 de septiembre, Chiquinquir\u00e1 celebrar\u00e1 sus 216 a\u00f1os como Villa Republicana con eventos culturales que buscan destacar la tradici\u00f3n local.<\/p>\n\n\n\n<figure class=\"wp-block-image size-full\"><img loading=\"lazy\" decoding=\"async\" width=\"495\" height=\"619\" src=\"https:\/\/elchiq.com\/wp-content\/uploads\/2026\/09\/Pub-Abaco-terremoto-2026-2.jpg\" alt=\"\" class=\"wp-image-14407\" srcset=\"https:\/\/elchiq.com\/wp-content\/uploads\/2026\/09\/Pub-Abaco-terremoto-2026-2.jpg 495w, https:\/\/elchiq.com\/wp-content\/uploads\/2026\/09\/Pub-Abaco-terremoto-2026-2-240x300.jpg 240w\" sizes=\"auto, (max-width: 495px) 100vw, 495px\" \/><\/figure>\n\n\n\n<p class=\"wp-block-paragraph\"><br><br>En el marco de esta celebraci\u00f3n, la alcald\u00eda expidi\u00f3 el Decreto 084 de 2026, mediante el cual se establece que durante la jornada cada casa, balc\u00f3n, local comercial y entidad p\u00fablica deber\u00e1 izar las banderas de Colombia, Boyac\u00e1 y del municipio, como una forma de conmemorar la historia y la identidad de la ciudad.<\/p>\n\n\n\n<figure class=\"wp-block-image size-large\"><img loading=\"lazy\" decoding=\"async\" width=\"1024\" height=\"791\" src=\"https:\/\/elchiq.com\/wp-content\/uploads\/2026\/09\/Pub-inm-nuevo-1024x791.jpg\" alt=\"\" class=\"wp-image-14408\" srcset=\"https:\/\/elchiq.com\/wp-content\/uploads\/2026\/09\/Pub-inm-nuevo-1024x791.jpg 1024w, https:\/\/elchiq.com\/wp-content\/uploads\/2026\/09\/Pub-inm-nuevo-300x232.jpg 300w, https:\/\/elchiq.com\/wp-content\/uploads\/2026\/09\/Pub-inm-nuevo-767x593.jpg 767w, https:\/\/elchiq.com\/wp-content\/uploads\/2026\/09\/Pub-inm-nuevo-1536x1187.jpg 1536w, https:\/\/elchiq.com\/wp-content\/uploads\/2026\/09\/Pub-inm-nuevo.jpg 1650w\" sizes=\"auto, (max-width: 1024px) 100vw, 1024px\" \/><\/figure>\n\n\n\n<p class=\"wp-block-paragraph\"><br><br>Cabe se\u00f1alar que durante la jornada habr\u00e1 d\u00eda c\u00edvico laborable.<br><br>\u201c\u00a1Demostremos que el orgullo de ser chiquinquire\u00f1os est\u00e1 m\u00e1s vivo que nunca!\u201d, resalt\u00f3 la administraci\u00f3n municipal.<\/p>\n\n\n\n<p class=\"wp-block-paragraph\">Lea tambi\u00e9n: entre escombros y esperanza: los rescates que conmueven a Colombia tras el terremoto&nbsp;<a href=\"https:\/\/elchiq.com\/index.php\/2026\/08\/13\/entre-escombros-y-esperanza-los-rescates-que-conmueven-a-colombia-tras-el-terremoto\/\">https:\/\/elchiq.com\/index.php\/2026\/08\/13\/entre-escombros-y-esperanza-los-rescates-que-conmueven-a-colombia-tras-el-terremoto\/<\/a><\/p>\n\n\n\n<p class=\"wp-block-paragraph\">www.elchiq.com https:\/\/www.google.com\/search?q=elchiq&amp;oq=elch&amp;gs_l<\/p>\n\n\n\n<p class=\"wp-block-paragraph\">Escuche la decembrina: https:\/\/ladecembrina.radio12345com\/google_vignette<\/p>\n\n\n\n<p class=\"wp-block-paragraph\">S\u00edganos en Facebook, Instagram, Telegram, Twitch, Discord, Linkedin, Flipboard, Mastodon,YouTube, X, Spotify, TikTok, Bluesky y nuestro canal de WhatsApp, para que reciba noticias de \u00faltima hora y m\u00e1s contenidos<\/p>\n","protected":false},"excerpt":{"rendered":"<p>Por: redacci\u00f3n Canal Boyac\u00e1 y elchiq.comhttps:\/\/www.google.com\/search?q=elchiq&amp;oq=elch&amp;gs_l Durante este martes, la comunidad deber\u00e1 izar las banderas de Colombia, Boyac\u00e1 y del municipio para conmemorar la historia e identidad local. Este martes 1 de septiembre, Chiquinquir\u00e1 celebrar\u00e1 sus 216 a\u00f1os como Villa Republicana con eventos culturales que buscan destacar la tradici\u00f3n local. En el marco de esta [&hellip;]<\/p>\n","protected":false},"author":2,"featured_media":0,"comment_status":"closed","ping_status":"closed","sticky":false,"template":"","format":"standard","meta":{"footnotes":""},"categories":[1],"tags":[],"class_list":["post-14405","post","type-post","status-publish","format-standard","hentry","category-uncategorized"],"_links":{"self":[{"href":"https:\/\/elchiq.com\/index.php\/wp-json\/wp\/v2\/posts\/14405","targetHints":{"allow":["GET"]}}],"collection":[{"href":"https:\/\/elchiq.com\/index.php\/wp-json\/wp\/v2\/posts"}],"about":[{"href":"https:\/\/elchiq.com\/index.php\/wp-json\/wp\/v2\/types\/post"}],"author":[{"embeddable":true,"href":"https:\/\/elchiq.com\/index.php\/wp-json\/wp\/v2\/users\/2"}],"replies":[{"embeddable":true,"href":"https:\/\/elchiq.com\/index.php\/wp-json\/wp\/v2\/comments?post=14405"}],"version-history":[{"count":1,"href":"https:\/\/elchiq.com\/index.php\/wp-json\/wp\/v2\/posts\/14405\/revisions"}],"predecessor-version":[{"id":14409,"href":"https:\/\/elchiq.com\/index.php\/wp-json\/wp\/v2\/posts\/14405\/revisions\/14409"}],"wp:attachment":[{"href":"https:\/\/elchiq.com\/index.php\/wp-json\/wp\/v2\/media?parent=14405"}],"wp:term":[{"taxonomy":"category","embeddable":true,"href":"https:\/\/elchiq.com\/index.php\/wp-json\/wp\/v2\/categories?post=14405"},{"taxonomy":"post_tag","embeddable":true,"href":"https:\/\/elchiq.com\/index.php\/wp-json\/wp\/v2\/tags?post=14405"}],"curies":[{"name":"wp","href":"https:\/\/api.w.org\/{rel}","templated":true}]}}