{"id":14410,"date":"2026-09-01T03:56:04","date_gmt":"2026-09-01T08:56:04","guid":{"rendered":"https:\/\/elchiq.com\/?p=14410"},"modified":"2026-09-01T03:56:04","modified_gmt":"2026-09-01T08:56:04","slug":"catedral-de-sal-de-zipaquira-abre-inscripciones-para-el-trail-running-de-colores-2026","status":"publish","type":"post","link":"https:\/\/elchiq.com\/index.php\/2026\/09\/01\/catedral-de-sal-de-zipaquira-abre-inscripciones-para-el-trail-running-de-colores-2026\/","title":{"rendered":"Catedral de Sal de Zipaquir\u00e1 abre inscripciones para el Trail Running de Colores 2026"},"content":{"rendered":"\n<p class=\"wp-block-paragraph\"><em>Se trata de un espect\u00e1culo deportivo a&nbsp;<strong>180 metros bajo tierra<\/strong>&nbsp;que s\u00f3lo se puede vivir en la&nbsp;<strong>Catedral de Sal de Zipaquir\u00e1<\/strong>.<\/em><\/p>\n\n\n\n<figure class=\"wp-block-image size-full is-resized\"><img loading=\"lazy\" decoding=\"async\" width=\"640\" height=\"350\" src=\"https:\/\/elchiq.com\/wp-content\/uploads\/2026\/09\/image-3.png\" alt=\"\" class=\"wp-image-14411\" style=\"width:948px;height:auto\" srcset=\"https:\/\/elchiq.com\/wp-content\/uploads\/2026\/09\/image-3.png 640w, https:\/\/elchiq.com\/wp-content\/uploads\/2026\/09\/image-3-300x164.png 300w\" sizes=\"auto, (max-width: 640px) 100vw, 640px\" \/><\/figure>\n\n\n\n<p class=\"wp-block-paragraph\">Por: redacci\u00f3n Periodismo P\u00fablico  y elchiq.com<a href=\"https:\/\/www.google.com\/search?q=elchiq&amp;oq=elch&amp;gs_lcrp=EgZjaHJvbWUqDggAEEUYJxg7GIAEGIoFMg4IABBFGCcYOxiABBiKBTIPCAEQLhhDGLEDGIAEGIoFMg8IAhAuGEMYsQMYgAQYigUyBggDEEUYOTIHCAQQABiABDIHCAUQLhiABDIHCAYQABiABDIHCAcQABiABDIJCAgQABgKGIAEMgkICRAAGAoYgATSAQoxNjkwNWowajE1qAIMsAIB8QWjlxl85iD_VA&amp;sourceid=chrome&amp;ie=UTF-8\">https:\/\/www.google.com\/search?q=elchiq&amp;oq=elch&amp;gs_l<\/a><\/p>\n\n\n\n<p class=\"wp-block-paragraph\">Corredores, deportistas y amantes de las experiencias diferentes podr\u00e1n participar en el\u00a0<strong>Trail Running de Colores 2026 \u2013 6K<\/strong>, una carrera que combina deporte, naturaleza, m\u00fasica y diversi\u00f3n en un recorrido \u00fanico en el mundo.<\/p>\n\n\n\n<p class=\"wp-block-paragraph\">Seg\u00fan Yenny P\u00e1ez Sabogal, gerente de la&nbsp;<strong><a href=\"https:\/\/periodismopublico.com\/pclave\/catedral-de-sal\" target=\"_blank\" rel=\"noopener\">Catedral de Sal de Zipaquir\u00e1<\/a><\/strong>, esta carrera ofrecer\u00e1 a los participantes un trayecto que recorrer\u00e1 senderos del Parque de la Sal y atravesar\u00e1 la emblem\u00e1tica Catedral, permitiendo correr&nbsp;<strong>180 metros bajo tierra<\/strong>&nbsp;en uno de los escenarios tur\u00edsticos y arquitect\u00f3nicos m\u00e1s impresionantes del pa\u00eds. \u201c<em>Por supuesto, este recorrido se podr\u00e1 hacer en familia porque es un espacio en el que la diversi\u00f3n ser\u00e1 lo primordial<\/em>\u201d, dijo.<\/p>\n\n\n\n<p class=\"wp-block-paragraph\">Igualmente, los asistentes a este evento en&nbsp;<a href=\"https:\/\/periodismopublico.com\/seccion\/cundinamarca\" target=\"_blank\" rel=\"noopener\"><strong>Cundinamarca<\/strong><\/a>&nbsp;podr\u00e1n disfrutar de un ambiente lleno de entretenimiento con show de m\u00fasica en vivo, DJ invitado y una gran<strong>&nbsp;fiesta de colores<\/strong>, convirtiendo la jornada en una experiencia para compartir con familiares y amigos.<\/p>\n\n\n\n<figure class=\"wp-block-image size-large\"><img loading=\"lazy\" decoding=\"async\" width=\"1024\" height=\"791\" src=\"https:\/\/elchiq.com\/wp-content\/uploads\/2026\/09\/Pub-inm-nuevo-1-1024x791.jpg\" alt=\"\" class=\"wp-image-14412\" srcset=\"https:\/\/elchiq.com\/wp-content\/uploads\/2026\/09\/Pub-inm-nuevo-1-1024x791.jpg 1024w, https:\/\/elchiq.com\/wp-content\/uploads\/2026\/09\/Pub-inm-nuevo-1-300x232.jpg 300w, https:\/\/elchiq.com\/wp-content\/uploads\/2026\/09\/Pub-inm-nuevo-1-767x593.jpg 767w, https:\/\/elchiq.com\/wp-content\/uploads\/2026\/09\/Pub-inm-nuevo-1-1536x1187.jpg 1536w, https:\/\/elchiq.com\/wp-content\/uploads\/2026\/09\/Pub-inm-nuevo-1.jpg 1650w\" sizes=\"auto, (max-width: 1024px) 100vw, 1024px\" \/><\/figure>\n\n\n\n<p class=\"wp-block-paragraph\"><strong>Inscripciones para el Trail Running de Colores 2026<\/strong><\/p>\n\n\n\n<p class=\"wp-block-paragraph\">Las&nbsp;<strong>inscripciones<\/strong>&nbsp;tienen un valor de&nbsp;<strong>$75.000 pesos colombianos<\/strong>&nbsp;y podr\u00e1n realizarse a trav\u00e9s de&nbsp;<a href=\"http:\/\/www.catedraldesal.gov.co\/\" target=\"_blank\" rel=\"noopener\"><strong>www.catedraldesal.gov.co<\/strong><\/a>. &nbsp;<\/p>\n\n\n\n<p class=\"wp-block-paragraph\">Los cupos son limitados, por eso se invita a los interesados a asegurar su participaci\u00f3n con anticipaci\u00f3n;&nbsp;<strong>cada persona solo podr\u00e1 hacer un pago por transacci\u00f3n,<\/strong>&nbsp;pero si una persona paga m\u00e1s de un cupo, deber\u00e1 repetir el proceso y en la secci\u00f3n de informaci\u00f3n del participante colocar los datos de cada corredor.<\/p>\n\n\n\n<p class=\"wp-block-paragraph\">Podr\u00e1n inscribirse adultos y ni\u00f1os mayores de 14 a\u00f1os, quienes deber\u00e1n correr en compa\u00f1\u00eda de un adulto responsable.<\/p>\n\n\n\n<figure class=\"wp-block-image size-full\"><img loading=\"lazy\" decoding=\"async\" width=\"495\" height=\"619\" src=\"https:\/\/elchiq.com\/wp-content\/uploads\/2026\/09\/Pub-Abaco-terremoto-2026-3.jpg\" alt=\"\" class=\"wp-image-14413\" srcset=\"https:\/\/elchiq.com\/wp-content\/uploads\/2026\/09\/Pub-Abaco-terremoto-2026-3.jpg 495w, https:\/\/elchiq.com\/wp-content\/uploads\/2026\/09\/Pub-Abaco-terremoto-2026-3-240x300.jpg 240w\" sizes=\"auto, (max-width: 495px) 100vw, 495px\" \/><\/figure>\n\n\n\n<p class=\"wp-block-paragraph\">Con este evento, la&nbsp;<strong><a href=\"https:\/\/periodismopublico.com\/pclave\/catedral-de-sal\" target=\"_blank\" rel=\"noopener\">Catedral de Sal de Zipaquir\u00e1<\/a><\/strong>&nbsp;, en&nbsp;<a href=\"https:\/\/periodismopublico.com\/seccion\/cundinamarca\" target=\"_blank\" rel=\"noopener\"><strong>Cundinamarca<\/strong><\/a>, contin\u00faa fortaleciendo su apuesta por el turismo deportivo y experiencial, ofreciendo actividades que integran patrimonio, naturaleza y bienestar en un escenario reconocido a nivel nacional e internacional.<\/p>\n\n\n\n<p class=\"wp-block-paragraph\">M\u00e1s informaci\u00f3n e inscripciones:&nbsp;<a href=\"http:\/\/www.catedraldesal.gov.co\/\" target=\"_blank\" rel=\"noopener\"><strong>www.catedraldesal.gov.co<\/strong><\/a><\/p>\n\n\n\n<p class=\"wp-block-paragraph\">Lea tambi\u00e9n: entre escombros y esperanza: los rescates que conmueven a Colombia tras el terremoto&nbsp;<a href=\"https:\/\/elchiq.com\/index.php\/2026\/08\/13\/entre-escombros-y-esperanza-los-rescates-que-conmueven-a-colombia-tras-el-terremoto\/\">https:\/\/elchiq.com\/index.php\/2026\/08\/13\/entre-escombros-y-esperanza-los-rescates-que-conmueven-a-colombia-tras-el-terremoto\/<\/a><\/p>\n\n\n\n<p class=\"wp-block-paragraph\">www.elchiq.com https:\/\/www.google.com\/search?q=elchiq&amp;oq=elch&amp;gs_l<\/p>\n\n\n\n<p class=\"wp-block-paragraph\">Escuche la decembrina: https:\/\/ladecembrina.radio12345com\/google_vignette<\/p>\n\n\n\n<p class=\"wp-block-paragraph\">S\u00edganos en Facebook, Instagram, Telegram, Twitch, Discord, Linkedin, Flipboard, Mastodon,YouTube, X, Spotify, TikTok, Bluesky y nuestro canal de WhatsApp, para que reciba noticias de \u00faltima hora y m\u00e1s contenidos<\/p>\n","protected":false},"excerpt":{"rendered":"<p>Se trata de un espect\u00e1culo deportivo a&nbsp;180 metros bajo tierra&nbsp;que s\u00f3lo se puede vivir en la&nbsp;Catedral de Sal de Zipaquir\u00e1. Por: redacci\u00f3n Periodismo P\u00fablico y elchiq.comhttps:\/\/www.google.com\/search?q=elchiq&amp;oq=elch&amp;gs_l Corredores, deportistas y amantes de las experiencias diferentes podr\u00e1n participar en el\u00a0Trail Running de Colores 2026 \u2013 6K, una carrera que combina deporte, naturaleza, m\u00fasica y diversi\u00f3n en un [&hellip;]<\/p>\n","protected":false},"author":2,"featured_media":0,"comment_status":"closed","ping_status":"closed","sticky":false,"template":"","format":"standard","meta":{"footnotes":""},"categories":[1],"tags":[],"class_list":["post-14410","post","type-post","status-publish","format-standard","hentry","category-uncategorized"],"_links":{"self":[{"href":"https:\/\/elchiq.com\/index.php\/wp-json\/wp\/v2\/posts\/14410","targetHints":{"allow":["GET"]}}],"collection":[{"href":"https:\/\/elchiq.com\/index.php\/wp-json\/wp\/v2\/posts"}],"about":[{"href":"https:\/\/elchiq.com\/index.php\/wp-json\/wp\/v2\/types\/post"}],"author":[{"embeddable":true,"href":"https:\/\/elchiq.com\/index.php\/wp-json\/wp\/v2\/users\/2"}],"replies":[{"embeddable":true,"href":"https:\/\/elchiq.com\/index.php\/wp-json\/wp\/v2\/comments?post=14410"}],"version-history":[{"count":1,"href":"https:\/\/elchiq.com\/index.php\/wp-json\/wp\/v2\/posts\/14410\/revisions"}],"predecessor-version":[{"id":14414,"href":"https:\/\/elchiq.com\/index.php\/wp-json\/wp\/v2\/posts\/14410\/revisions\/14414"}],"wp:attachment":[{"href":"https:\/\/elchiq.com\/index.php\/wp-json\/wp\/v2\/media?parent=14410"}],"wp:term":[{"taxonomy":"category","embeddable":true,"href":"https:\/\/elchiq.com\/index.php\/wp-json\/wp\/v2\/categories?post=14410"},{"taxonomy":"post_tag","embeddable":true,"href":"https:\/\/elchiq.com\/index.php\/wp-json\/wp\/v2\/tags?post=14410"}],"curies":[{"name":"wp","href":"https:\/\/api.w.org\/{rel}","templated":true}]}}