{"id":14415,"date":"2026-09-01T04:01:53","date_gmt":"2026-09-01T09:01:53","guid":{"rendered":"https:\/\/elchiq.com\/?p=14415"},"modified":"2026-09-01T04:01:53","modified_gmt":"2026-09-01T09:01:53","slug":"distintos-sectores-politicos-apoyan-la-cancelacion-de-la-paz-total-de-petro-por-parte-de-abelardo-de-la-espriella","status":"publish","type":"post","link":"https:\/\/elchiq.com\/index.php\/2026\/09\/01\/distintos-sectores-politicos-apoyan-la-cancelacion-de-la-paz-total-de-petro-por-parte-de-abelardo-de-la-espriella\/","title":{"rendered":"Distintos sectores pol\u00edticos apoyan la cancelaci\u00f3n de la paz total de Petro por parte de Abelardo De la Espriella"},"content":{"rendered":"\n<p class=\"wp-block-paragraph\">Abelardo De la Espriella emiti\u00f3 una serie de resoluciones para desmontar formalmente varios de los fracasados procesos de di\u00e1logos con algunos grupos armados.<\/p>\n\n\n\n<figure class=\"wp-block-image size-large\"><img loading=\"lazy\" decoding=\"async\" width=\"1024\" height=\"576\" src=\"https:\/\/elchiq.com\/wp-content\/uploads\/2026\/09\/Presidente-Abelardo-2026-1024x576.jpg\" alt=\"\" class=\"wp-image-14416\" srcset=\"https:\/\/elchiq.com\/wp-content\/uploads\/2026\/09\/Presidente-Abelardo-2026-1024x576.jpg 1024w, https:\/\/elchiq.com\/wp-content\/uploads\/2026\/09\/Presidente-Abelardo-2026-300x169.jpg 300w, https:\/\/elchiq.com\/wp-content\/uploads\/2026\/09\/Presidente-Abelardo-2026-768x432.jpg 768w, https:\/\/elchiq.com\/wp-content\/uploads\/2026\/09\/Presidente-Abelardo-2026.jpg 1200w\" sizes=\"auto, (max-width: 1024px) 100vw, 1024px\" \/><\/figure>\n\n\n\n<p class=\"wp-block-paragraph\">Por: redacci\u00f3n El Heraldo y elchiq.com<a href=\"https:\/\/www.google.com\/search?q=elchiq&amp;oq=elch&amp;gs_lcrp=EgZjaHJvbWUqDggAEEUYJxg7GIAEGIoFMg4IABBFGCcYOxiABBiKBTIPCAEQLhhDGLEDGIAEGIoFMg8IAhAuGEMYsQMYgAQYigUyBggDEEUYOTIHCAQQABiABDIHCAUQLhiABDIHCAYQABiABDIHCAcQABiABDIJCAgQABgKGIAEMgkICRAAGAoYgATSAQoxNjkwNWowajE1qAIMsAIB8QWjlxl85iD_VA&amp;sourceid=chrome&amp;ie=UTF-8\">https:\/\/www.google.com\/search?q=elchiq&amp;oq=elch&amp;gs_l<\/a><\/p>\n\n\n\n<p class=\"wp-block-paragraph\">Apoyo de distintos sectores pol\u00edticos recibi\u00f3 en las redes sociales el presidente&nbsp;<strong>Abelardo De la Espriella&nbsp;<\/strong>al desmontar la fracasada paz total del gobierno del expresidente&nbsp;<strong>Gustavo Petro.<\/strong><\/p>\n\n\n\n<p class=\"wp-block-paragraph\">Como lo dijo en campa\u00f1a, el presidente de la Rep\u00fablica no quiere nada con el proyecto de paz total, por ello el s\u00e1bado se conoci\u00f3 que desde la Presidencia emiti\u00f3 una serie de resoluciones expedidas el viernes para cancelar formalmente varios de los procesos de di\u00e1logos con algunos grupos armados.<\/p>\n\n\n\n<figure class=\"wp-block-image size-full\"><img loading=\"lazy\" decoding=\"async\" width=\"495\" height=\"619\" src=\"https:\/\/elchiq.com\/wp-content\/uploads\/2026\/09\/Pub-Abaco-terremoto-2026-4.jpg\" alt=\"\" class=\"wp-image-14417\" srcset=\"https:\/\/elchiq.com\/wp-content\/uploads\/2026\/09\/Pub-Abaco-terremoto-2026-4.jpg 495w, https:\/\/elchiq.com\/wp-content\/uploads\/2026\/09\/Pub-Abaco-terremoto-2026-4-240x300.jpg 240w\" sizes=\"auto, (max-width: 495px) 100vw, 495px\" \/><\/figure>\n\n\n\n<p class=\"wp-block-paragraph\">En concreto se trata del fin de dos mesas de di\u00e1logos con&nbsp;<strong>disidencias de las FARC<\/strong>&nbsp;y a un espacio de conversaci\u00f3n sociojur\u00eddico con las Autodefensas Conquistadores de la Sierra Nevada, ACSN.<\/p>\n\n\n\n<p class=\"wp-block-paragraph\">A trav\u00e9s de la resoluci\u00f3n 343, que era el proceso que se adelantaba con el&nbsp;<strong>Estado Mayor de los Bloques Magdalena Medio<\/strong>, comandante Gentil Duarte; comandante Jorge Su\u00e1rez Brice\u00f1o y Frente Ra\u00fal Reyes EMBF-FARC EP, es decir, los comandados por Alexander D\u00edaz, alias Calarc\u00e1, se dio por finalizada la mesa.<\/p>\n\n\n\n<p class=\"wp-block-paragraph\">El Gobierno argumenta que no existe voluntad de paz por parte de este grupo armado, que se separ\u00f3 del Estado Mayor Central de las Farc, entonces liderado por&nbsp;<strong>Iv\u00e1n Mordisco.<\/strong><\/p>\n\n\n\n<p class=\"wp-block-paragraph\">Por otro lado, mediante la resoluci\u00f3n 346, se puso fin el proceso de di\u00e1logo con la Coordinadora Nacional Ej\u00e9rcito Bolivariano, CNEB.<\/p>\n\n\n\n<p class=\"wp-block-paragraph\">En cuanto al proceso con el grupo conocido como Los Pachenca, se termin\u00f3 la Conversaci\u00f3n Sociojur\u00eddica, que se hab\u00eda creado para verificar la voluntad de la organizaci\u00f3n de transitar hac\u00eda el sometimiento a la justicia. Con la resoluci\u00f3n 348 se revoc\u00f3 el reconocimiento como miembros representantes a nueve integrantes de esa organizaci\u00f3n y pidi\u00f3 reactivar las \u00f3rdenes de captura.<\/p>\n\n\n\n<figure class=\"wp-block-image size-large is-resized\"><img loading=\"lazy\" decoding=\"async\" width=\"1024\" height=\"791\" src=\"https:\/\/elchiq.com\/wp-content\/uploads\/2026\/09\/pUB-PREFABRICADA-1024x791.jpg\" alt=\"\" class=\"wp-image-14418\" style=\"aspect-ratio:1.2941289373227272;width:676px;height:auto\" srcset=\"https:\/\/elchiq.com\/wp-content\/uploads\/2026\/09\/pUB-PREFABRICADA-1024x791.jpg 1024w, https:\/\/elchiq.com\/wp-content\/uploads\/2026\/09\/pUB-PREFABRICADA-300x232.jpg 300w, https:\/\/elchiq.com\/wp-content\/uploads\/2026\/09\/pUB-PREFABRICADA-767x593.jpg 767w, https:\/\/elchiq.com\/wp-content\/uploads\/2026\/09\/pUB-PREFABRICADA-1536x1187.jpg 1536w, https:\/\/elchiq.com\/wp-content\/uploads\/2026\/09\/pUB-PREFABRICADA.jpg 1650w\" sizes=\"auto, (max-width: 1024px) 100vw, 1024px\" \/><\/figure>\n\n\n\n<p class=\"wp-block-paragraph\">Al respecto, el representante&nbsp;<strong>Julio C\u00e9sar Triana<\/strong>, de Cambio Radical, sostuvo que \u201cbien hace el presidente en ponerle fin a la fracasada paz total, uno de los peores legados que Gustavo Petro le deja a Colombia. Bajo esta \u2018pol\u00edtica\u2019, en las regiones aumentaron la extorsi\u00f3n, el secuestro y el reclutamiento. Los grupos armados ilegales no se desmovilizaron: se fortalecieron, se expandieron y recuperaron poder territorial. La mal llamada paz total termin\u00f3 premiando a los violentos y debilitando la autoridad del Estado. Con grupos armados que no tienen voluntad real de paz no se negocia. Se les enfrenta con toda la capacidad del Estado\u201d.<\/p>\n\n\n\n<p class=\"wp-block-paragraph\">A su vez, el concejal de Bogot\u00e1,&nbsp;<strong>Juli\u00e1n Espinosa<\/strong>, de la Alianza Verde, advirti\u00f3 que \u201crecuperar la seguridad, despu\u00e9s de la fallida paz total de Petro, es una urgencia. Celebramos las acciones del Gobierno Nacional contra los grupos armados y el narcotr\u00e1fico. Todo el peso de la ley y de las Fuerzas Armadas contra los criminales\u201d.<\/p>\n\n\n\n<p class=\"wp-block-paragraph\">Y el representante&nbsp;<strong>Jonathan Pineda<\/strong>, del Centro Democr\u00e1tico, salud\u00f3 que \u201cse acab\u00f3 la paz total. Bienvenida la seguridad total. Un pa\u00eds donde todos tengamos oportunidades y podamos vivir sin miedo. Ahora viene lo importante, las capturas, los golpes a las finanzas criminales y la recuperaci\u00f3n del territorio. Que a los bandidos no les quede otra salida que someterse a la justicia. Desde el Congreso haremos lo propio, cerrar los boquetes jur\u00eddicos que dej\u00f3 la mal llamada paz total y garantizar que nunca m\u00e1s se premie al que delinque. El que quiera dejar las armas, someterse a la justicia y ayudar a construir el pa\u00eds que queremos, bienvenido. El que insista en delinquir, que se atenga a las consecuencias. Orden, autoridad y oportunidades\u201d.<\/p>\n\n\n\n<p class=\"wp-block-paragraph\">Lea tambi\u00e9n: entre escombros y esperanza: los rescates que conmueven a Colombia tras el terremoto&nbsp;<a href=\"https:\/\/elchiq.com\/index.php\/2026\/08\/13\/entre-escombros-y-esperanza-los-rescates-que-conmueven-a-colombia-tras-el-terremoto\/\">https:\/\/elchiq.com\/index.php\/2026\/08\/13\/entre-escombros-y-esperanza-los-rescates-que-conmueven-a-colombia-tras-el-terremoto\/<\/a><\/p>\n\n\n\n<p class=\"wp-block-paragraph\">www.elchiq.com https:\/\/www.google.com\/search?q=elchiq&amp;oq=elch&amp;gs_l<\/p>\n\n\n\n<p class=\"wp-block-paragraph\">Escuche la decembrina: https:\/\/ladecembrina.radio12345com\/google_vignette<\/p>\n\n\n\n<p class=\"wp-block-paragraph\">S\u00edganos en Facebook, Instagram, Telegram, Twitch, Discord, Linkedin, Flipboard, Mastodon,YouTube, X, Spotify, TikTok, Bluesky y nuestro canal de WhatsApp, para que reciba noticias de \u00faltima hora y m\u00e1s contenidos<\/p>\n","protected":false},"excerpt":{"rendered":"<p>Abelardo De la Espriella emiti\u00f3 una serie de resoluciones para desmontar formalmente varios de los fracasados procesos de di\u00e1logos con algunos grupos armados. Por: redacci\u00f3n El Heraldo y elchiq.comhttps:\/\/www.google.com\/search?q=elchiq&amp;oq=elch&amp;gs_l Apoyo de distintos sectores pol\u00edticos recibi\u00f3 en las redes sociales el presidente&nbsp;Abelardo De la Espriella&nbsp;al desmontar la fracasada paz total del gobierno del expresidente&nbsp;Gustavo Petro. Como [&hellip;]<\/p>\n","protected":false},"author":2,"featured_media":0,"comment_status":"closed","ping_status":"closed","sticky":false,"template":"","format":"standard","meta":{"footnotes":""},"categories":[1],"tags":[],"class_list":["post-14415","post","type-post","status-publish","format-standard","hentry","category-uncategorized"],"_links":{"self":[{"href":"https:\/\/elchiq.com\/index.php\/wp-json\/wp\/v2\/posts\/14415","targetHints":{"allow":["GET"]}}],"collection":[{"href":"https:\/\/elchiq.com\/index.php\/wp-json\/wp\/v2\/posts"}],"about":[{"href":"https:\/\/elchiq.com\/index.php\/wp-json\/wp\/v2\/types\/post"}],"author":[{"embeddable":true,"href":"https:\/\/elchiq.com\/index.php\/wp-json\/wp\/v2\/users\/2"}],"replies":[{"embeddable":true,"href":"https:\/\/elchiq.com\/index.php\/wp-json\/wp\/v2\/comments?post=14415"}],"version-history":[{"count":1,"href":"https:\/\/elchiq.com\/index.php\/wp-json\/wp\/v2\/posts\/14415\/revisions"}],"predecessor-version":[{"id":14419,"href":"https:\/\/elchiq.com\/index.php\/wp-json\/wp\/v2\/posts\/14415\/revisions\/14419"}],"wp:attachment":[{"href":"https:\/\/elchiq.com\/index.php\/wp-json\/wp\/v2\/media?parent=14415"}],"wp:term":[{"taxonomy":"category","embeddable":true,"href":"https:\/\/elchiq.com\/index.php\/wp-json\/wp\/v2\/categories?post=14415"},{"taxonomy":"post_tag","embeddable":true,"href":"https:\/\/elchiq.com\/index.php\/wp-json\/wp\/v2\/tags?post=14415"}],"curies":[{"name":"wp","href":"https:\/\/api.w.org\/{rel}","templated":true}]}}