{"id":14420,"date":"2026-09-01T04:10:56","date_gmt":"2026-09-01T09:10:56","guid":{"rendered":"https:\/\/elchiq.com\/?p=14420"},"modified":"2026-09-01T04:10:56","modified_gmt":"2026-09-01T09:10:56","slug":"habra-cortes-de-luz-en-boyaca-esta-semana-en-cerca-de-30-municipios","status":"publish","type":"post","link":"https:\/\/elchiq.com\/index.php\/2026\/09\/01\/habra-cortes-de-luz-en-boyaca-esta-semana-en-cerca-de-30-municipios\/","title":{"rendered":"Habr\u00e1 cortes de luz en Boyac\u00e1 esta semana en cerca de 30 municipios"},"content":{"rendered":"\n<figure class=\"wp-block-image size-full is-resized\"><img loading=\"lazy\" decoding=\"async\" width=\"600\" height=\"455\" src=\"https:\/\/elchiq.com\/wp-content\/uploads\/2026\/09\/Energia-1.png\" alt=\"\" class=\"wp-image-14421\" style=\"width:861px;height:auto\" srcset=\"https:\/\/elchiq.com\/wp-content\/uploads\/2026\/09\/Energia-1.png 600w, https:\/\/elchiq.com\/wp-content\/uploads\/2026\/09\/Energia-1-300x228.png 300w\" sizes=\"auto, (max-width: 600px) 100vw, 600px\" \/><\/figure>\n\n\n\n<p class=\"wp-block-paragraph\">\u00a0Por: redacci\u00f3n Canal Boyac\u00e1 y elchiq.com<a href=\"https:\/\/www.google.com\/search?q=elchiq&amp;oq=elch&amp;gs_lcrp=EgZjaHJvbWUqDggAEEUYJxg7GIAEGIoFMg4IABBFGCcYOxiABBiKBTIPCAEQLhhDGLEDGIAEGIoFMg8IAhAuGEMYsQMYgAQYigUyBggDEEUYOTIHCAQQABiABDIHCAUQLhiABDIHCAYQABiABDIHCAcQABiABDIJCAgQABgKGIAEMgkICRAAGAoYgATSAQoxNjkwNWowajE1qAIMsAIB8QWjlxl85iD_VA&amp;sourceid=chrome&amp;ie=UTF-8\">https:\/\/www.google.com\/search?q=elchiq&amp;oq=elch&amp;gs_l<\/a><\/p>\n\n\n\n<p class=\"wp-block-paragraph\">Las suspensiones del servicio se realizar\u00e1n \u00fanicamente en sectores espec\u00edficos de cada localidad, sin afectar la totalidad de su territorio. La Empresa de Energ\u00eda de Boyac\u00e1 (EBSA) anunci\u00f3 que en la semana del 31 de agosto al 6 de septiembre se realizar\u00e1n cortes de luz en 31 municipios del departamento por mantenimientos en las redes el\u00e9ctricas.<\/p>\n\n\n\n<figure class=\"wp-block-image size-full\"><img loading=\"lazy\" decoding=\"async\" width=\"495\" height=\"619\" src=\"https:\/\/elchiq.com\/wp-content\/uploads\/2026\/09\/Pub-Abaco-terremoto-2026-5.jpg\" alt=\"\" class=\"wp-image-14422\" srcset=\"https:\/\/elchiq.com\/wp-content\/uploads\/2026\/09\/Pub-Abaco-terremoto-2026-5.jpg 495w, https:\/\/elchiq.com\/wp-content\/uploads\/2026\/09\/Pub-Abaco-terremoto-2026-5-240x300.jpg 240w\" sizes=\"auto, (max-width: 495px) 100vw, 495px\" \/><\/figure>\n\n\n\n<p class=\"wp-block-paragraph\"><br><br>Estas interrupciones afectar\u00e1n \u00fanicamente zonas espec\u00edficas de cada municipio, sin suspender el servicio en la totalidad de su territorio.<\/p>\n\n\n\n<figure class=\"wp-block-image size-full\"><img loading=\"lazy\" decoding=\"async\" width=\"611\" height=\"526\" src=\"https:\/\/elchiq.com\/wp-content\/uploads\/2026\/09\/image-4.png\" alt=\"\" class=\"wp-image-14423\" srcset=\"https:\/\/elchiq.com\/wp-content\/uploads\/2026\/09\/image-4.png 611w, https:\/\/elchiq.com\/wp-content\/uploads\/2026\/09\/image-4-300x258.png 300w\" sizes=\"auto, (max-width: 611px) 100vw, 611px\" \/><\/figure>\n\n\n\n<figure class=\"wp-block-image size-full\"><img loading=\"lazy\" decoding=\"async\" width=\"550\" height=\"641\" src=\"https:\/\/elchiq.com\/wp-content\/uploads\/2026\/09\/image-5.png\" alt=\"\" class=\"wp-image-14424\" srcset=\"https:\/\/elchiq.com\/wp-content\/uploads\/2026\/09\/image-5.png 550w, https:\/\/elchiq.com\/wp-content\/uploads\/2026\/09\/image-5-257x300.png 257w\" sizes=\"auto, (max-width: 550px) 100vw, 550px\" \/><\/figure>\n\n\n\n<p class=\"wp-block-paragraph\">Lea tambi\u00e9n: entre escombros y esperanza: los rescates que conmueven a Colombia tras el terremoto&nbsp;<a href=\"https:\/\/elchiq.com\/index.php\/2026\/08\/13\/entre-escombros-y-esperanza-los-rescates-que-conmueven-a-colombia-tras-el-terremoto\/\">https:\/\/elchiq.com\/index.php\/2026\/08\/13\/entre-escombros-y-esperanza-los-rescates-que-conmueven-a-colombia-tras-el-terremoto\/<\/a><\/p>\n\n\n\n<p class=\"wp-block-paragraph\">www.elchiq.com https:\/\/www.google.com\/search?q=elchiq&amp;oq=elch&amp;gs_l<\/p>\n\n\n\n<p class=\"wp-block-paragraph\">Escuche la decembrina: https:\/\/ladecembrina.radio12345com\/google_vignette<\/p>\n\n\n\n<p class=\"wp-block-paragraph\">S\u00edganos en Facebook, Instagram, Telegram, Twitch, Discord, Linkedin, Flipboard, Mastodon,YouTube, X, Spotify, TikTok, Bluesky y nuestro canal de WhatsApp, para que reciba noticias de \u00faltima hora y m\u00e1s contenidos<\/p>\n","protected":false},"excerpt":{"rendered":"<p>\u00a0Por: redacci\u00f3n Canal Boyac\u00e1 y elchiq.comhttps:\/\/www.google.com\/search?q=elchiq&amp;oq=elch&amp;gs_l Las suspensiones del servicio se realizar\u00e1n \u00fanicamente en sectores espec\u00edficos de cada localidad, sin afectar la totalidad de su territorio. La Empresa de Energ\u00eda de Boyac\u00e1 (EBSA) anunci\u00f3 que en la semana del 31 de agosto al 6 de septiembre se realizar\u00e1n cortes de luz en 31 municipios del [&hellip;]<\/p>\n","protected":false},"author":2,"featured_media":0,"comment_status":"closed","ping_status":"closed","sticky":false,"template":"","format":"standard","meta":{"footnotes":""},"categories":[1],"tags":[],"class_list":["post-14420","post","type-post","status-publish","format-standard","hentry","category-uncategorized"],"_links":{"self":[{"href":"https:\/\/elchiq.com\/index.php\/wp-json\/wp\/v2\/posts\/14420","targetHints":{"allow":["GET"]}}],"collection":[{"href":"https:\/\/elchiq.com\/index.php\/wp-json\/wp\/v2\/posts"}],"about":[{"href":"https:\/\/elchiq.com\/index.php\/wp-json\/wp\/v2\/types\/post"}],"author":[{"embeddable":true,"href":"https:\/\/elchiq.com\/index.php\/wp-json\/wp\/v2\/users\/2"}],"replies":[{"embeddable":true,"href":"https:\/\/elchiq.com\/index.php\/wp-json\/wp\/v2\/comments?post=14420"}],"version-history":[{"count":1,"href":"https:\/\/elchiq.com\/index.php\/wp-json\/wp\/v2\/posts\/14420\/revisions"}],"predecessor-version":[{"id":14425,"href":"https:\/\/elchiq.com\/index.php\/wp-json\/wp\/v2\/posts\/14420\/revisions\/14425"}],"wp:attachment":[{"href":"https:\/\/elchiq.com\/index.php\/wp-json\/wp\/v2\/media?parent=14420"}],"wp:term":[{"taxonomy":"category","embeddable":true,"href":"https:\/\/elchiq.com\/index.php\/wp-json\/wp\/v2\/categories?post=14420"},{"taxonomy":"post_tag","embeddable":true,"href":"https:\/\/elchiq.com\/index.php\/wp-json\/wp\/v2\/tags?post=14420"}],"curies":[{"name":"wp","href":"https:\/\/api.w.org\/{rel}","templated":true}]}}