{"id":14426,"date":"2026-09-01T04:16:48","date_gmt":"2026-09-01T09:16:48","guid":{"rendered":"https:\/\/elchiq.com\/?p=14426"},"modified":"2026-09-01T04:16:48","modified_gmt":"2026-09-01T09:16:48","slug":"alcaldia-de-sogamoso-invita-a-la-comunidad-a-participar-en-la-capsula-del-tiempo","status":"publish","type":"post","link":"https:\/\/elchiq.com\/index.php\/2026\/09\/01\/alcaldia-de-sogamoso-invita-a-la-comunidad-a-participar-en-la-capsula-del-tiempo\/","title":{"rendered":"Alcald\u00eda de Sogamoso invita a la comunidad a participar en la c\u00e1psula del tiempo"},"content":{"rendered":"\n<figure class=\"wp-block-image size-full is-resized\"><img loading=\"lazy\" decoding=\"async\" width=\"541\" height=\"332\" src=\"https:\/\/elchiq.com\/wp-content\/uploads\/2026\/09\/image-6.png\" alt=\"\" class=\"wp-image-14427\" style=\"aspect-ratio:1.629547700851885;width:940px;height:auto\" srcset=\"https:\/\/elchiq.com\/wp-content\/uploads\/2026\/09\/image-6.png 541w, https:\/\/elchiq.com\/wp-content\/uploads\/2026\/09\/image-6-300x184.png 300w\" sizes=\"auto, (max-width: 541px) 100vw, 541px\" \/><\/figure>\n\n\n\n<p class=\"wp-block-paragraph\">\u00a0Por: redacci\u00f3n Canal Boyac\u00e1 y elchiq.com<a href=\"https:\/\/www.google.com\/search?q=elchiq&amp;oq=elch&amp;gs_lcrp=EgZjaHJvbWUqDggAEEUYJxg7GIAEGIoFMg4IABBFGCcYOxiABBiKBTIPCAEQLhhDGLEDGIAEGIoFMg8IAhAuGEMYsQMYgAQYigUyBggDEEUYOTIHCAQQABiABDIHCAUQLhiABDIHCAYQABiABDIHCAcQABiABDIJCAgQABgKGIAEMgkICRAAGAoYgATSAQoxNjkwNWowajE1qAIMsAIB8QWjlxl85iD_VA&amp;sourceid=chrome&amp;ie=UTF-8\">https:\/\/www.google.com\/search?q=elchiq&amp;oq=elch&amp;gs_l<\/a><\/p>\n\n\n\n<p class=\"wp-block-paragraph\">La iniciativa busca reunir cartas, fotograf\u00edas del municipio, dibujos, poemas, artesan\u00edas y otras expresiones que reflejen la identidad sogamose\u00f1a. <\/p>\n\n\n\n<figure class=\"wp-block-image size-full\"><img loading=\"lazy\" decoding=\"async\" width=\"495\" height=\"619\" src=\"https:\/\/elchiq.com\/wp-content\/uploads\/2026\/09\/Pub-Abaco-terremoto-2026-6.jpg\" alt=\"\" class=\"wp-image-14428\" srcset=\"https:\/\/elchiq.com\/wp-content\/uploads\/2026\/09\/Pub-Abaco-terremoto-2026-6.jpg 495w, https:\/\/elchiq.com\/wp-content\/uploads\/2026\/09\/Pub-Abaco-terremoto-2026-6-240x300.jpg 240w\" sizes=\"auto, (max-width: 495px) 100vw, 495px\" \/><\/figure>\n\n\n\n<p class=\"wp-block-paragraph\">La Alcald\u00eda de Sogamoso est\u00e1 llevando a cabo una iniciativa para crear una c\u00e1psula del tiempo, en la que la ciudadan\u00eda podr\u00e1 participar con cartas, fotograf\u00edas de barrios o veredas, im\u00e1genes de las tradiciones, dibujos, poemas, cuentos, canciones, artesan\u00edas, mensajes, entre otras expresiones.<br><br>El objetivo de la actividad es reflejar y compartir la identidad de la \u2018capital del Sol y el Acero\u2019.<\/p>\n\n\n\n<figure class=\"wp-block-image size-large\"><img loading=\"lazy\" decoding=\"async\" width=\"508\" height=\"1024\" src=\"https:\/\/elchiq.com\/wp-content\/uploads\/2026\/09\/Pub-Sorteo-extra-chiq-508x1024.jpg\" alt=\"\" class=\"wp-image-14429\" srcset=\"https:\/\/elchiq.com\/wp-content\/uploads\/2026\/09\/Pub-Sorteo-extra-chiq-508x1024.jpg 508w, https:\/\/elchiq.com\/wp-content\/uploads\/2026\/09\/Pub-Sorteo-extra-chiq-149x300.jpg 149w, https:\/\/elchiq.com\/wp-content\/uploads\/2026\/09\/Pub-Sorteo-extra-chiq-768x1548.jpg 768w, https:\/\/elchiq.com\/wp-content\/uploads\/2026\/09\/Pub-Sorteo-extra-chiq-762x1536.jpg 762w, https:\/\/elchiq.com\/wp-content\/uploads\/2026\/09\/Pub-Sorteo-extra-chiq-1016x2048.jpg 1016w, https:\/\/elchiq.com\/wp-content\/uploads\/2026\/09\/Pub-Sorteo-extra-chiq.jpg 1270w\" sizes=\"auto, (max-width: 508px) 100vw, 508px\" \/><\/figure>\n\n\n\n<p class=\"wp-block-paragraph\"><br><br>Los interesados en hacer parte de esta iniciativa deber\u00e1n diligenciar hasta este jueves 3 de septiembre un formulario de inscripci\u00f3n habilitado en las redes sociales de la alcald\u00eda.<\/p>\n\n\n\n<p class=\"wp-block-paragraph\">Lea tambi\u00e9n: entre escombros y esperanza: los rescates que conmueven a Colombia tras el terremoto&nbsp;<a href=\"https:\/\/elchiq.com\/index.php\/2026\/08\/13\/entre-escombros-y-esperanza-los-rescates-que-conmueven-a-colombia-tras-el-terremoto\/\">https:\/\/elchiq.com\/index.php\/2026\/08\/13\/entre-escombros-y-esperanza-los-rescates-que-conmueven-a-colombia-tras-el-terremoto\/<\/a><\/p>\n\n\n\n<p class=\"wp-block-paragraph\">www.elchiq.com https:\/\/www.google.com\/search?q=elchiq&amp;oq=elch&amp;gs_l<\/p>\n\n\n\n<p class=\"wp-block-paragraph\">Escuche la decembrina: https:\/\/ladecembrina.radio12345com\/google_vignette<\/p>\n\n\n\n<p class=\"wp-block-paragraph\">S\u00edganos en Facebook, Instagram, Telegram, Twitch, Discord, Linkedin, Flipboard, Mastodon,YouTube, X, Spotify, TikTok, Bluesky y nuestro canal de WhatsApp, para que reciba noticias de \u00faltima hora y m\u00e1s contenidos<\/p>\n","protected":false},"excerpt":{"rendered":"<p>\u00a0Por: redacci\u00f3n Canal Boyac\u00e1 y elchiq.comhttps:\/\/www.google.com\/search?q=elchiq&amp;oq=elch&amp;gs_l La iniciativa busca reunir cartas, fotograf\u00edas del municipio, dibujos, poemas, artesan\u00edas y otras expresiones que reflejen la identidad sogamose\u00f1a. La Alcald\u00eda de Sogamoso est\u00e1 llevando a cabo una iniciativa para crear una c\u00e1psula del tiempo, en la que la ciudadan\u00eda podr\u00e1 participar con cartas, fotograf\u00edas de barrios o veredas, [&hellip;]<\/p>\n","protected":false},"author":2,"featured_media":0,"comment_status":"closed","ping_status":"closed","sticky":false,"template":"","format":"standard","meta":{"footnotes":""},"categories":[1],"tags":[],"class_list":["post-14426","post","type-post","status-publish","format-standard","hentry","category-uncategorized"],"_links":{"self":[{"href":"https:\/\/elchiq.com\/index.php\/wp-json\/wp\/v2\/posts\/14426","targetHints":{"allow":["GET"]}}],"collection":[{"href":"https:\/\/elchiq.com\/index.php\/wp-json\/wp\/v2\/posts"}],"about":[{"href":"https:\/\/elchiq.com\/index.php\/wp-json\/wp\/v2\/types\/post"}],"author":[{"embeddable":true,"href":"https:\/\/elchiq.com\/index.php\/wp-json\/wp\/v2\/users\/2"}],"replies":[{"embeddable":true,"href":"https:\/\/elchiq.com\/index.php\/wp-json\/wp\/v2\/comments?post=14426"}],"version-history":[{"count":1,"href":"https:\/\/elchiq.com\/index.php\/wp-json\/wp\/v2\/posts\/14426\/revisions"}],"predecessor-version":[{"id":14430,"href":"https:\/\/elchiq.com\/index.php\/wp-json\/wp\/v2\/posts\/14426\/revisions\/14430"}],"wp:attachment":[{"href":"https:\/\/elchiq.com\/index.php\/wp-json\/wp\/v2\/media?parent=14426"}],"wp:term":[{"taxonomy":"category","embeddable":true,"href":"https:\/\/elchiq.com\/index.php\/wp-json\/wp\/v2\/categories?post=14426"},{"taxonomy":"post_tag","embeddable":true,"href":"https:\/\/elchiq.com\/index.php\/wp-json\/wp\/v2\/tags?post=14426"}],"curies":[{"name":"wp","href":"https:\/\/api.w.org\/{rel}","templated":true}]}}