{"id":14431,"date":"2026-09-01T04:24:21","date_gmt":"2026-09-01T09:24:21","guid":{"rendered":"https:\/\/elchiq.com\/?p=14431"},"modified":"2026-09-01T04:24:21","modified_gmt":"2026-09-01T09:24:21","slug":"iza-las-ferias-y-fiestas-y-chita-realizara-esta-semana-la-feria-agropecuaria","status":"publish","type":"post","link":"https:\/\/elchiq.com\/index.php\/2026\/09\/01\/iza-las-ferias-y-fiestas-y-chita-realizara-esta-semana-la-feria-agropecuaria\/","title":{"rendered":"Iza, las Ferias y Fiestas y Chita realizar\u00e1 esta semana la Feria Agropecuaria"},"content":{"rendered":"\n<figure class=\"wp-block-image size-full is-resized\"><img loading=\"lazy\" decoding=\"async\" width=\"603\" height=\"446\" src=\"https:\/\/elchiq.com\/wp-content\/uploads\/2026\/09\/image-7.png\" alt=\"\" class=\"wp-image-14432\" style=\"aspect-ratio:1.352030270118768;width:940px;height:auto\" srcset=\"https:\/\/elchiq.com\/wp-content\/uploads\/2026\/09\/image-7.png 603w, https:\/\/elchiq.com\/wp-content\/uploads\/2026\/09\/image-7-300x222.png 300w\" sizes=\"auto, (max-width: 603px) 100vw, 603px\" \/><\/figure>\n\n\n\n<p class=\"wp-block-paragraph\">\u00a0Por: redacci\u00f3n Canal Boyac\u00e1 y elchiq.com<a href=\"https:\/\/www.google.com\/search?q=elchiq&amp;oq=elch&amp;gs_lcrp=EgZjaHJvbWUqDggAEEUYJxg7GIAEGIoFMg4IABBFGCcYOxiABBiKBTIPCAEQLhhDGLEDGIAEGIoFMg8IAhAuGEMYsQMYgAQYigUyBggDEEUYOTIHCAQQABiABDIHCAUQLhiABDIHCAYQABiABDIHCAcQABiABDIJCAgQABgKGIAEMgkICRAAGAoYgATSAQoxNjkwNWowajE1qAIMsAIB8QWjlxl85iD_VA&amp;sourceid=chrome&amp;ie=UTF-8\">https:\/\/www.google.com\/search?q=elchiq&amp;oq=elch&amp;gs_l<\/a><\/p>\n\n\n\n<p class=\"wp-block-paragraph\">La programaci\u00f3n, organizada por la alcald\u00eda, se extender\u00e1 hasta el pr\u00f3ximo domingo.<strong><\/strong><\/p>\n\n\n\n<p class=\"wp-block-paragraph\">El Polideportivo Municipal de Iza ser\u00e1 escenario, este mi\u00e9rcoles a las 5 p. m., del inicio de las Ferias y Fiestas del municipio, evento que se extender\u00e1 hasta el domingo 30 de agosto y que contar\u00e1 con una programaci\u00f3n que incluye tradici\u00f3n, cultura y m\u00fasica.<\/p>\n\n\n\n<figure class=\"wp-block-image size-full\"><img loading=\"lazy\" decoding=\"async\" width=\"512\" height=\"640\" src=\"https:\/\/elchiq.com\/wp-content\/uploads\/2026\/09\/pUB-mINUTO-COL.jpg\" alt=\"\" class=\"wp-image-14434\" srcset=\"https:\/\/elchiq.com\/wp-content\/uploads\/2026\/09\/pUB-mINUTO-COL.jpg 512w, https:\/\/elchiq.com\/wp-content\/uploads\/2026\/09\/pUB-mINUTO-COL-240x300.jpg 240w\" sizes=\"auto, (max-width: 512px) 100vw, 512px\" \/><\/figure>\n\n\n\n<p class=\"wp-block-paragraph\"><br><br>Entre las actividades programadas se destacan el Reinado de la Identidad Izana y del Postre, la Feria Comercial y Muestra Ganadera, el Homenaje a la Boyacensidad, las jornadas de Destreza y Habilidades Campesinas, el Campeonato de Tejo y Minitejo, as\u00ed como muestras culturales de agrupaciones locales y visitantes, entre otras.<br><br>Adem\u00e1s, habr\u00e1 presentaciones musicales a cargo del Grupo Enigma, Giovanny y Juancho, Los Titanes de la Carranga, Francisco Cristancho Camargo, La Pandilla del R\u00edo Bravo y Los Embajadores Vallenatos, entre otros artistas.<\/p>\n\n\n\n<p class=\"wp-block-paragraph\">Chita realizar\u00e1 esta semana la Feria Agropecuaria, de Ciencia, Arte, Tecnolog\u00eda y Emprendimiento<\/p>\n\n\n\n<figure class=\"wp-block-image size-full\"><img loading=\"lazy\" decoding=\"async\" width=\"595\" height=\"426\" src=\"https:\/\/elchiq.com\/wp-content\/uploads\/2026\/09\/image-8.png\" alt=\"\" class=\"wp-image-14433\" srcset=\"https:\/\/elchiq.com\/wp-content\/uploads\/2026\/09\/image-8.png 595w, https:\/\/elchiq.com\/wp-content\/uploads\/2026\/09\/image-8-300x215.png 300w\" sizes=\"auto, (max-width: 595px) 100vw, 595px\" \/><\/figure>\n\n\n\n<p class=\"wp-block-paragraph\">El evento tendr\u00e1 como protagonistas a los estudiantes y destacar\u00e1 las tradiciones del campo y proyectos innovadores.<\/p>\n\n\n\n<p class=\"wp-block-paragraph\">Con el objetivo de exaltar las tradiciones del campo y conocer iniciativas innovadoras, desde este mi\u00e9rcoles y hasta el viernes se llevar\u00e1 a cabo la duod\u00e9cima edici\u00f3n de la Feria Agropecuaria, de Ciencia, Arte, Tecnolog\u00eda y Emprendimiento en el municipio de Chita.<br><br>El evento tendr\u00e1 como escenario la Instituci\u00f3n Educativa Jos\u00e9 Mar\u00eda Potier y, durante la primera jornada, contar\u00e1 con una eucarist\u00eda, un desfile de comparsas, la exposici\u00f3n de Ciencia, Arte, Tecnolog\u00eda y Emprendimiento, una cabalgata y presentaciones musicales.<br><br>El jueves comenzar\u00e1 la Feria Ganadera, cuyas inscripciones se podr\u00e1n realizar desde las 8 a. m. Esta actividad tendr\u00e1 como protagonistas a ejemplares de raza Normanda y otras razas con mejoramiento gen\u00e9tico. Asimismo, habr\u00e1 muestras musicales con grupos de la regi\u00f3n.<\/p>\n\n\n\n<figure class=\"wp-block-image size-large is-resized\"><img loading=\"lazy\" decoding=\"async\" width=\"791\" height=\"1024\" src=\"https:\/\/elchiq.com\/wp-content\/uploads\/2026\/09\/publi-bodega-2024-fwg-2-791x1024.jpg\" alt=\"\" class=\"wp-image-14435\" style=\"aspect-ratio:0.772457465476463;width:540px;height:auto\" srcset=\"https:\/\/elchiq.com\/wp-content\/uploads\/2026\/09\/publi-bodega-2024-fwg-2-791x1024.jpg 791w, https:\/\/elchiq.com\/wp-content\/uploads\/2026\/09\/publi-bodega-2024-fwg-2-232x300.jpg 232w, https:\/\/elchiq.com\/wp-content\/uploads\/2026\/09\/publi-bodega-2024-fwg-2-767x993.jpg 767w, https:\/\/elchiq.com\/wp-content\/uploads\/2026\/09\/publi-bodega-2024-fwg-2-1187x1536.jpg 1187w, https:\/\/elchiq.com\/wp-content\/uploads\/2026\/09\/publi-bodega-2024-fwg-2.jpg 1275w\" sizes=\"auto, (max-width: 791px) 100vw, 791px\" \/><\/figure>\n\n\n\n<p class=\"wp-block-paragraph\"><br><br>Por \u00faltimo, se realizar\u00e1 la sustentaci\u00f3n de los proyectos agropecuarios, la Exposici\u00f3n de Especies Menores y los concursos de Enlazado, Hilanderas, Pela Papa, Gallo y Gallina m\u00e1s pesada y Buen Vegetal.<\/p>\n\n\n\n<p class=\"wp-block-paragraph\">Lea tambi\u00e9n: entre escombros y esperanza: los rescates que conmueven a Colombia tras el terremoto&nbsp;<a href=\"https:\/\/elchiq.com\/index.php\/2026\/08\/13\/entre-escombros-y-esperanza-los-rescates-que-conmueven-a-colombia-tras-el-terremoto\/\">https:\/\/elchiq.com\/index.php\/2026\/08\/13\/entre-escombros-y-esperanza-los-rescates-que-conmueven-a-colombia-tras-el-terremoto\/<\/a><\/p>\n\n\n\n<p class=\"wp-block-paragraph\">www.elchiq.com https:\/\/www.google.com\/search?q=elchiq&amp;oq=elch&amp;gs_l<\/p>\n\n\n\n<p class=\"wp-block-paragraph\">Escuche la decembrina: https:\/\/ladecembrina.radio12345com\/google_vignette<\/p>\n\n\n\n<p class=\"wp-block-paragraph\">S\u00edganos en Facebook, Instagram, Telegram, Twitch, Discord, Linkedin, Flipboard, Mastodon,YouTube, X, Spotify, TikTok, Bluesky y nuestro canal de WhatsApp, para que reciba noticias de \u00faltima hora y m\u00e1s contenidos<\/p>\n","protected":false},"excerpt":{"rendered":"<p>\u00a0Por: redacci\u00f3n Canal Boyac\u00e1 y elchiq.comhttps:\/\/www.google.com\/search?q=elchiq&amp;oq=elch&amp;gs_l La programaci\u00f3n, organizada por la alcald\u00eda, se extender\u00e1 hasta el pr\u00f3ximo domingo. El Polideportivo Municipal de Iza ser\u00e1 escenario, este mi\u00e9rcoles a las 5 p. m., del inicio de las Ferias y Fiestas del municipio, evento que se extender\u00e1 hasta el domingo 30 de agosto y que contar\u00e1 con [&hellip;]<\/p>\n","protected":false},"author":2,"featured_media":0,"comment_status":"closed","ping_status":"closed","sticky":false,"template":"","format":"standard","meta":{"footnotes":""},"categories":[1],"tags":[],"class_list":["post-14431","post","type-post","status-publish","format-standard","hentry","category-uncategorized"],"_links":{"self":[{"href":"https:\/\/elchiq.com\/index.php\/wp-json\/wp\/v2\/posts\/14431","targetHints":{"allow":["GET"]}}],"collection":[{"href":"https:\/\/elchiq.com\/index.php\/wp-json\/wp\/v2\/posts"}],"about":[{"href":"https:\/\/elchiq.com\/index.php\/wp-json\/wp\/v2\/types\/post"}],"author":[{"embeddable":true,"href":"https:\/\/elchiq.com\/index.php\/wp-json\/wp\/v2\/users\/2"}],"replies":[{"embeddable":true,"href":"https:\/\/elchiq.com\/index.php\/wp-json\/wp\/v2\/comments?post=14431"}],"version-history":[{"count":1,"href":"https:\/\/elchiq.com\/index.php\/wp-json\/wp\/v2\/posts\/14431\/revisions"}],"predecessor-version":[{"id":14436,"href":"https:\/\/elchiq.com\/index.php\/wp-json\/wp\/v2\/posts\/14431\/revisions\/14436"}],"wp:attachment":[{"href":"https:\/\/elchiq.com\/index.php\/wp-json\/wp\/v2\/media?parent=14431"}],"wp:term":[{"taxonomy":"category","embeddable":true,"href":"https:\/\/elchiq.com\/index.php\/wp-json\/wp\/v2\/categories?post=14431"},{"taxonomy":"post_tag","embeddable":true,"href":"https:\/\/elchiq.com\/index.php\/wp-json\/wp\/v2\/tags?post=14431"}],"curies":[{"name":"wp","href":"https:\/\/api.w.org\/{rel}","templated":true}]}}