{"id":14437,"date":"2026-09-01T07:28:16","date_gmt":"2026-09-01T12:28:16","guid":{"rendered":"https:\/\/elchiq.com\/?p=14437"},"modified":"2026-09-01T07:28:16","modified_gmt":"2026-09-01T12:28:16","slug":"catedral-del-eje-cafetero-resiste-terremotos-y-se-mantiene-como-simbolo-de-fortaleza-para-los-catolicos","status":"publish","type":"post","link":"https:\/\/elchiq.com\/index.php\/2026\/09\/01\/catedral-del-eje-cafetero-resiste-terremotos-y-se-mantiene-como-simbolo-de-fortaleza-para-los-catolicos\/","title":{"rendered":"Catedral del Eje Cafetero resiste terremotos y se mantiene como s\u00edmbolo de fortaleza para los cat\u00f3licos"},"content":{"rendered":"\n<p class=\"wp-block-paragraph\">La Catedral de Armenia que resisti\u00f3 el terremoto de 1999 vuelve a dar fortaleza: s\u00edmbolo religioso del Eje Cafetero. Resiste los embates de la naturaleza y sigue siendo testimonio de protecci\u00f3n.<\/p>\n\n\n\n<figure class=\"wp-block-image size-large\"><img loading=\"lazy\" decoding=\"async\" width=\"1024\" height=\"576\" src=\"https:\/\/elchiq.com\/wp-content\/uploads\/2026\/09\/image-9-1024x576.png\" alt=\"\" class=\"wp-image-14438\" srcset=\"https:\/\/elchiq.com\/wp-content\/uploads\/2026\/09\/image-9-1024x576.png 1024w, https:\/\/elchiq.com\/wp-content\/uploads\/2026\/09\/image-9-300x169.png 300w, https:\/\/elchiq.com\/wp-content\/uploads\/2026\/09\/image-9-768x432.png 768w, https:\/\/elchiq.com\/wp-content\/uploads\/2026\/09\/image-9.png 1200w\" sizes=\"auto, (max-width: 1024px) 100vw, 1024px\" \/><\/figure>\n\n\n\n<p class=\"wp-block-paragraph\">Por redacci\u00f3n la patria y Elchiq<a href=\"https:\/\/www.google.com\/search?q=elchiq&amp;oq=elch&amp;gs_lcrp=EgZjaHJvbWUqDggAEEUYJxg7GIAEGIoFMg4IABBFGCcYOxiABBiKBTIPCAEQLhhDGLEDGIAEGIoFMg8IAhAuGEMYsQMYgAQYigUyBggDEEUYOTIHCAQQABiABDIHCAUQLhiABDIHCAYQABiABDIHCAcQABiABDIJCAgQABgKGIAEMgkICRAAGAoYgATSAQoxNjkwNWowajE1qAIMsAIB8QWjlxl85iD_VA&amp;sourceid=chrome&amp;ie=UTF-8\">https:\/\/www.google.com\/search?q=elchiq&amp;oq=elch&amp;gs_l<\/a><\/p>\n\n\n\n<p class=\"wp-block-paragraph\">En pleno coraz\u00f3n de Armenia, frente a la Plaza de Bol\u00edvar, la&nbsp;<strong>Catedral La Inmaculada Concepci\u00f3n de Mar\u00eda<\/strong>&nbsp;permanece como uno de los s\u00edmbolos que recuerdan la capacidad de la ciudad para mantenerse en pie despu\u00e9s de momentos dif\u00edciles.<\/p>\n\n\n\n<p class=\"wp-block-paragraph\">El templo resisti\u00f3 el terremoto de 1999 y, m\u00e1s de dos d\u00e9cadas despu\u00e9s,&nbsp;<strong>volvi\u00f3 a mantenerse firme durante el sismo del pasado 10 de agosto.<\/strong>&nbsp;Para los cat\u00f3licos y habitantes que han buscado all\u00ed acompa\u00f1amiento, la Catedral representa algo m\u00e1s que una construcci\u00f3n religiosa: es un lugar de encuentro, tranquilidad y memoria.<\/p>\n\n\n\n<p class=\"wp-block-paragraph\">El sacerdote&nbsp;<strong>David Su\u00e1rez, p\u00e1rroco de la Catedral La Inmaculada Concepci\u00f3n de Mar\u00eda<\/strong>, recuerda que despu\u00e9s del terremoto de 1999 numerosos templos sufrieron da\u00f1os, mientras esta iglesia logr\u00f3 mantenerse en condiciones que permitieron reanudar las celebraciones religiosas.<\/p>\n\n\n\n<p class=\"wp-block-paragraph\">\u201c<strong>En el a\u00f1o 99 yo ten\u00eda 26 a\u00f1os, estaba comenzando cuarto de Teolog\u00eda en el Seminario Mayor Juan Pablo II, cerca del aeropuerto y cerca de La Tebaida.&nbsp;<\/strong>Muchos templos se destruyeron y, sin embargo, al mes del terremoto est\u00e1bamos celebrando la Eucarist\u00eda<strong>&nbsp;aqu\u00ed por las v\u00edctimas y eso nos daba a nosotros esa sensaci\u00f3n de seguridad, de tranquilidad<\/strong>\u201d, afirm\u00f3.<\/p>\n\n\n\n<p class=\"wp-block-paragraph\">La Catedral fue, seg\u00fan el relato suministrado, la de&nbsp;<strong>menores afectaciones entre las tres catedrales del Eje Cafetero<\/strong>, una condici\u00f3n que reforz\u00f3 su papel como punto de referencia durante la emergencia.<\/p>\n\n\n\n<p class=\"wp-block-paragraph\"><strong>Un s\u00edmbolo que permanece<\/strong><\/p>\n\n\n\n<p class=\"wp-block-paragraph\"><strong>El terremoto de 1999 dej\u00f3 una huella profunda en Armenia<\/strong>. En medio de la destrucci\u00f3n, los espacios que permanecieron en pie adquirieron un significado especial para quienes buscaban recuperar rutinas,&nbsp;<strong>reencontrarse con sus familias y enfrentar el miedo.&nbsp;<\/strong>La Catedral se convirti\u00f3 en uno de esos lugares.<\/p>\n\n\n\n<p class=\"wp-block-paragraph\"><strong>Su ubicaci\u00f3n en la Plaza de Bol\u00edvar y su funci\u00f3n religiosa<\/strong>&nbsp;hicieron que all\u00ed se concentraran personas que buscaban oraci\u00f3n, compa\u00f1\u00eda o simplemente un espacio donde sentirse seguras.<\/p>\n\n\n\n<p class=\"wp-block-paragraph\"><strong>Para el padre Su\u00e1rez, ese valor no se limita a la estructura f\u00edsica.<\/strong>&nbsp;La iglesia tambi\u00e9n funciona como un punto de apoyo emocional y espiritual. La experiencia volvi\u00f3 a repetirse durante el terremoto del 10 de agosto.<\/p>\n\n\n\n<p class=\"wp-block-paragraph\">Seg\u00fan el sacerdote,&nbsp;<strong>las celebraciones religiosas continuaron durante esa jornada&nbsp;<\/strong>y varias personas llegaron al templo despu\u00e9s del movimiento s\u00edsmico.<\/p>\n\n\n\n<p class=\"wp-block-paragraph\">\u201c<strong>El 10 de agosto celebramos los horarios de las misas y yo pens\u00e9 que no iba a venir mucha gente y efectivamente la gente acudi\u00f3.&nbsp;<\/strong>Incluso salieron de algunos apartamentos aqu\u00ed como a encontrar un refugio y a que se les escuchara<strong>. Entonces es una sensaci\u00f3n de seguridad que le da a algunos<\/strong>\u201d, explic\u00f3.<\/p>\n\n\n\n<figure class=\"wp-block-image size-large\"><img loading=\"lazy\" decoding=\"async\" width=\"1024\" height=\"791\" src=\"https:\/\/elchiq.com\/wp-content\/uploads\/2026\/09\/Pub-Santa-Barbara-1024x791.jpg\" alt=\"\" class=\"wp-image-14439\" srcset=\"https:\/\/elchiq.com\/wp-content\/uploads\/2026\/09\/Pub-Santa-Barbara-1024x791.jpg 1024w, https:\/\/elchiq.com\/wp-content\/uploads\/2026\/09\/Pub-Santa-Barbara-300x232.jpg 300w, https:\/\/elchiq.com\/wp-content\/uploads\/2026\/09\/Pub-Santa-Barbara-767x593.jpg 767w, https:\/\/elchiq.com\/wp-content\/uploads\/2026\/09\/Pub-Santa-Barbara-1536x1187.jpg 1536w, https:\/\/elchiq.com\/wp-content\/uploads\/2026\/09\/Pub-Santa-Barbara.jpg 1650w\" sizes=\"auto, (max-width: 1024px) 100vw, 1024px\" \/><\/figure>\n\n\n\n<p class=\"wp-block-paragraph\"><strong>Refugio despu\u00e9s del miedo<\/strong><\/p>\n\n\n\n<p class=\"wp-block-paragraph\"><strong>El sismo tambi\u00e9n dej\u00f3 temor entre algunos habitantes<\/strong>, en especial entre quienes tuvieron dificultades en sus viviendas o debieron abandonar temporalmente sus apartamentos.<\/p>\n\n\n\n<p class=\"wp-block-paragraph\">Su\u00e1rez reconoce que el impacto no se limita a las estructuras. \u201c<strong>Hay gente nerviosa, por supuesto, porque han tenido que desocupar sus apartamentos. Un poco de salud mental, claro, impacta<\/strong>\u201d, se\u00f1al\u00f3.<\/p>\n\n\n\n<p class=\"wp-block-paragraph\"><strong>En ese escenario, la Catedral vuelve a cumplir una funci\u00f3n de acompa\u00f1amiento.<\/strong>&nbsp;No se trata \u00fanicamente de abrir las puertas para las celebraciones religiosas. El templo tambi\u00e9n ofrece un espacio donde las personas pueden acercarse, ser escuchadas y encontrarse con otros ciudadanos que viven una situaci\u00f3n similar.<\/p>\n\n\n\n<p class=\"wp-block-paragraph\"><strong>Para algunos creyentes, esa permanencia del edificio despu\u00e9s de dos terremotos se convierte tambi\u00e9n en una imagen de resistencia.<\/strong>&nbsp;La iglesia que se mantiene firme frente a la Plaza de Bol\u00edvar termina transmitiendo un mensaje que combina memoria, fe y capacidad de recuperaci\u00f3n.<\/p>\n\n\n\n<p class=\"wp-block-paragraph\"><strong>Fortaleza para los cat\u00f3licos<\/strong><\/p>\n\n\n\n<p class=\"wp-block-paragraph\"><strong>La resistencia f\u00edsica de la Catedral adquiere un significado particular entre los creyentes.<\/strong>&nbsp;Despu\u00e9s de dos movimientos s\u00edsmicos separados por m\u00e1s de dos d\u00e9cadas, el templo contin\u00faa funcionando y convocando a la comunidad.<\/p>\n\n\n\n<p class=\"wp-block-paragraph\"><strong>La imagen de sus puertas abiertas despu\u00e9s de las emergencias<\/strong>&nbsp;refuerza la idea de que la fe tambi\u00e9n puede acompa\u00f1ar los procesos de recuperaci\u00f3n.<\/p>\n\n\n\n<figure class=\"wp-block-image size-large\"><img loading=\"lazy\" decoding=\"async\" width=\"633\" height=\"1024\" src=\"https:\/\/elchiq.com\/wp-content\/uploads\/2026\/09\/Pub-Risaton-633x1024.jpg\" alt=\"\" class=\"wp-image-14440\" srcset=\"https:\/\/elchiq.com\/wp-content\/uploads\/2026\/09\/Pub-Risaton-633x1024.jpg 633w, https:\/\/elchiq.com\/wp-content\/uploads\/2026\/09\/Pub-Risaton-185x300.jpg 185w, https:\/\/elchiq.com\/wp-content\/uploads\/2026\/09\/Pub-Risaton-768x1242.jpg 768w, https:\/\/elchiq.com\/wp-content\/uploads\/2026\/09\/Pub-Risaton.jpg 791w\" sizes=\"auto, (max-width: 633px) 100vw, 633px\" \/><\/figure>\n\n\n\n<p class=\"wp-block-paragraph\">El padre Su\u00e1rez relaciona esa esperanza con el servicio a quienes atraviesan momentos dif\u00edciles. \u201c<strong>No obstante, la esperanza no se acaba, tenemos que seguir adelante. Nuestras manos, nuestro servicio, el coraz\u00f3n, el voluntariado son la presencia de Dios para los que nos necesitan<\/strong>\u201d, manifest\u00f3.<\/p>\n\n\n\n<p class=\"wp-block-paragraph\"><strong>Memoria de una ciudad<\/strong><\/p>\n\n\n\n<p class=\"wp-block-paragraph\"><strong>Los edificios que sobreviven a una emergencia suelen convertirse en referentes de memoria<\/strong>. En Armenia, la Catedral ocupa ese lugar para quienes recuerdan el terremoto de 1999 y&nbsp;<strong>para quienes recientemente sintieron de nuevo el temor provocado por un sismo.<\/strong><\/p>\n\n\n\n<p class=\"wp-block-paragraph\">Para quienes vivieron ambas experiencias, la permanencia del templo conecta dos momentos de la historia reciente de la ciudad.&nbsp;<strong>En 1999 sirvi\u00f3 como sitio de celebraci\u00f3n religiosa poco despu\u00e9s de la emergencia.<\/strong>&nbsp;En agosto volvi\u00f3 a recibir a ciudadanos que buscaban acompa\u00f1amiento.<\/p>\n\n\n\n<figure class=\"wp-block-image size-full\"><img loading=\"lazy\" decoding=\"async\" width=\"512\" height=\"640\" src=\"https:\/\/elchiq.com\/wp-content\/uploads\/2026\/09\/pUB-mINUTO-COL-1.jpg\" alt=\"\" class=\"wp-image-14441\" srcset=\"https:\/\/elchiq.com\/wp-content\/uploads\/2026\/09\/pUB-mINUTO-COL-1.jpg 512w, https:\/\/elchiq.com\/wp-content\/uploads\/2026\/09\/pUB-mINUTO-COL-1-240x300.jpg 240w\" sizes=\"auto, (max-width: 512px) 100vw, 512px\" \/><\/figure>\n\n\n\n<p class=\"wp-block-paragraph\">La funci\u00f3n es semejante: ofrecer un lugar estable en medio de la incertidumbre.<strong>&nbsp;La Catedral tambi\u00e9n conserva una relaci\u00f3n directa con la vida cotidiana de Armenia.<\/strong>&nbsp;Su ubicaci\u00f3n en el centro de la ciudad hace que sea punto de paso, reuni\u00f3n y referencia para residentes y visitantes. Despu\u00e9s de un terremoto, esa presencia adquiere un valor adicional.<\/p>\n\n\n\n<p class=\"wp-block-paragraph\"><strong>La ciudad retoma sus actividades<\/strong><\/p>\n\n\n\n<p class=\"wp-block-paragraph\"><strong>Tras el sismo del 10 de agosto, la Catedral vuelve a integrarse a la normalidad de Armenia.&nbsp;<\/strong>Las misas contin\u00faan y los feligreses regresan al templo.<\/p>\n\n\n\n<p class=\"wp-block-paragraph\">Al mismo tiempo, el sacerdote reconoce que todav\u00eda existen personas afectadas emocionalmente por lo ocurrido y que necesitan espacios de escucha y acompa\u00f1amiento.<\/p>\n\n\n\n<p class=\"wp-block-paragraph\">En ese proceso,&nbsp;<strong>Su\u00e1rez insiste en mantener la esperanza y en convertir la solidaridad en acciones concretas.<\/strong>&nbsp;El mensaje parte de la fe, pero tambi\u00e9n se expresa mediante el servicio y el voluntariado.<\/p>\n\n\n\n<p class=\"wp-block-paragraph\">La Catedral que resisti\u00f3 el terremoto de 1999 y p<strong>ermaneci\u00f3 firme en el del 10 de agosto contin\u00faa frente a la Plaza de Bol\u00edvar como lugar de oraci\u00f3n<\/strong>, encuentro y apoyo para quienes todav\u00eda sienten temor.<\/p>\n\n\n\n<p class=\"wp-block-paragraph\">Lea tambi\u00e9n: entre escombros y esperanza: los rescates que conmueven a Colombia tras el terremoto&nbsp;<a href=\"https:\/\/elchiq.com\/index.php\/2026\/08\/13\/entre-escombros-y-esperanza-los-rescates-que-conmueven-a-colombia-tras-el-terremoto\/\">https:\/\/elchiq.com\/index.php\/2026\/08\/13\/entre-escombros-y-esperanza-los-rescates-que-conmueven-a-colombia-tras-el-terremoto\/<\/a><\/p>\n\n\n\n<p class=\"wp-block-paragraph\">www.elchiq.com https:\/\/www.google.com\/search?q=elchiq&amp;oq=elch&amp;gs_l<\/p>\n\n\n\n<p class=\"wp-block-paragraph\">Escuche la decembrina: https:\/\/ladecembrina.radio12345com\/google_vignette<\/p>\n\n\n\n<p class=\"wp-block-paragraph\">S\u00edganos en Facebook, Instagram, Telegram, Twitch, Discord, Linkedin, Flipboard, Mastodon,YouTube, X, Spotify, TikTok, Bluesky y nuestro canal de WhatsApp, para que reciba noticias de \u00faltima hora y m\u00e1s contenidos<\/p>\n","protected":false},"excerpt":{"rendered":"<p>La Catedral de Armenia que resisti\u00f3 el terremoto de 1999 vuelve a dar fortaleza: s\u00edmbolo religioso del Eje Cafetero. Resiste los embates de la naturaleza y sigue siendo testimonio de protecci\u00f3n. Por redacci\u00f3n la patria y Elchiqhttps:\/\/www.google.com\/search?q=elchiq&amp;oq=elch&amp;gs_l En pleno coraz\u00f3n de Armenia, frente a la Plaza de Bol\u00edvar, la&nbsp;Catedral La Inmaculada Concepci\u00f3n de Mar\u00eda&nbsp;permanece como [&hellip;]<\/p>\n","protected":false},"author":2,"featured_media":0,"comment_status":"closed","ping_status":"closed","sticky":false,"template":"","format":"standard","meta":{"footnotes":""},"categories":[1],"tags":[],"class_list":["post-14437","post","type-post","status-publish","format-standard","hentry","category-uncategorized"],"_links":{"self":[{"href":"https:\/\/elchiq.com\/index.php\/wp-json\/wp\/v2\/posts\/14437","targetHints":{"allow":["GET"]}}],"collection":[{"href":"https:\/\/elchiq.com\/index.php\/wp-json\/wp\/v2\/posts"}],"about":[{"href":"https:\/\/elchiq.com\/index.php\/wp-json\/wp\/v2\/types\/post"}],"author":[{"embeddable":true,"href":"https:\/\/elchiq.com\/index.php\/wp-json\/wp\/v2\/users\/2"}],"replies":[{"embeddable":true,"href":"https:\/\/elchiq.com\/index.php\/wp-json\/wp\/v2\/comments?post=14437"}],"version-history":[{"count":1,"href":"https:\/\/elchiq.com\/index.php\/wp-json\/wp\/v2\/posts\/14437\/revisions"}],"predecessor-version":[{"id":14442,"href":"https:\/\/elchiq.com\/index.php\/wp-json\/wp\/v2\/posts\/14437\/revisions\/14442"}],"wp:attachment":[{"href":"https:\/\/elchiq.com\/index.php\/wp-json\/wp\/v2\/media?parent=14437"}],"wp:term":[{"taxonomy":"category","embeddable":true,"href":"https:\/\/elchiq.com\/index.php\/wp-json\/wp\/v2\/categories?post=14437"},{"taxonomy":"post_tag","embeddable":true,"href":"https:\/\/elchiq.com\/index.php\/wp-json\/wp\/v2\/tags?post=14437"}],"curies":[{"name":"wp","href":"https:\/\/api.w.org\/{rel}","templated":true}]}}