{"id":14450,"date":"2026-09-01T19:35:51","date_gmt":"2026-09-02T00:35:51","guid":{"rendered":"https:\/\/elchiq.com\/?p=14450"},"modified":"2026-09-01T19:35:51","modified_gmt":"2026-09-02T00:35:51","slug":"gobierno-incluyo-a-caqueta-y-santander-en-decreto-de-emergencia-economica","status":"publish","type":"post","link":"https:\/\/elchiq.com\/index.php\/2026\/09\/01\/gobierno-incluyo-a-caqueta-y-santander-en-decreto-de-emergencia-economica\/","title":{"rendered":"Gobierno incluy\u00f3 a Caquet\u00e1 y Santander en decreto de emergencia econ\u00f3mica"},"content":{"rendered":"\n<figure class=\"wp-block-image size-large\"><img loading=\"lazy\" decoding=\"async\" width=\"1024\" height=\"853\" src=\"https:\/\/elchiq.com\/wp-content\/uploads\/2026\/09\/image-10-1024x853.png\" alt=\"\" class=\"wp-image-14451\" srcset=\"https:\/\/elchiq.com\/wp-content\/uploads\/2026\/09\/image-10-1024x853.png 1024w, https:\/\/elchiq.com\/wp-content\/uploads\/2026\/09\/image-10-300x250.png 300w, https:\/\/elchiq.com\/wp-content\/uploads\/2026\/09\/image-10-768x640.png 768w, https:\/\/elchiq.com\/wp-content\/uploads\/2026\/09\/image-10.png 1080w\" sizes=\"auto, (max-width: 1024px) 100vw, 1024px\" \/><\/figure>\n\n\n\n<p class=\"wp-block-paragraph\">Por: redacci\u00f3n RP y elchiq.com<a href=\"https:\/\/www.google.com\/search?q=elchiq&amp;oq=elch&amp;gs_lcrp=EgZjaHJvbWUqDggAEEUYJxg7GIAEGIoFMg4IABBFGCcYOxiABBiKBTIPCAEQLhhDGLEDGIAEGIoFMg8IAhAuGEMYsQMYgAQYigUyBggDEEUYOTIHCAQQABiABDIHCAUQLhiABDIHCAYQABiABDIHCAcQABiABDIJCAgQABgKGIAEMgkICRAAGAoYgATSAQoxNjkwNWowajE1qAIMsAIB8QWjlxl85iD_VA&amp;sourceid=chrome&amp;ie=UTF-8\">https:\/\/www.google.com\/search?q=elchiq&amp;oq=elch&amp;gs_l<\/a><\/p>\n\n\n\n<p class=\"wp-block-paragraph\">Por medio del decreto 1348 del 31 de agosto, el Gobierno oficializ\u00f3 la inclusi\u00f3n de los departamentos de Caquet\u00e1 y Santander en el decreto de emergencia econ\u00f3mica por cuenta del terremoto del 10 de agosto.<\/p>\n\n\n\n<p class=\"wp-block-paragraph\">La decisi\u00f3n tambi\u00e9n contempl\u00f3 la exclusi\u00f3n del departamento de Putumayo en dicha declaratoria.<\/p>\n\n\n\n<p class=\"wp-block-paragraph\">As\u00ed las cosas, la lista de los 16 departamentos incluidos en la declaratoria son Antioquia, Caldas, Cauca, Choc\u00f3, Quind\u00edo, Cundinamarca, Risaralda, Huila, Valle del Cauca, Tolima, Norte de Santander, Bol\u00edvar, Nari\u00f1o, Sucre, Caquet\u00e1 y Norte de Santander.<\/p>\n\n\n\n<figure class=\"wp-block-image size-large\"><img loading=\"lazy\" decoding=\"async\" width=\"1024\" height=\"791\" src=\"https:\/\/elchiq.com\/wp-content\/uploads\/2026\/09\/Pub-inm-nuevo-2-1024x791.jpg\" alt=\"\" class=\"wp-image-14452\" srcset=\"https:\/\/elchiq.com\/wp-content\/uploads\/2026\/09\/Pub-inm-nuevo-2-1024x791.jpg 1024w, https:\/\/elchiq.com\/wp-content\/uploads\/2026\/09\/Pub-inm-nuevo-2-300x232.jpg 300w, https:\/\/elchiq.com\/wp-content\/uploads\/2026\/09\/Pub-inm-nuevo-2-767x593.jpg 767w, https:\/\/elchiq.com\/wp-content\/uploads\/2026\/09\/Pub-inm-nuevo-2-1536x1187.jpg 1536w, https:\/\/elchiq.com\/wp-content\/uploads\/2026\/09\/Pub-inm-nuevo-2.jpg 1650w\" sizes=\"auto, (max-width: 1024px) 100vw, 1024px\" \/><\/figure>\n\n\n\n<p class=\"wp-block-paragraph\">El Gobierno decret\u00f3 el&nbsp;Estado de Emergencia Econ\u00f3mica, Social y Ecol\u00f3gica&nbsp;por el terremoto del pasado 10 de agosto, con el objetivo de habilitar medidas extraordinarias para atender la emergencia y apoyar la recuperaci\u00f3n de las zonas afectadas.<\/p>\n\n\n\n<p class=\"wp-block-paragraph\">La declaratoria permitir\u00e1 al Ejecutivo expedir decretos con fuerza de ley para responder a los da\u00f1os ocasionados por el terremoto y evitar que sus efectos se extiendan. Estas decisiones deber\u00e1n estar directamente relacionadas con la emergencia y buscar soluciones frente a las necesidades que enfrenta la poblaci\u00f3n afectada.<\/p>\n\n\n\n<p class=\"wp-block-paragraph\">Entre los frentes que podr\u00e1n atenderse est\u00e1n la vivienda, infraestructura, servicios p\u00fablicos, actividad econ\u00f3mica y condiciones sociales de los territorios afectados. La decisi\u00f3n se sustenta en la magnitud de la emergencia y en la necesidad de contar con herramientas adicionales a las que normalmente tiene el Estado.<\/p>\n\n\n\n<figure class=\"wp-block-image size-large\"><img loading=\"lazy\" decoding=\"async\" width=\"1024\" height=\"791\" src=\"https:\/\/elchiq.com\/wp-content\/uploads\/2026\/09\/Pub-Santa-Barbara-1-1024x791.jpg\" alt=\"\" class=\"wp-image-14453\" srcset=\"https:\/\/elchiq.com\/wp-content\/uploads\/2026\/09\/Pub-Santa-Barbara-1-1024x791.jpg 1024w, https:\/\/elchiq.com\/wp-content\/uploads\/2026\/09\/Pub-Santa-Barbara-1-300x232.jpg 300w, https:\/\/elchiq.com\/wp-content\/uploads\/2026\/09\/Pub-Santa-Barbara-1-767x593.jpg 767w, https:\/\/elchiq.com\/wp-content\/uploads\/2026\/09\/Pub-Santa-Barbara-1-1536x1187.jpg 1536w, https:\/\/elchiq.com\/wp-content\/uploads\/2026\/09\/Pub-Santa-Barbara-1.jpg 1650w\" sizes=\"auto, (max-width: 1024px) 100vw, 1024px\" \/><\/figure>\n\n\n\n<p class=\"wp-block-paragraph\">Lea tambi\u00e9n: entre escombros y esperanza: los rescates que conmueven a Colombia tras el terremoto&nbsp;<a href=\"https:\/\/elchiq.com\/index.php\/2026\/08\/13\/entre-escombros-y-esperanza-los-rescates-que-conmueven-a-colombia-tras-el-terremoto\/\">https:\/\/elchiq.com\/index.php\/2026\/08\/13\/entre-escombros-y-esperanza-los-rescates-que-conmueven-a-colombia-tras-el-terremoto\/<\/a><\/p>\n\n\n\n<p class=\"wp-block-paragraph\">www.elchiq.com https:\/\/www.google.com\/search?q=elchiq&amp;oq=elch&amp;gs_l<\/p>\n\n\n\n<p class=\"wp-block-paragraph\">Escuche la decembrina: https:\/\/ladecembrina.radio12345com\/google_vignette<\/p>\n\n\n\n<p class=\"wp-block-paragraph\">S\u00edganos en Facebook, Instagram, Telegram, Twitch, Discord, Linkedin, Flipboard, Mastodon,YouTube, X, Spotify, TikTok, Bluesky y nuestro canal de WhatsApp, para que reciba noticias de \u00faltima hora y m\u00e1s contenidos<\/p>\n","protected":false},"excerpt":{"rendered":"<p>Por: redacci\u00f3n RP y elchiq.comhttps:\/\/www.google.com\/search?q=elchiq&amp;oq=elch&amp;gs_l Por medio del decreto 1348 del 31 de agosto, el Gobierno oficializ\u00f3 la inclusi\u00f3n de los departamentos de Caquet\u00e1 y Santander en el decreto de emergencia econ\u00f3mica por cuenta del terremoto del 10 de agosto. La decisi\u00f3n tambi\u00e9n contempl\u00f3 la exclusi\u00f3n del departamento de Putumayo en dicha declaratoria. As\u00ed las [&hellip;]<\/p>\n","protected":false},"author":2,"featured_media":0,"comment_status":"closed","ping_status":"closed","sticky":false,"template":"","format":"standard","meta":{"footnotes":""},"categories":[1],"tags":[],"class_list":["post-14450","post","type-post","status-publish","format-standard","hentry","category-uncategorized"],"_links":{"self":[{"href":"https:\/\/elchiq.com\/index.php\/wp-json\/wp\/v2\/posts\/14450","targetHints":{"allow":["GET"]}}],"collection":[{"href":"https:\/\/elchiq.com\/index.php\/wp-json\/wp\/v2\/posts"}],"about":[{"href":"https:\/\/elchiq.com\/index.php\/wp-json\/wp\/v2\/types\/post"}],"author":[{"embeddable":true,"href":"https:\/\/elchiq.com\/index.php\/wp-json\/wp\/v2\/users\/2"}],"replies":[{"embeddable":true,"href":"https:\/\/elchiq.com\/index.php\/wp-json\/wp\/v2\/comments?post=14450"}],"version-history":[{"count":1,"href":"https:\/\/elchiq.com\/index.php\/wp-json\/wp\/v2\/posts\/14450\/revisions"}],"predecessor-version":[{"id":14454,"href":"https:\/\/elchiq.com\/index.php\/wp-json\/wp\/v2\/posts\/14450\/revisions\/14454"}],"wp:attachment":[{"href":"https:\/\/elchiq.com\/index.php\/wp-json\/wp\/v2\/media?parent=14450"}],"wp:term":[{"taxonomy":"category","embeddable":true,"href":"https:\/\/elchiq.com\/index.php\/wp-json\/wp\/v2\/categories?post=14450"},{"taxonomy":"post_tag","embeddable":true,"href":"https:\/\/elchiq.com\/index.php\/wp-json\/wp\/v2\/tags?post=14450"}],"curies":[{"name":"wp","href":"https:\/\/api.w.org\/{rel}","templated":true}]}}