{"id":14455,"date":"2026-09-01T19:43:35","date_gmt":"2026-09-02T00:43:35","guid":{"rendered":"https:\/\/elchiq.com\/?p=14455"},"modified":"2026-09-01T19:43:35","modified_gmt":"2026-09-02T00:43:35","slug":"hacia-cuanto-un-colombiano-no-lideraba-la-montana-de-la-vuelta-a-espana-buitrago-puso-fin-a-la-espera","status":"publish","type":"post","link":"https:\/\/elchiq.com\/index.php\/2026\/09\/01\/hacia-cuanto-un-colombiano-no-lideraba-la-montana-de-la-vuelta-a-espana-buitrago-puso-fin-a-la-espera\/","title":{"rendered":"\u00bfHac\u00eda cu\u00e1nto un colombiano no lideraba la monta\u00f1a de la Vuelta a Espa\u00f1a? Buitrago puso fin a la espera"},"content":{"rendered":"\n<p class=\"wp-block-paragraph\">Han transcurrido 22 a\u00f1os desde que un colombiano gan\u00f3 dicha clasificaci\u00f3n en la Vuelta a Espa\u00f1a, \u00bfla conquistar\u00e1 Santiago Buitrago?<\/p>\n\n\n\n<figure class=\"wp-block-image size-full is-resized\"><img loading=\"lazy\" decoding=\"async\" width=\"474\" height=\"266\" src=\"https:\/\/elchiq.com\/wp-content\/uploads\/2026\/09\/Santiago-buitrago.jpg\" alt=\"\" class=\"wp-image-14456\" style=\"aspect-ratio:1.7820008224167303;width:921px;height:auto\" srcset=\"https:\/\/elchiq.com\/wp-content\/uploads\/2026\/09\/Santiago-buitrago.jpg 474w, https:\/\/elchiq.com\/wp-content\/uploads\/2026\/09\/Santiago-buitrago-300x168.jpg 300w\" sizes=\"auto, (max-width: 474px) 100vw, 474px\" \/><\/figure>\n\n\n\n<p class=\"wp-block-paragraph\">Por: redacci\u00f3n El Colombiano y elchiq.com<a href=\"https:\/\/www.google.com\/search?q=elchiq&amp;oq=elch&amp;gs_lcrp=EgZjaHJvbWUqDggAEEUYJxg7GIAEGIoFMg4IABBFGCcYOxiABBiKBTIPCAEQLhhDGLEDGIAEGIoFMg8IAhAuGEMYsQMYgAQYigUyBggDEEUYOTIHCAQQABiABDIHCAUQLhiABDIHCAYQABiABDIHCAcQABiABDIJCAgQABgKGIAEMgkICRAAGAoYgATSAQoxNjkwNWowajE1qAIMsAIB8QWjlxl85iD_VA&amp;sourceid=chrome&amp;ie=UTF-8\">https:\/\/www.google.com\/search?q=elchiq&amp;oq=elch&amp;gs_l<\/a><\/p>\n\n\n\n<p class=\"wp-block-paragraph\">Pasaron diez a\u00f1os para que un ciclista colombiano volviera a liderar la clasificaci\u00f3n de la monta\u00f1a en la Vuelta a Espa\u00f1a. Ahora, el protagonista es&nbsp;<strong>Santiago Buitrago<\/strong>, quien con valent\u00eda y condiciones de escalador se apoder\u00f3 del maillot de lunares y renov\u00f3 la ilusi\u00f3n de los aficionados nacionales.<\/p>\n\n\n\n<p class=\"wp-block-paragraph\">En la previa de la actual edici\u00f3n, el bogotano prometi\u00f3 espect\u00e1culo y entrega para recompensar al Bahrain-Victorious, equipo que le abri\u00f3 las puertas del World Tour en 2020.&nbsp;<strong>Y en su \u00faltima temporada con la escuadra, luego de confirmarse que correr\u00e1 los pr\u00f3ximos tres a\u00f1os con el NSN Cycling Team, est\u00e1 cumpliendo su palabra.<\/strong><\/p>\n\n\n\n<figure class=\"wp-block-image size-large\"><img loading=\"lazy\" decoding=\"async\" width=\"633\" height=\"1024\" src=\"https:\/\/elchiq.com\/wp-content\/uploads\/2026\/09\/Pub-Risaton-1-633x1024.jpg\" alt=\"\" class=\"wp-image-14457\" srcset=\"https:\/\/elchiq.com\/wp-content\/uploads\/2026\/09\/Pub-Risaton-1-633x1024.jpg 633w, https:\/\/elchiq.com\/wp-content\/uploads\/2026\/09\/Pub-Risaton-1-185x300.jpg 185w, https:\/\/elchiq.com\/wp-content\/uploads\/2026\/09\/Pub-Risaton-1-768x1242.jpg 768w, https:\/\/elchiq.com\/wp-content\/uploads\/2026\/09\/Pub-Risaton-1.jpg 791w\" sizes=\"auto, (max-width: 633px) 100vw, 633px\" \/><\/figure>\n\n\n\n<p class=\"wp-block-paragraph\">El capitalino aprovech\u00f3 la primera semana de competencia para mostrar su valent\u00eda en la carretera y sumar puntos en los diferentes ascensos. Su rendimiento le permiti\u00f3 escalar posiciones hasta convertirse en el nuevo l\u00edder de la clasificaci\u00f3n de la monta\u00f1a.<\/p>\n\n\n\n<p class=\"wp-block-paragraph\">En esta especialidad, Colombia ha escrito p\u00e1ginas importantes en la historia del ciclismo europeo.&nbsp;<strong>La capacidad de sus corredores para trepar cuando la carretera se empina les vali\u00f3 el conocido apodo de \u2018escarabajos\u2019<\/strong>&nbsp;y convirti\u00f3 las monta\u00f1as de las grandes vueltas en territorio para los pedalistas nacionales.<\/p>\n\n\n\n<p class=\"wp-block-paragraph\"><strong>\u00bfQui\u00e9nes han sido los colombianos ganadores de la monta\u00f1a en la Vuelta a Espa\u00f1a?<\/strong><\/p>\n\n\n\n<p class=\"wp-block-paragraph\">Ahora,&nbsp;<strong><a href=\"https:\/\/www.elcolombiano.com\/cronologia\/noticias\/meta\/santiago-buitrago\" target=\"_blank\" rel=\"noopener\">Buitrago<\/a><\/strong>&nbsp;vuelve a hacer so\u00f1ar con un t\u00edtulo que ya conquistaron cuatro colombianos en la historia de la Vuelta a Espa\u00f1a: Luis Alberto&nbsp;<a href=\"https:\/\/www.elcolombiano.com\/cronologia\/noticias\/meta\/lucho-herrera\" target=\"_blank\" rel=\"noopener\">\u2018Lucho\u2019 Herrera<\/a>, en 1987 y 1991; \u00d3scar de Jes\u00fas Vargas, en 1989; Mart\u00edn Farf\u00e1n, en 1990, y F\u00e9lix C\u00e1rdenas, en 2003 y 2004.<\/p>\n\n\n\n<figure class=\"wp-block-image size-large\"><img loading=\"lazy\" decoding=\"async\" width=\"1024\" height=\"73\" src=\"https:\/\/elchiq.com\/wp-content\/uploads\/2026\/09\/Pub-Cruz-Roja-1024x73.jpg\" alt=\"\" class=\"wp-image-14458\" srcset=\"https:\/\/elchiq.com\/wp-content\/uploads\/2026\/09\/Pub-Cruz-Roja-1024x73.jpg 1024w, https:\/\/elchiq.com\/wp-content\/uploads\/2026\/09\/Pub-Cruz-Roja-300x21.jpg 300w, https:\/\/elchiq.com\/wp-content\/uploads\/2026\/09\/Pub-Cruz-Roja-756x54.jpg 756w, https:\/\/elchiq.com\/wp-content\/uploads\/2026\/09\/Pub-Cruz-Roja.jpg 1260w\" sizes=\"auto, (max-width: 1024px) 100vw, 1024px\" \/><\/figure>\n\n\n\n<p class=\"wp-block-paragraph\"><strong>Nairo Quintana, el antecedente de 2016<\/strong><\/p>\n\n\n\n<p class=\"wp-block-paragraph\">La pregunta es inevitable: \u00bfcu\u00e1nto tiempo pas\u00f3 para que un colombiano volviera a lucir el maillot de lunares en la Vuelta?<\/p>\n\n\n\n<p class=\"wp-block-paragraph\">Son diez a\u00f1os, aunque la propia organizaci\u00f3n de la carrera hizo una precisi\u00f3n sobre la historia reciente de esta clasificaci\u00f3n.<\/p>\n\n\n\n<p class=\"wp-block-paragraph\">Luego de su escapada del pasado domingo, camino del Alto de Aitana, Buitrago se convirti\u00f3 en el primer colombiano en liderar la clasificaci\u00f3n de la monta\u00f1a desde&nbsp;<a href=\"https:\/\/www.elcolombiano.com\/cronologia\/noticias\/meta\/nairo-quintana\" target=\"_blank\" rel=\"noopener\">Nairo Quintana<\/a>, quien visti\u00f3 el maillot durante las etapas 11 y 12 de la edici\u00f3n de 2016.<\/p>\n\n\n\n<p class=\"wp-block-paragraph\">Sin embargo, en aquella ocasi\u00f3n Quintana tambi\u00e9n portaba el maillot rojo que identifica al l\u00edder de la clasificaci\u00f3n general. Por eso, la organizaci\u00f3n de la Vuelta record\u00f3 que el \u00faltimo colombiano en lucir exclusivamente el maillot de lunares durante una etapa hab\u00eda sido Walter Pedraza, en la tercera jornada de la edici\u00f3n de 2015.<\/p>\n\n\n\n<figure class=\"wp-block-image size-full\"><img loading=\"lazy\" decoding=\"async\" width=\"512\" height=\"640\" src=\"https:\/\/elchiq.com\/wp-content\/uploads\/2026\/09\/pUB-mINUTO-COL-2.jpg\" alt=\"\" class=\"wp-image-14459\" srcset=\"https:\/\/elchiq.com\/wp-content\/uploads\/2026\/09\/pUB-mINUTO-COL-2.jpg 512w, https:\/\/elchiq.com\/wp-content\/uploads\/2026\/09\/pUB-mINUTO-COL-2-240x300.jpg 240w\" sizes=\"auto, (max-width: 512px) 100vw, 512px\" \/><\/figure>\n\n\n\n<p class=\"wp-block-paragraph\"><strong>Pedraza compet\u00eda entonces con el desaparecido Team Colombia.&nbsp;<\/strong>Su compatriota Esteban Chaves era el l\u00edder de la clasificaci\u00f3n de la monta\u00f1a, pero tambi\u00e9n vest\u00eda el maillot rojo de la general, por lo que Walter tuvo el privilegio de portar la camiseta de los grandes premios de monta\u00f1a.<\/p>\n\n\n\n<p class=\"wp-block-paragraph\"><strong>Momento para ratificar su nivel<\/strong><\/p>\n\n\n\n<p class=\"wp-block-paragraph\">Ahora es Buitrago quien vuelve a poner a Colombia en lo m\u00e1s alto de esta clasificaci\u00f3n y alimenta el sue\u00f1o de conquistarla.<\/p>\n\n\n\n<p class=\"wp-block-paragraph\">El bogotano, quien comenz\u00f3 en el ciclismo a los 11 a\u00f1os, ratifica con su actuaci\u00f3n en la Vuelta el gran nivel que mostr\u00f3 desde el comienzo de la temporada.<\/p>\n\n\n\n<p class=\"wp-block-paragraph\"><strong>Buitrago se impuso en el Trofeo Laigueglia y fue cuarto en el exigente Campeonato Nacional de ruta disputado en&nbsp;<\/strong><strong><a href=\"https:\/\/www.elcolombiano.com\/cronologia\/noticias\/meta\/cundinamarca\" target=\"_blank\" rel=\"noopener\">Cundinamarca<\/a><\/strong><strong>.<\/strong>&nbsp;Posteriormente, debi\u00f3 abandonar el Giro de Italia-2026 tras sufrir una ca\u00edda.<\/p>\n\n\n\n<figure class=\"wp-block-image size-large\"><img loading=\"lazy\" decoding=\"async\" width=\"1024\" height=\"791\" src=\"https:\/\/elchiq.com\/wp-content\/uploads\/2026\/09\/Pub-inm-nuevo-3-1024x791.jpg\" alt=\"\" class=\"wp-image-14460\" srcset=\"https:\/\/elchiq.com\/wp-content\/uploads\/2026\/09\/Pub-inm-nuevo-3-1024x791.jpg 1024w, https:\/\/elchiq.com\/wp-content\/uploads\/2026\/09\/Pub-inm-nuevo-3-300x232.jpg 300w, https:\/\/elchiq.com\/wp-content\/uploads\/2026\/09\/Pub-inm-nuevo-3-767x593.jpg 767w, https:\/\/elchiq.com\/wp-content\/uploads\/2026\/09\/Pub-inm-nuevo-3-1536x1187.jpg 1536w, https:\/\/elchiq.com\/wp-content\/uploads\/2026\/09\/Pub-inm-nuevo-3.jpg 1650w\" sizes=\"auto, (max-width: 1024px) 100vw, 1024px\" \/><\/figure>\n\n\n\n<p class=\"wp-block-paragraph\">En la&nbsp;<a href=\"https:\/\/www.elcolombiano.com\/cronologia\/noticias\/meta\/vuelta-a-espana\" target=\"_blank\" rel=\"noopener\">Vuelta a Espa\u00f1a<\/a>-2025 termin\u00f3 decimoquinto en la clasificaci\u00f3n de la monta\u00f1a. Ese mismo a\u00f1o fue campe\u00f3n de dicha clasificaci\u00f3n en la Vuelta a la Comunidad Valenciana-Catalu\u00f1a y termin\u00f3 segundo en el Tour de los Alpes Mar\u00edtimos.<\/p>\n\n\n\n<p class=\"wp-block-paragraph\">\u201cEstoy contento con el maillot, intentar\u00e9 disfrutarlo. Llegar de primero es lo m\u00e1ximo (de etapa). Pero tener este maillot me hace mucha ilusi\u00f3n e intentaremos defenderlo hasta el final\u201d, se\u00f1al\u00f3 Buitrago.<\/p>\n\n\n\n<p class=\"wp-block-paragraph\">El hecho de no estar en la pelea por la clasificaci\u00f3n general le permite, en el papel, tener mayor libertad para atacar y buscar puntos en cada uno de los puertos que aparecen en el recorrido.<\/p>\n\n\n\n<p class=\"wp-block-paragraph\"><strong>Buitrago lidera la clasificaci\u00f3n de la monta\u00f1a con 29 puntos, seguido por el espa\u00f1ol Enric Mas, del Movistar y l\u00edder de la general, con 24.<\/strong>&nbsp;El noruego Andreas Leknessund, del Uno-X Mobility, ocupa la tercera posici\u00f3n con 19 unidades.<\/p>\n\n\n\n<p class=\"wp-block-paragraph\">Este jueves, en la duod\u00e9cima etapa, Santiago tendr\u00e1 una nueva oportunidad para defender el liderato y ratificarse como uno de los mejores escaladores de la carrera.<\/p>\n\n\n\n<p class=\"wp-block-paragraph\"><strong>La jornada tendr\u00e1 166,6 kil\u00f3metros entre Vera y el Observatorio de Calar Alto<\/strong>,&nbsp;<strong>con un recorrido exigente que acumula 4.475 metros de desnivel positivo<\/strong>. All\u00ed buscar\u00e1 sostenerse como el mejor escalador de la edici\u00f3n 81 de la Vuelta.<strong><em>.<\/em><\/strong><\/p>\n\n\n\n<p class=\"wp-block-paragraph\"><strong><u>Bloque de preguntas y respuestas:<\/u><\/strong><\/p>\n\n\n\n<p class=\"wp-block-paragraph\"><strong>\u00bfCu\u00e1ntos puntos tiene Santiago Buitrago en la clasificaci\u00f3n de la monta\u00f1a de la Vuelta a Espa\u00f1a?<\/strong><\/p>\n\n\n\n<p class=\"wp-block-paragraph\">Santiago Buitrago lidera la clasificaci\u00f3n de la monta\u00f1a con 29 puntos, seguido por Enric Mas, con 24, y Andreas Leknessund, con 19.<\/p>\n\n\n\n<p class=\"wp-block-paragraph\"><strong>\u00bfCu\u00e1ndo fue la \u00faltima vez que un colombiano lider\u00f3 la monta\u00f1a de la Vuelta a Espa\u00f1a?<\/strong><\/p>\n\n\n\n<p class=\"wp-block-paragraph\">La \u00faltima vez fue en 2016, cuando Nairo Quintana lider\u00f3 esta clasificaci\u00f3n durante las etapas 11 y 12, aunque tambi\u00e9n vest\u00eda el maillot rojo de l\u00edder de la general.<\/p>\n\n\n\n<p class=\"wp-block-paragraph\">Fue Walter Pedraza, quien luci\u00f3 el maillot de la monta\u00f1a durante la tercera etapa de la Vuelta a Espa\u00f1a de 2015, seg\u00fan record\u00f3 la organizaci\u00f3n de la carrera.<\/p>\n\n\n\n<p class=\"wp-block-paragraph\">Lea tambi\u00e9n: entre escombros y esperanza: los rescates que conmueven a Colombia tras el terremoto&nbsp;<a href=\"https:\/\/elchiq.com\/index.php\/2026\/08\/13\/entre-escombros-y-esperanza-los-rescates-que-conmueven-a-colombia-tras-el-terremoto\/\">https:\/\/elchiq.com\/index.php\/2026\/08\/13\/entre-escombros-y-esperanza-los-rescates-que-conmueven-a-colombia-tras-el-terremoto\/<\/a><\/p>\n\n\n\n<p class=\"wp-block-paragraph\">www.elchiq.com https:\/\/www.google.com\/search?q=elchiq&amp;oq=elch&amp;gs_l<\/p>\n\n\n\n<p class=\"wp-block-paragraph\">Escuche la decembrina: https:\/\/ladecembrina.radio12345com\/google_vignette<\/p>\n\n\n\n<p class=\"wp-block-paragraph\">S\u00edganos en Facebook, Instagram, Telegram, Twitch, Discord, Linkedin, Flipboard, Mastodon,YouTube, X, Spotify, TikTok, Bluesky y nuestro canal de WhatsApp, para que reciba noticias de \u00faltima hora y m\u00e1s contenidos<\/p>\n","protected":false},"excerpt":{"rendered":"<p>Han transcurrido 22 a\u00f1os desde que un colombiano gan\u00f3 dicha clasificaci\u00f3n en la Vuelta a Espa\u00f1a, \u00bfla conquistar\u00e1 Santiago Buitrago? Por: redacci\u00f3n El Colombiano y elchiq.comhttps:\/\/www.google.com\/search?q=elchiq&amp;oq=elch&amp;gs_l Pasaron diez a\u00f1os para que un ciclista colombiano volviera a liderar la clasificaci\u00f3n de la monta\u00f1a en la Vuelta a Espa\u00f1a. Ahora, el protagonista es&nbsp;Santiago Buitrago, quien con valent\u00eda [&hellip;]<\/p>\n","protected":false},"author":2,"featured_media":0,"comment_status":"closed","ping_status":"closed","sticky":false,"template":"","format":"standard","meta":{"footnotes":""},"categories":[1],"tags":[],"class_list":["post-14455","post","type-post","status-publish","format-standard","hentry","category-uncategorized"],"_links":{"self":[{"href":"https:\/\/elchiq.com\/index.php\/wp-json\/wp\/v2\/posts\/14455","targetHints":{"allow":["GET"]}}],"collection":[{"href":"https:\/\/elchiq.com\/index.php\/wp-json\/wp\/v2\/posts"}],"about":[{"href":"https:\/\/elchiq.com\/index.php\/wp-json\/wp\/v2\/types\/post"}],"author":[{"embeddable":true,"href":"https:\/\/elchiq.com\/index.php\/wp-json\/wp\/v2\/users\/2"}],"replies":[{"embeddable":true,"href":"https:\/\/elchiq.com\/index.php\/wp-json\/wp\/v2\/comments?post=14455"}],"version-history":[{"count":1,"href":"https:\/\/elchiq.com\/index.php\/wp-json\/wp\/v2\/posts\/14455\/revisions"}],"predecessor-version":[{"id":14461,"href":"https:\/\/elchiq.com\/index.php\/wp-json\/wp\/v2\/posts\/14455\/revisions\/14461"}],"wp:attachment":[{"href":"https:\/\/elchiq.com\/index.php\/wp-json\/wp\/v2\/media?parent=14455"}],"wp:term":[{"taxonomy":"category","embeddable":true,"href":"https:\/\/elchiq.com\/index.php\/wp-json\/wp\/v2\/categories?post=14455"},{"taxonomy":"post_tag","embeddable":true,"href":"https:\/\/elchiq.com\/index.php\/wp-json\/wp\/v2\/tags?post=14455"}],"curies":[{"name":"wp","href":"https:\/\/api.w.org\/{rel}","templated":true}]}}