{"id":14465,"date":"2026-09-02T01:56:59","date_gmt":"2026-09-02T06:56:59","guid":{"rendered":"https:\/\/elchiq.com\/?p=14465"},"modified":"2026-09-02T01:56:59","modified_gmt":"2026-09-02T06:56:59","slug":"atentado-con-carro-bomba-contra-estacion-de-policia-en-los-patios-dejo-un-muerto-y-11-heridos","status":"publish","type":"post","link":"https:\/\/elchiq.com\/index.php\/2026\/09\/02\/atentado-con-carro-bomba-contra-estacion-de-policia-en-los-patios-dejo-un-muerto-y-11-heridos\/","title":{"rendered":"Atentado con carro bomba contra estaci\u00f3n de Polic\u00eda en Los Patios dej\u00f3 un muerto y 11 heridos"},"content":{"rendered":"\n<p class=\"wp-block-paragraph\">El veh\u00edculo hab\u00eda sido hurtado el a\u00f1o pasado y las autoridades ofrecen hasta 50 millones de pesos como recompensa para esclarecer los hechos.<\/p>\n\n\n\n<figure class=\"wp-block-image size-full is-resized\"><img loading=\"lazy\" decoding=\"async\" width=\"747\" height=\"427\" src=\"https:\/\/elchiq.com\/wp-content\/uploads\/2026\/09\/image-11.png\" alt=\"\" class=\"wp-image-14466\" style=\"aspect-ratio:1.749441943865042;width:948px;height:auto\" srcset=\"https:\/\/elchiq.com\/wp-content\/uploads\/2026\/09\/image-11.png 747w, https:\/\/elchiq.com\/wp-content\/uploads\/2026\/09\/image-11-300x171.png 300w\" sizes=\"auto, (max-width: 747px) 100vw, 747px\" \/><\/figure>\n\n\n\n<p class=\"wp-block-paragraph\">Por: redacci\u00f3n La Opin\u00f3n y elchiq.com<a href=\"https:\/\/www.google.com\/search?q=elchiq&amp;oq=elch&amp;gs_lcrp=EgZjaHJvbWUqDggAEEUYJxg7GIAEGIoFMg4IABBFGCcYOxiABBiKBTIPCAEQLhhDGLEDGIAEGIoFMg8IAhAuGEMYsQMYgAQYigUyBggDEEUYOTIHCAQQABiABDIHCAUQLhiABDIHCAYQABiABDIHCAcQABiABDIJCAgQABgKGIAEMgkICRAAGAoYgATSAQoxNjkwNWowajE1qAIMsAIB8QWjlxl85iD_VA&amp;sourceid=chrome&amp;ie=UTF-8\">https:\/\/www.google.com\/search?q=elchiq&amp;oq=elch&amp;gs_l<\/a><\/p>\n\n\n\n<p class=\"wp-block-paragraph\">Siendo las 11:15 p.m. del lunes 31 de agosto, un fuerte estruendo alert\u00f3 a los habitantes de Los Patios.&nbsp;<strong>Un artefacto explosivo, acondicionado en un veh\u00edculo,<\/strong>&nbsp;fue activado frente a la estaci\u00f3n de Polic\u00eda de ese municipio<strong>, ubicada sobre la avenida principal.<\/strong><\/p>\n\n\n\n<p class=\"wp-block-paragraph\">De acuerdo con las autoridades,&nbsp;<strong>el atentado acab\u00f3 con la vida de una persona, al parecer de nacionalidad venezolana, y tambi\u00e9n dej\u00f3 nueve civiles heridos<\/strong>.<\/p>\n\n\n\n<figure class=\"wp-block-image size-full\"><img loading=\"lazy\" decoding=\"async\" width=\"512\" height=\"640\" src=\"https:\/\/elchiq.com\/wp-content\/uploads\/2026\/09\/pUB-mINUTO-COL-3.jpg\" alt=\"\" class=\"wp-image-14467\" srcset=\"https:\/\/elchiq.com\/wp-content\/uploads\/2026\/09\/pUB-mINUTO-COL-3.jpg 512w, https:\/\/elchiq.com\/wp-content\/uploads\/2026\/09\/pUB-mINUTO-COL-3-240x300.jpg 240w\" sizes=\"auto, (max-width: 512px) 100vw, 512px\" \/><\/figure>\n\n\n\n<p class=\"wp-block-paragraph\">Asimismo, las autoridades confirmaron que dos miembros de la Polic\u00eda tambi\u00e9n<strong>&nbsp;resultaron afectados<\/strong>, para un total de 11 heridos.<\/p>\n\n\n\n<p class=\"wp-block-paragraph\">El comandante encargado de la Polic\u00eda Metropolitana de C\u00facuta (Mecuc),&nbsp;<strong>Jimmy Arley Belalc\u00e1zar<\/strong>, rechaz\u00f3 los hechos y asegur\u00f3 que de los dos uniformados heridos, uno de ellos presenta motilaci\u00f3n de un miembro inferior y otro con esquirlas en su cuerpo.<\/p>\n\n\n\n<p class=\"wp-block-paragraph\">\u201cRechazamos categ\u00f3ricamente este hecho terrorista. Vamos a articular todos los esfuerzos para lograr la judicializaci\u00f3n y&nbsp;<strong>captura de los responsables<\/strong>\u201d, asegur\u00f3.<\/p>\n\n\n\n<p class=\"wp-block-paragraph\">Los civiles y uniformados afectados fueron trasladados a centros asistenciales para recibir atenci\u00f3n m\u00e9dica. Tras el ataque, la Polic\u00eda Nacional, en coordinaci\u00f3n con la Fiscal\u00eda General de la Naci\u00f3n, adelanta labores de inteligencia e investigaci\u00f3n para establecer las circunstancias, responsables y m\u00f3viles de esta acci\u00f3n terrorista.<\/p>\n\n\n\n<p class=\"wp-block-paragraph\"><strong>Consejo de seguridad extraordinario y millonaria recompensa<\/strong><\/p>\n\n\n\n<p class=\"wp-block-paragraph\">Por su parte, el gobernador de Norte de Santander rechaz\u00f3&nbsp;<strong>los hechos y asegur\u00f3 que este 1 de septiembre, se desarrollar\u00e1 en la ciudad un consejo extraordinario de seguridad.<\/strong><\/p>\n\n\n\n<p class=\"wp-block-paragraph\">\u00abAmenecemos con la tristeza del atentado a estaci\u00f3n de Polic\u00eda. Nos solidarizamos con la familia de cada uno de los heridos, esperamos el respaldo de la comunidad hacia nuestra Polic\u00eda Nacional. En las pr\u00f3ximas horas de desarrollar\u00e1 un Consejo de Seguridad para adoptar unas nuevas medidas frente a este hecho\u00bb, dijo.<\/p>\n\n\n\n<p class=\"wp-block-paragraph\">Adem\u00e1s el secretario de Seguridad Ciudadana del departamento,&nbsp;<strong>George Edison Quintero Medina<\/strong>, indic\u00f3 que se ofrece una recompensa de hasta 50 millones de pesos por informaci\u00f3n que conduzca al esclarecimiento de los hechos.<\/p>\n\n\n\n<figure class=\"wp-block-image size-large\"><img loading=\"lazy\" decoding=\"async\" width=\"1024\" height=\"791\" src=\"https:\/\/elchiq.com\/wp-content\/uploads\/2026\/09\/Pub-Santa-Barbara-2-1024x791.jpg\" alt=\"\" class=\"wp-image-14468\" srcset=\"https:\/\/elchiq.com\/wp-content\/uploads\/2026\/09\/Pub-Santa-Barbara-2-1024x791.jpg 1024w, https:\/\/elchiq.com\/wp-content\/uploads\/2026\/09\/Pub-Santa-Barbara-2-300x232.jpg 300w, https:\/\/elchiq.com\/wp-content\/uploads\/2026\/09\/Pub-Santa-Barbara-2-767x593.jpg 767w, https:\/\/elchiq.com\/wp-content\/uploads\/2026\/09\/Pub-Santa-Barbara-2-1536x1187.jpg 1536w, https:\/\/elchiq.com\/wp-content\/uploads\/2026\/09\/Pub-Santa-Barbara-2.jpg 1650w\" sizes=\"auto, (max-width: 1024px) 100vw, 1024px\" \/><\/figure>\n\n\n\n<p class=\"wp-block-paragraph\">\u00abSeg\u00fan la informaci\u00f3n que tenemos se trata de un veh\u00edculo que fue hurtado el a\u00f1o pasado, un veh\u00edculo particular que muy posiblemente lo pintaron de amarillo haci\u00e9ndolo pasar por taxi y lo dejaron a unos cuantos metros de la estaci\u00f3n de Polic\u00eda. Desde la madrugada se tuvo contacto directo con el ministro de Defensa, posiblemente en horas de la tarde ya est\u00e9 presente en la ciudad la c\u00fapula militar para desarrollar el consejo extraordinario\u00bb, se\u00f1al\u00f3.<\/p>\n\n\n\n<p class=\"wp-block-paragraph\">Este es el segundo ataque con explosivos registrado en el \u00e1rea metropolitana de C\u00facuta durante agosto. El primero ocurri\u00f3 el pasado 1 de agosto, cuando se present\u00f3 una acci\u00f3n contra las instalaciones del Departamento de Polic\u00eda de Norte de Santander (Denor).<\/p>\n\n\n\n<p class=\"wp-block-paragraph\">Lea tambi\u00e9n: entre escombros y esperanza: los rescates que conmueven a Colombia tras el terremoto&nbsp;<a href=\"https:\/\/elchiq.com\/index.php\/2026\/08\/13\/entre-escombros-y-esperanza-los-rescates-que-conmueven-a-colombia-tras-el-terremoto\/\">https:\/\/elchiq.com\/index.php\/2026\/08\/13\/entre-escombros-y-esperanza-los-rescates-que-conmueven-a-colombia-tras-el-terremoto\/<\/a><\/p>\n\n\n\n<p class=\"wp-block-paragraph\">www.elchiq.com https:\/\/www.google.com\/search?q=elchiq&amp;oq=elch&amp;gs_l<\/p>\n\n\n\n<p class=\"wp-block-paragraph\">Escuche la decembrina: https:\/\/ladecembrina.radio12345com\/google_vignette<\/p>\n\n\n\n<p class=\"wp-block-paragraph\">S\u00edganos en Facebook, Instagram, Telegram, Twitch, Discord, Linkedin, Flipboard, Mastodon,YouTube, X, Spotify, TikTok, Bluesky y nuestro canal de WhatsApp, para que reciba noticias de \u00faltima hora y m\u00e1s contenidos<\/p>\n","protected":false},"excerpt":{"rendered":"<p>El veh\u00edculo hab\u00eda sido hurtado el a\u00f1o pasado y las autoridades ofrecen hasta 50 millones de pesos como recompensa para esclarecer los hechos. Por: redacci\u00f3n La Opin\u00f3n y elchiq.comhttps:\/\/www.google.com\/search?q=elchiq&amp;oq=elch&amp;gs_l Siendo las 11:15 p.m. del lunes 31 de agosto, un fuerte estruendo alert\u00f3 a los habitantes de Los Patios.&nbsp;Un artefacto explosivo, acondicionado en un veh\u00edculo,&nbsp;fue activado [&hellip;]<\/p>\n","protected":false},"author":2,"featured_media":0,"comment_status":"closed","ping_status":"closed","sticky":false,"template":"","format":"standard","meta":{"footnotes":""},"categories":[1],"tags":[],"class_list":["post-14465","post","type-post","status-publish","format-standard","hentry","category-uncategorized"],"_links":{"self":[{"href":"https:\/\/elchiq.com\/index.php\/wp-json\/wp\/v2\/posts\/14465","targetHints":{"allow":["GET"]}}],"collection":[{"href":"https:\/\/elchiq.com\/index.php\/wp-json\/wp\/v2\/posts"}],"about":[{"href":"https:\/\/elchiq.com\/index.php\/wp-json\/wp\/v2\/types\/post"}],"author":[{"embeddable":true,"href":"https:\/\/elchiq.com\/index.php\/wp-json\/wp\/v2\/users\/2"}],"replies":[{"embeddable":true,"href":"https:\/\/elchiq.com\/index.php\/wp-json\/wp\/v2\/comments?post=14465"}],"version-history":[{"count":1,"href":"https:\/\/elchiq.com\/index.php\/wp-json\/wp\/v2\/posts\/14465\/revisions"}],"predecessor-version":[{"id":14469,"href":"https:\/\/elchiq.com\/index.php\/wp-json\/wp\/v2\/posts\/14465\/revisions\/14469"}],"wp:attachment":[{"href":"https:\/\/elchiq.com\/index.php\/wp-json\/wp\/v2\/media?parent=14465"}],"wp:term":[{"taxonomy":"category","embeddable":true,"href":"https:\/\/elchiq.com\/index.php\/wp-json\/wp\/v2\/categories?post=14465"},{"taxonomy":"post_tag","embeddable":true,"href":"https:\/\/elchiq.com\/index.php\/wp-json\/wp\/v2\/tags?post=14465"}],"curies":[{"name":"wp","href":"https:\/\/api.w.org\/{rel}","templated":true}]}}