{"id":14470,"date":"2026-09-02T02:09:28","date_gmt":"2026-09-02T07:09:28","guid":{"rendered":"https:\/\/elchiq.com\/?p=14470"},"modified":"2026-09-02T02:09:28","modified_gmt":"2026-09-02T07:09:28","slug":"quien-reemplazara-a-lionel-messi-en-argentina-esto-es-lo-que-se-sabe","status":"publish","type":"post","link":"https:\/\/elchiq.com\/index.php\/2026\/09\/02\/quien-reemplazara-a-lionel-messi-en-argentina-esto-es-lo-que-se-sabe\/","title":{"rendered":"\u00bfQui\u00e9n reemplazar\u00e1 a Lionel Messi en Argentina? Esto es lo que se sabe"},"content":{"rendered":"\n<p class=\"wp-block-paragraph\">Messi no solo se convirti\u00f3 en el m\u00e1ximo referente futbol\u00edstico de la Albiceleste, sino que tambi\u00e9n dej\u00f3 una huella dif\u00edcil de igualar en t\u00e9rminos de liderazgo, estad\u00edsticas y t\u00edtulos.<\/p>\n\n\n\n<figure class=\"wp-block-image size-large\"><img loading=\"lazy\" decoding=\"async\" width=\"1024\" height=\"576\" src=\"https:\/\/elchiq.com\/wp-content\/uploads\/2026\/09\/Messi-2026-1024x576.jpg\" alt=\"\" class=\"wp-image-14471\" srcset=\"https:\/\/elchiq.com\/wp-content\/uploads\/2026\/09\/Messi-2026-1024x576.jpg 1024w, https:\/\/elchiq.com\/wp-content\/uploads\/2026\/09\/Messi-2026-300x169.jpg 300w, https:\/\/elchiq.com\/wp-content\/uploads\/2026\/09\/Messi-2026-768x432.jpg 768w, https:\/\/elchiq.com\/wp-content\/uploads\/2026\/09\/Messi-2026.jpg 1200w\" sizes=\"auto, (max-width: 1024px) 100vw, 1024px\" \/><\/figure>\n\n\n\n<p class=\"wp-block-paragraph\">Por: redacci\u00f3n El Heraldo y elchiq.com<a href=\"https:\/\/www.google.com\/search?q=elchiq&amp;oq=elch&amp;gs_lcrp=EgZjaHJvbWUqDggAEEUYJxg7GIAEGIoFMg4IABBFGCcYOxiABBiKBTIPCAEQLhhDGLEDGIAEGIoFMg8IAhAuGEMYsQMYgAQYigUyBggDEEUYOTIHCAQQABiABDIHCAUQLhiABDIHCAYQABiABDIHCAcQABiABDIJCAgQABgKGIAEMgkICRAAGAoYgATSAQoxNjkwNWowajE1qAIMsAIB8QWjlxl85iD_VA&amp;sourceid=chrome&amp;ie=UTF-8\">https:\/\/www.google.com\/search?q=elchiq&amp;oq=elch&amp;gs_l<\/a><\/p>\n\n\n\n<p class=\"wp-block-paragraph\">La selecci\u00f3n argentina se prepara para afrontar una etapa diferente ante la ausencia de&nbsp;<a href=\"https:\/\/www.elheraldo.co\/deportes\/2026\/08\/31\/lionel-messi-se-retira-de-la-seleccion-argentina-me-vacie-ya-no-tengo-mas-para-dar\/\">Lionel Messi.<\/a><\/p>\n\n\n\n<p class=\"wp-block-paragraph\">Es una situaci\u00f3n que obliga al equipo dirigido por Lionel Scaloni a pensar en qui\u00e9nes podr\u00edan asumir el protagonismo que durante m\u00e1s de una d\u00e9cada ha pertenecido al capit\u00e1n.<\/p>\n\n\n\n<p class=\"wp-block-paragraph\">El desaf\u00edo no es menor. Messi no solo se convirti\u00f3 en el m\u00e1ximo referente futbol\u00edstico de la Albiceleste, sino que tambi\u00e9n dej\u00f3 una huella dif\u00edcil de igualar en t\u00e9rminos de liderazgo, estad\u00edsticas y t\u00edtulos. Su salida representa, por tanto, mucho m\u00e1s que encontrar un nuevo goleador.<\/p>\n\n\n\n<figure class=\"wp-block-image size-full\"><img loading=\"lazy\" decoding=\"async\" width=\"495\" height=\"619\" src=\"https:\/\/elchiq.com\/wp-content\/uploads\/2026\/09\/Pub-Abaco-terremoto-2026-7.jpg\" alt=\"\" class=\"wp-image-14472\" srcset=\"https:\/\/elchiq.com\/wp-content\/uploads\/2026\/09\/Pub-Abaco-terremoto-2026-7.jpg 495w, https:\/\/elchiq.com\/wp-content\/uploads\/2026\/09\/Pub-Abaco-terremoto-2026-7-240x300.jpg 240w\" sizes=\"auto, (max-width: 495px) 100vw, 495px\" \/><\/figure>\n\n\n\n<p class=\"wp-block-paragraph\"><strong>Juli\u00e1n \u00c1lvarez, una de las principales alternativas<\/strong><strong><\/strong><\/p>\n\n\n\n<p class=\"wp-block-paragraph\">Entre los nombres que aparecen como posibles protagonistas est\u00e1 Juli\u00e1n \u00c1lvarez. El delantero cuenta con caracter\u00edsticas que pueden convertirlo en una pieza fundamental para el ataque argentino.<\/p>\n\n\n\n<p class=\"wp-block-paragraph\">Su capacidad para moverse entre l\u00edneas, atacar los espacios y asociarse con sus compa\u00f1eros le permite ofrecer diferentes soluciones ofensivas. Adem\u00e1s, posee una importante capacidad para definir frente al arco.<\/p>\n\n\n\n<p class=\"wp-block-paragraph\">Sin embargo, asumir el lugar que deja Messi implicar\u00eda desarrollar otros aspectos de su juego, especialmente en materia de liderazgo y generaci\u00f3n de oportunidades para sus compa\u00f1eros.<\/p>\n\n\n\n<p class=\"wp-block-paragraph\">\u00c1lvarez tampoco tendr\u00eda que convertirse en una copia de Messi. Su estilo es diferente y la selecci\u00f3n podr\u00eda necesitar precisamente encontrar una nueva identidad en lugar de intentar reproducir lo que hac\u00eda el actual referente.<\/p>\n\n\n\n<p class=\"wp-block-paragraph\"><strong>Franco Mastantuono, otra apuesta para el futuro<\/strong><strong><\/strong><\/p>\n\n\n\n<p class=\"wp-block-paragraph\">El recambio tambi\u00e9n podr\u00eda mirar hacia jugadores m\u00e1s j\u00f3venes. Franco Mastantuono aparece como uno de los futbolistas que podr\u00edan adquirir mayor importancia en los pr\u00f3ximos a\u00f1os.<\/p>\n\n\n\n<figure class=\"wp-block-image size-large is-resized\"><img loading=\"lazy\" decoding=\"async\" width=\"1024\" height=\"791\" src=\"https:\/\/elchiq.com\/wp-content\/uploads\/2026\/09\/publ-lote-1-1024x791.jpg\" alt=\"\" class=\"wp-image-14475\" style=\"aspect-ratio:1.2945706666666668;width:655px;height:auto\" srcset=\"https:\/\/elchiq.com\/wp-content\/uploads\/2026\/09\/publ-lote-1-1024x791.jpg 1024w, https:\/\/elchiq.com\/wp-content\/uploads\/2026\/09\/publ-lote-1-300x232.jpg 300w, https:\/\/elchiq.com\/wp-content\/uploads\/2026\/09\/publ-lote-1-767x593.jpg 767w, https:\/\/elchiq.com\/wp-content\/uploads\/2026\/09\/publ-lote-1-1536x1187.jpg 1536w, https:\/\/elchiq.com\/wp-content\/uploads\/2026\/09\/publ-lote-1.jpg 1650w\" sizes=\"auto, (max-width: 1024px) 100vw, 1024px\" \/><\/figure>\n\n\n\n<p class=\"wp-block-paragraph\">El atacante posee talento, capacidad para asociarse y una visi\u00f3n que le permite encontrar espacios. Algunas de sus caracter\u00edsticas han generado comparaciones con Messi, aunque todav\u00eda existe una enorme distancia entre ambos recorridos.<\/p>\n\n\n\n<p class=\"wp-block-paragraph\">Su evoluci\u00f3n ser\u00e1 determinante. Para convertirse en una figura central de Argentina necesitar\u00e1 consolidarse, ganar experiencia y aumentar su influencia en partidos de m\u00e1xima exigencia.<\/p>\n\n\n\n<figure class=\"wp-block-image size-large\"><img loading=\"lazy\" decoding=\"async\" width=\"770\" height=\"1024\" src=\"https:\/\/elchiq.com\/wp-content\/uploads\/2026\/09\/pub-se-busca-1-770x1024.jpg\" alt=\"\" class=\"wp-image-14473\" srcset=\"https:\/\/elchiq.com\/wp-content\/uploads\/2026\/09\/pub-se-busca-1-770x1024.jpg 770w, https:\/\/elchiq.com\/wp-content\/uploads\/2026\/09\/pub-se-busca-1-225x300.jpg 225w, https:\/\/elchiq.com\/wp-content\/uploads\/2026\/09\/pub-se-busca-1-767x1021.jpg 767w, https:\/\/elchiq.com\/wp-content\/uploads\/2026\/09\/pub-se-busca-1.jpg 974w\" sizes=\"auto, (max-width: 770px) 100vw, 770px\" \/><\/figure>\n\n\n\n<p class=\"wp-block-paragraph\"><strong>Enzo Fern\u00e1ndez, candidato al liderazgo del vestuario<\/strong><strong><\/strong><\/p>\n\n\n\n<p class=\"wp-block-paragraph\">En el aspecto emocional y de liderazgo aparece otro nombre importante como lo es Enzo Fern\u00e1ndez.<\/p>\n\n\n\n<p class=\"wp-block-paragraph\">El mediocampista fue parte del grupo que conquist\u00f3 el Mundial de Qatar 2022 y posteriormente la Copa Am\u00e9rica. Esa experiencia dentro de la selecci\u00f3n le proporciona un peso especial frente a las nuevas generaciones.<\/p>\n\n\n\n<p class=\"wp-block-paragraph\">Aunque su estilo de juego es completamente distinto al de Messi, Fern\u00e1ndez puede asumir responsabilidades importantes dentro del vestuario y convertirse en uno de los referentes del equipo.<\/p>\n\n\n\n<p class=\"wp-block-paragraph\">Su liderazgo podr\u00eda resultar especialmente valioso durante una transici\u00f3n en la que Argentina deber\u00e1 acostumbrarse a competir sin la presencia constante de su m\u00e1xima estrella.<\/p>\n\n\n\n<p class=\"wp-block-paragraph\">Y es que la historia demuestra que futbolistas como Messi son pr\u00e1cticamente imposibles de reemplazar de manera inmediata.<\/p>\n\n\n\n<figure class=\"wp-block-image size-full\"><img loading=\"lazy\" decoding=\"async\" width=\"650\" height=\"365\" src=\"https:\/\/elchiq.com\/wp-content\/uploads\/2026\/09\/Pub-Loterias-Cauca-Boyaca-y-Baloto.jpg\" alt=\"\" class=\"wp-image-14474\" srcset=\"https:\/\/elchiq.com\/wp-content\/uploads\/2026\/09\/Pub-Loterias-Cauca-Boyaca-y-Baloto.jpg 650w, https:\/\/elchiq.com\/wp-content\/uploads\/2026\/09\/Pub-Loterias-Cauca-Boyaca-y-Baloto-300x168.jpg 300w\" sizes=\"auto, (max-width: 650px) 100vw, 650px\" \/><\/figure>\n\n\n\n<p class=\"wp-block-paragraph\">Argentina tampoco logr\u00f3 encontrar de un d\u00eda para otro a un sucesor de Diego Maradona, por lo que la transici\u00f3n actual puede seguir un camino similar.<\/p>\n\n\n\n<p class=\"wp-block-paragraph\">Lea tambi\u00e9n: entre escombros y esperanza: los rescates que conmueven a Colombia tras el terremoto&nbsp;<a href=\"https:\/\/elchiq.com\/index.php\/2026\/08\/13\/entre-escombros-y-esperanza-los-rescates-que-conmueven-a-colombia-tras-el-terremoto\/\">https:\/\/elchiq.com\/index.php\/2026\/08\/13\/entre-escombros-y-esperanza-los-rescates-que-conmueven-a-colombia-tras-el-terremoto\/<\/a><\/p>\n\n\n\n<p class=\"wp-block-paragraph\">www.elchiq.com https:\/\/www.google.com\/search?q=elchiq&amp;oq=elch&amp;gs_l<\/p>\n\n\n\n<p class=\"wp-block-paragraph\">Escuche la decembrina: https:\/\/ladecembrina.radio12345com\/google_vignette<\/p>\n\n\n\n<p class=\"wp-block-paragraph\">S\u00edganos en Facebook, Instagram, Telegram, Twitch, Discord, Linkedin, Flipboard, Mastodon,YouTube, X, Spotify, TikTok, Bluesky y nuestro canal de WhatsApp, para que reciba noticias de \u00faltima hora y m\u00e1s contenidos<\/p>\n","protected":false},"excerpt":{"rendered":"<p>Messi no solo se convirti\u00f3 en el m\u00e1ximo referente futbol\u00edstico de la Albiceleste, sino que tambi\u00e9n dej\u00f3 una huella dif\u00edcil de igualar en t\u00e9rminos de liderazgo, estad\u00edsticas y t\u00edtulos. Por: redacci\u00f3n El Heraldo y elchiq.comhttps:\/\/www.google.com\/search?q=elchiq&amp;oq=elch&amp;gs_l La selecci\u00f3n argentina se prepara para afrontar una etapa diferente ante la ausencia de&nbsp;Lionel Messi. Es una situaci\u00f3n que obliga [&hellip;]<\/p>\n","protected":false},"author":2,"featured_media":0,"comment_status":"closed","ping_status":"closed","sticky":false,"template":"","format":"standard","meta":{"footnotes":""},"categories":[1],"tags":[],"class_list":["post-14470","post","type-post","status-publish","format-standard","hentry","category-uncategorized"],"_links":{"self":[{"href":"https:\/\/elchiq.com\/index.php\/wp-json\/wp\/v2\/posts\/14470","targetHints":{"allow":["GET"]}}],"collection":[{"href":"https:\/\/elchiq.com\/index.php\/wp-json\/wp\/v2\/posts"}],"about":[{"href":"https:\/\/elchiq.com\/index.php\/wp-json\/wp\/v2\/types\/post"}],"author":[{"embeddable":true,"href":"https:\/\/elchiq.com\/index.php\/wp-json\/wp\/v2\/users\/2"}],"replies":[{"embeddable":true,"href":"https:\/\/elchiq.com\/index.php\/wp-json\/wp\/v2\/comments?post=14470"}],"version-history":[{"count":1,"href":"https:\/\/elchiq.com\/index.php\/wp-json\/wp\/v2\/posts\/14470\/revisions"}],"predecessor-version":[{"id":14476,"href":"https:\/\/elchiq.com\/index.php\/wp-json\/wp\/v2\/posts\/14470\/revisions\/14476"}],"wp:attachment":[{"href":"https:\/\/elchiq.com\/index.php\/wp-json\/wp\/v2\/media?parent=14470"}],"wp:term":[{"taxonomy":"category","embeddable":true,"href":"https:\/\/elchiq.com\/index.php\/wp-json\/wp\/v2\/categories?post=14470"},{"taxonomy":"post_tag","embeddable":true,"href":"https:\/\/elchiq.com\/index.php\/wp-json\/wp\/v2\/tags?post=14470"}],"curies":[{"name":"wp","href":"https:\/\/api.w.org\/{rel}","templated":true}]}}