{"id":14477,"date":"2026-09-02T03:13:57","date_gmt":"2026-09-02T08:13:57","guid":{"rendered":"https:\/\/elchiq.com\/?p=14477"},"modified":"2026-09-02T03:13:57","modified_gmt":"2026-09-02T08:13:57","slug":"fiscalia-imputara-a-laura-sarabia-por-estos-delitos-en-el-caso-de-las-chuzadas-a-marelbys-meza","status":"publish","type":"post","link":"https:\/\/elchiq.com\/index.php\/2026\/09\/02\/fiscalia-imputara-a-laura-sarabia-por-estos-delitos-en-el-caso-de-las-chuzadas-a-marelbys-meza\/","title":{"rendered":"Fiscal\u00eda imputar\u00e1 a Laura Sarabia por estos delitos en el caso de las \u201cchuzadas\u201d a Marelbys Meza"},"content":{"rendered":"\n<p class=\"wp-block-paragraph\">La diligencia qued\u00f3 programada para el pr\u00f3ximo lunes 14 de septiembre.<\/p>\n\n\n\n<figure class=\"wp-block-image size-full is-resized\"><img loading=\"lazy\" decoding=\"async\" width=\"780\" height=\"565\" src=\"https:\/\/elchiq.com\/wp-content\/uploads\/2026\/09\/image-12.png\" alt=\"\" class=\"wp-image-14478\" style=\"width:936px;height:auto\" srcset=\"https:\/\/elchiq.com\/wp-content\/uploads\/2026\/09\/image-12.png 780w, https:\/\/elchiq.com\/wp-content\/uploads\/2026\/09\/image-12-300x217.png 300w, https:\/\/elchiq.com\/wp-content\/uploads\/2026\/09\/image-12-768x556.png 768w\" sizes=\"auto, (max-width: 780px) 100vw, 780px\" \/><\/figure>\n\n\n\n<p class=\"wp-block-paragraph\">Por: redacci\u00f3n El Colombiano y elchiq.com<a href=\"https:\/\/www.google.com\/search?q=elchiq&amp;oq=elch&amp;gs_lcrp=EgZjaHJvbWUqDggAEEUYJxg7GIAEGIoFMg4IABBFGCcYOxiABBiKBTIPCAEQLhhDGLEDGIAEGIoFMg8IAhAuGEMYsQMYgAQYigUyBggDEEUYOTIHCAQQABiABDIHCAUQLhiABDIHCAYQABiABDIHCAcQABiABDIJCAgQABgKGIAEMgkICRAAGAoYgATSAQoxNjkwNWowajE1qAIMsAIB8QWjlxl85iD_VA&amp;sourceid=chrome&amp;ie=UTF-8\">https:\/\/www.google.com\/search?q=elchiq&amp;oq=elch&amp;gs_l<\/a><\/p>\n\n\n\n<p class=\"wp-block-paragraph\"><a href=\"https:\/\/www.elcolombiano.com\/cronologia\/noticias\/meta\/laura-sarabia\">Laura Sarabia<\/a>, quien fue una de las mujeres m\u00e1s poderosas del gobierno de Gustavo Petro, ser\u00e1 llevada ante los estrados judiciales. Su nombre se suma al extenso listado de funcionarios de esa administraci\u00f3n enfrentados a procesos judiciales por hechos posiblemente irregulares.<\/p>\n\n\n\n<p class=\"wp-block-paragraph\">Como ya se hab\u00eda anticipado, la&nbsp;<a href=\"https:\/\/www.elcolombiano.com\/cronologia\/noticias\/meta\/fiscalia\">Fiscal\u00eda<\/a>&nbsp;le imputar\u00e1 cargos por ser presunta responsable de los delitos de&nbsp;<strong>abuso de funci\u00f3n p\u00fablica y constre\u00f1imiento ilegal agravado<\/strong>.<\/p>\n\n\n\n<p class=\"wp-block-paragraph\">La investigaci\u00f3n est\u00e1 relacionada con los hechos ocurridos entre el&nbsp;<strong>27 y el 29 de enero de 2023<\/strong>, cuando&nbsp;<strong><a href=\"https:\/\/www.elcolombiano.com\/cronologia\/noticias\/meta\/marelbys-meza\">Marelbys Meza<\/a><\/strong><strong>, entonces ni\u00f1era del hijo de Sarabia,<\/strong>&nbsp;habr\u00eda sido sometida a una prueba de pol\u00edgrafo tras la p\u00e9rdida de una maleta con dinero y documentos.<\/p>\n\n\n\n<figure class=\"wp-block-image size-full\"><img loading=\"lazy\" decoding=\"async\" width=\"970\" height=\"250\" src=\"https:\/\/elchiq.com\/wp-content\/uploads\/2026\/09\/Bet-play.jpg\" alt=\"\" class=\"wp-image-14479\" srcset=\"https:\/\/elchiq.com\/wp-content\/uploads\/2026\/09\/Bet-play.jpg 970w, https:\/\/elchiq.com\/wp-content\/uploads\/2026\/09\/Bet-play-300x77.jpg 300w, https:\/\/elchiq.com\/wp-content\/uploads\/2026\/09\/Bet-play-764x197.jpg 764w\" sizes=\"auto, (max-width: 970px) 100vw, 970px\" \/><\/figure>\n\n\n\n<p class=\"wp-block-paragraph\">Para ese momento, Sarabia se desempe\u00f1aba como&nbsp;<strong>jefa de Gabinete de la Presidencia de la Rep\u00fablica<\/strong>.<\/p>\n\n\n\n<p class=\"wp-block-paragraph\">La imputaci\u00f3n, que se llevar\u00e1 a cabo el pr\u00f3ximo lunes 14 de septiembre, llega despu\u00e9s de que quedaran sin efecto las conversaciones que buscaban encontrar una salida anticipada al proceso. Durante los \u00faltimos meses,&nbsp;<strong>las defensas de Sarabia y Meza hab\u00edan sostenido acercamientos con el ente investigador para explorar alternativas como preacuerdos,<\/strong>&nbsp;principios de oportunidad y mecanismos de justicia restaurativa.<\/p>\n\n\n\n<p class=\"wp-block-paragraph\">Para imputar a la exfuncionaria, la Fiscal\u00eda cuenta con varios testimonios; entre ellos, el del capit\u00e1n de la Polic\u00eda,&nbsp;<strong>\u00d3scar Leandro Mojica<\/strong>, quien habr\u00eda asegurado que fue Sarabia quien dio la orden de realizar&nbsp;<strong>prueba de pol\u00edgrafo a&nbsp;<\/strong><strong><a href=\"https:\/\/www.elcolombiano.com\/cronologia\/noticias\/meta\/marelbys-meza\" target=\"_blank\" rel=\"noopener\">Marelbys<\/a><\/strong><strong>.<\/strong><\/p>\n\n\n\n<p class=\"wp-block-paragraph\">El capit\u00e1n habr\u00eda dicho al ente acusador que, cuando llegaron a la casa de la funcionaria a investigar el robo, pudo escuchar una conversaci\u00f3n entre Sarabia y el coronel Carlos Feria, en ese momento jefe de la seguridad presidencial. All\u00ed, Sarabia le habr\u00eda ordenado cambiar su esquema de seguridad y hacerle una prueba de poligraf\u00eda a Marelbys Meza.<\/p>\n\n\n\n<figure class=\"wp-block-image size-full\"><img loading=\"lazy\" decoding=\"async\" width=\"495\" height=\"619\" src=\"https:\/\/elchiq.com\/wp-content\/uploads\/2026\/09\/Pub-Abaco-terremoto-2026-8.jpg\" alt=\"\" class=\"wp-image-14480\" srcset=\"https:\/\/elchiq.com\/wp-content\/uploads\/2026\/09\/Pub-Abaco-terremoto-2026-8.jpg 495w, https:\/\/elchiq.com\/wp-content\/uploads\/2026\/09\/Pub-Abaco-terremoto-2026-8-240x300.jpg 240w\" sizes=\"auto, (max-width: 495px) 100vw, 495px\" \/><\/figure>\n\n\n\n<p class=\"wp-block-paragraph\">Como parte de ese proceso,&nbsp;<strong>Meza fue trasladada a un edificio contiguo a la Casa de Nari\u00f1o<\/strong>&nbsp;y sometida a una&nbsp;<strong>prueba de pol\u00edgrafo sin orden judicial<\/strong>. Posteriormente, denunci\u00f3 que&nbsp;<strong>permaneci\u00f3 retenida durante varias horas<\/strong>&nbsp;y que fue presionada por funcionarios de la seguridad presidencial. Desde entonces, la ni\u00f1era asegura que su vida dio un giro inesperado, pues qued\u00f3 expuesta ante la opini\u00f3n p\u00fablica y perdi\u00f3 su empleo. Por los presuntos perjuicios morales y econ\u00f3micos que, seg\u00fan sostiene, le ocasionaron estos hechos, reclama al Estado una millonaria indemnizaci\u00f3n.<\/p>\n\n\n\n<p class=\"wp-block-paragraph\">El procedimiento termin\u00f3 adquiriendo una dimensi\u00f3n mucho mayor que la investigaci\u00f3n inicial por el dinero.&nbsp;<strong>Al expediente se sumaron interceptaciones ilegales de las comunicaciones de Meza y de otra empleada de Sarabia, Fabiola Perea,&nbsp;<\/strong>adem\u00e1s de investigaciones contra integrantes de la Polic\u00eda y otros funcionarios relacionados con el operativo.<\/p>\n\n\n\n<p class=\"wp-block-paragraph\">El esc\u00e1ndalo tambi\u00e9n qued\u00f3 marcado por&nbsp;<a href=\"https:\/\/www.elcolombiano.com\/colombia\/cual-fue-la-causa-de-muerte-del-coronel-oscar-davila-involucrado-con-las-chuzadas-KM21788112\" target=\"_blank\" rel=\"noopener\">la muerte del polic\u00eda \u00d3scar D\u00e1vila<\/a>&nbsp;y por los procesos contra uniformados se\u00f1alados de intervenir en las interceptaciones y en el procedimiento aplicado a Meza.<\/p>\n\n\n\n<p class=\"wp-block-paragraph\"><strong>Respuesta de Laura Sarabia<\/strong><\/p>\n\n\n\n<p class=\"wp-block-paragraph\">Ante el nuevo escenario judicial,&nbsp;<a href=\"https:\/\/www.elcolombiano.com\/cronologia\/noticias\/meta\/laura-sarabia\" target=\"_blank\" rel=\"noopener\">Laura Sarabia<\/a>&nbsp;se refiri\u00f3 p\u00fablicamente al proceso y asegur\u00f3 que ser\u00e1n sus abogados quienes se encarguen de explicar las decisiones jur\u00eddicas que se adopten.<\/p>\n\n\n\n<p class=\"wp-block-paragraph\">La exdirectora del Departamento Administrativo de la Presidencia (<a href=\"https:\/\/www.elcolombiano.com\/cronologia\/noticias\/meta\/dapre\" target=\"_blank\" rel=\"noopener\">Dapre<\/a>) afirm\u00f3 que respeta el trabajo de las autoridades y que espera que el caso tambi\u00e9n pueda cerrarse para Marelbys Meza. \u201cMi deseo\u201d, se\u00f1al\u00f3, es que la exempleada pueda recuperar la tranquilidad, retomar su vida y avanzar. Sarabia agreg\u00f3 que ella tambi\u00e9n quiere dejar atr\u00e1s el episodio.<\/p>\n\n\n\n<figure class=\"wp-block-image size-large\"><img loading=\"lazy\" decoding=\"async\" width=\"633\" height=\"1024\" src=\"https:\/\/elchiq.com\/wp-content\/uploads\/2026\/09\/Pub-Risaton-3-633x1024.jpg\" alt=\"\" class=\"wp-image-14481\" srcset=\"https:\/\/elchiq.com\/wp-content\/uploads\/2026\/09\/Pub-Risaton-3-633x1024.jpg 633w, https:\/\/elchiq.com\/wp-content\/uploads\/2026\/09\/Pub-Risaton-3-185x300.jpg 185w, https:\/\/elchiq.com\/wp-content\/uploads\/2026\/09\/Pub-Risaton-3-768x1242.jpg 768w, https:\/\/elchiq.com\/wp-content\/uploads\/2026\/09\/Pub-Risaton-3.jpg 791w\" sizes=\"auto, (max-width: 633px) 100vw, 633px\" \/><\/figure>\n\n\n\n<p class=\"wp-block-paragraph\"><strong>Respuesta de Laura Sarabia<\/strong><\/p>\n\n\n\n<p class=\"wp-block-paragraph\"><strong>Bloque de preguntas y respuestas<\/strong><\/p>\n\n\n\n<p class=\"wp-block-paragraph\"><strong>\u00bfCu\u00e1ndo ser\u00e1 la imputaci\u00f3n de cargos contra Laura Sarabia?<\/strong><\/p>\n\n\n\n<p class=\"wp-block-paragraph\">La audiencia de imputaci\u00f3n de cargos contra la exfuncionaria del gobierno Petro se llevar\u00e1 a cabo el pr\u00f3ximo lunes 14 de septiembre. Esta cita judicial se fij\u00f3 despu\u00e9s de que se rompieran los acercamientos para buscar preacuerdos o salidas anticipadas con el ente investigador.<\/p>\n\n\n\n<figure class=\"wp-block-image size-full\"><img loading=\"lazy\" decoding=\"async\" width=\"499\" height=\"676\" src=\"https:\/\/elchiq.com\/wp-content\/uploads\/2026\/09\/inm-elchiq-2025.jpg\" alt=\"\" class=\"wp-image-14482\" srcset=\"https:\/\/elchiq.com\/wp-content\/uploads\/2026\/09\/inm-elchiq-2025.jpg 499w, https:\/\/elchiq.com\/wp-content\/uploads\/2026\/09\/inm-elchiq-2025-221x300.jpg 221w\" sizes=\"auto, (max-width: 499px) 100vw, 499px\" \/><\/figure>\n\n\n\n<p class=\"wp-block-paragraph\"><strong>\u00bfCu\u00e1les son las pruebas clave en el caso de la exni\u00f1era Marelbys Meza?<\/strong><\/p>\n\n\n\n<p class=\"wp-block-paragraph\">Entre las evidencias principales figuran los testimonios de miembros de la seguridad presidencial, como el capit\u00e1n \u00d3scar Leandro Mojica, quien se\u00f1al\u00f3 que Sarabia habr\u00eda ordenado directamente la realizaci\u00f3n de la prueba de poligraf\u00eda en un edificio contiguo a la Casa de Nari\u00f1o<\/p>\n\n\n\n<p class=\"wp-block-paragraph\"><strong>\u00bfCu\u00e1l fue la reacci\u00f3n de Laura Sarabia ante la imputaci\u00f3n de la Fiscal\u00eda?<\/strong><\/p>\n\n\n\n<p class=\"wp-block-paragraph\">Laura Sarabia indic\u00f3 que sus abogados se encargar\u00e1n de asumir la defensa jur\u00eddica. Asimismo, expres\u00f3 respeto por las decisiones de las autoridades y manifest\u00f3 su deseo de que el proceso concluya para que tanto ella como Marelbys Meza puedan recuperar su tranquilidad.<\/p>\n\n\n\n<p class=\"wp-block-paragraph\">Lea tambi\u00e9n: entre escombros y esperanza: los rescates que conmueven a Colombia tras el terremoto&nbsp;<a href=\"https:\/\/elchiq.com\/index.php\/2026\/08\/13\/entre-escombros-y-esperanza-los-rescates-que-conmueven-a-colombia-tras-el-terremoto\/\">https:\/\/elchiq.com\/index.php\/2026\/08\/13\/entre-escombros-y-esperanza-los-rescates-que-conmueven-a-colombia-tras-el-terremoto\/<\/a><\/p>\n\n\n\n<p class=\"wp-block-paragraph\">www.elchiq.com https:\/\/www.google.com\/search?q=elchiq&amp;oq=elch&amp;gs_l<\/p>\n\n\n\n<p class=\"wp-block-paragraph\">Escuche la decembrina: https:\/\/ladecembrina.radio12345com\/google_vignette<\/p>\n\n\n\n<p class=\"wp-block-paragraph\">S\u00edganos en Facebook, Instagram, Telegram, Twitch, Discord, Linkedin, Flipboard, Mastodon,YouTube, X, Spotify, TikTok, Bluesky y nuestro canal de WhatsApp, para que reciba noticias de \u00faltima hora y m\u00e1s contenidos<\/p>\n","protected":false},"excerpt":{"rendered":"<p>La diligencia qued\u00f3 programada para el pr\u00f3ximo lunes 14 de septiembre. Por: redacci\u00f3n El Colombiano y elchiq.comhttps:\/\/www.google.com\/search?q=elchiq&amp;oq=elch&amp;gs_l Laura Sarabia, quien fue una de las mujeres m\u00e1s poderosas del gobierno de Gustavo Petro, ser\u00e1 llevada ante los estrados judiciales. Su nombre se suma al extenso listado de funcionarios de esa administraci\u00f3n enfrentados a procesos judiciales por [&hellip;]<\/p>\n","protected":false},"author":2,"featured_media":0,"comment_status":"closed","ping_status":"closed","sticky":false,"template":"","format":"standard","meta":{"footnotes":""},"categories":[1],"tags":[],"class_list":["post-14477","post","type-post","status-publish","format-standard","hentry","category-uncategorized"],"_links":{"self":[{"href":"https:\/\/elchiq.com\/index.php\/wp-json\/wp\/v2\/posts\/14477","targetHints":{"allow":["GET"]}}],"collection":[{"href":"https:\/\/elchiq.com\/index.php\/wp-json\/wp\/v2\/posts"}],"about":[{"href":"https:\/\/elchiq.com\/index.php\/wp-json\/wp\/v2\/types\/post"}],"author":[{"embeddable":true,"href":"https:\/\/elchiq.com\/index.php\/wp-json\/wp\/v2\/users\/2"}],"replies":[{"embeddable":true,"href":"https:\/\/elchiq.com\/index.php\/wp-json\/wp\/v2\/comments?post=14477"}],"version-history":[{"count":1,"href":"https:\/\/elchiq.com\/index.php\/wp-json\/wp\/v2\/posts\/14477\/revisions"}],"predecessor-version":[{"id":14483,"href":"https:\/\/elchiq.com\/index.php\/wp-json\/wp\/v2\/posts\/14477\/revisions\/14483"}],"wp:attachment":[{"href":"https:\/\/elchiq.com\/index.php\/wp-json\/wp\/v2\/media?parent=14477"}],"wp:term":[{"taxonomy":"category","embeddable":true,"href":"https:\/\/elchiq.com\/index.php\/wp-json\/wp\/v2\/categories?post=14477"},{"taxonomy":"post_tag","embeddable":true,"href":"https:\/\/elchiq.com\/index.php\/wp-json\/wp\/v2\/tags?post=14477"}],"curies":[{"name":"wp","href":"https:\/\/api.w.org\/{rel}","templated":true}]}}