{"id":14489,"date":"2026-09-03T09:46:45","date_gmt":"2026-09-03T14:46:45","guid":{"rendered":"https:\/\/elchiq.com\/?p=14489"},"modified":"2026-09-03T09:46:45","modified_gmt":"2026-09-03T14:46:45","slug":"accidentes-de-transito-disparan-las-alarmas-en-cundinamarca-reportan-147-homicidios-y-420-lesiones-mas","status":"publish","type":"post","link":"https:\/\/elchiq.com\/index.php\/2026\/09\/03\/accidentes-de-transito-disparan-las-alarmas-en-cundinamarca-reportan-147-homicidios-y-420-lesiones-mas\/","title":{"rendered":"Accidentes de tr\u00e1nsito disparan las alarmas en Cundinamarca: reportan 147 homicidios y 420 lesiones m\u00e1s"},"content":{"rendered":"\n<p class=\"wp-block-paragraph\"><em>El aumento de v\u00edctimas en las v\u00edas puso el foco en lo que ocurre despu\u00e9s de un siniestro: atenci\u00f3n a los afectados, actos urgentes, cadena de custodia y coordinaci\u00f3n entre autoridades.<\/em><\/p>\n\n\n\n<figure class=\"wp-block-image size-full is-resized\"><img loading=\"lazy\" decoding=\"async\" width=\"640\" height=\"350\" src=\"https:\/\/elchiq.com\/wp-content\/uploads\/2026\/09\/image-13.png\" alt=\"\" class=\"wp-image-14490\" style=\"width:940px;height:auto\" srcset=\"https:\/\/elchiq.com\/wp-content\/uploads\/2026\/09\/image-13.png 640w, https:\/\/elchiq.com\/wp-content\/uploads\/2026\/09\/image-13-300x164.png 300w\" sizes=\"auto, (max-width: 640px) 100vw, 640px\" \/><\/figure>\n\n\n\n<p class=\"wp-block-paragraph\">Por: redacci\u00f3n Periodismo P\u00fablico y elchiq.com<a href=\"https:\/\/www.google.com\/search?q=elchiq&amp;oq=elch&amp;gs_lcrp=EgZjaHJvbWUqDggAEEUYJxg7GIAEGIoFMg4IABBFGCcYOxiABBiKBTIPCAEQLhhDGLEDGIAEGIoFMg8IAhAuGEMYsQMYgAQYigUyBggDEEUYOTIHCAQQABiABDIHCAUQLhiABDIHCAYQABiABDIHCAcQABiABDIJCAgQABgKGIAEMgkICRAAGAoYgATSAQoxNjkwNWowajE1qAIMsAIB8QWjlxl85iD_VA&amp;sourceid=chrome&amp;ie=UTF-8\">https:\/\/www.google.com\/search?q=elchiq&amp;oq=elch&amp;gs_l<\/a><\/p>\n\n\n\n<p class=\"wp-block-paragraph\">Los accidentes de tr\u00e1nsito en&nbsp;<a href=\"https:\/\/periodismopublico.com\/pclave\/cundinamarca\" target=\"_blank\" rel=\"noopener\"><strong>Cundinamarca<\/strong><\/a>&nbsp;mantienen en alerta a las autoridades por el n\u00famero de v\u00edctimas que dejan estos hechos. Seg\u00fan el<strong>&nbsp;Observatorio de Seguridad y Convivencia Ciudadana<\/strong>&nbsp;del departamento, frente al mismo periodo del a\u00f1o anterior se registran&nbsp;<strong>147 homicidios adicionales asociados a siniestros viales y 420 casos m\u00e1s de lesiones<\/strong>.<\/p>\n\n\n\n<figure class=\"wp-block-image size-full\"><img loading=\"lazy\" decoding=\"async\" width=\"495\" height=\"619\" src=\"https:\/\/elchiq.com\/wp-content\/uploads\/2026\/09\/Pub-Abaco-terremoto-2026-9.jpg\" alt=\"\" class=\"wp-image-14491\" srcset=\"https:\/\/elchiq.com\/wp-content\/uploads\/2026\/09\/Pub-Abaco-terremoto-2026-9.jpg 495w, https:\/\/elchiq.com\/wp-content\/uploads\/2026\/09\/Pub-Abaco-terremoto-2026-9-240x300.jpg 240w\" sizes=\"auto, (max-width: 495px) 100vw, 495px\" \/><\/figure>\n\n\n\n<p class=\"wp-block-paragraph\">Ante este panorama, m\u00e1s de&nbsp;<strong>180 autoridades de Cundinamarca<\/strong>&nbsp;participaron en una jornada de capacitaci\u00f3n enfocada en mejorar la atenci\u00f3n de los accidentes de tr\u00e1nsito y los procedimientos que deben realizarse despu\u00e9s de un siniestro.<\/p>\n\n\n\n<p class=\"wp-block-paragraph\">Entre los participantes estuvieron alcaldes, comandantes de estaci\u00f3n de Polic\u00eda, inspectores de convivencia y paz y otros funcionarios que pueden intervenir en la atenci\u00f3n de estos casos. La capacitaci\u00f3n busc\u00f3 que cada autoridad tenga claro&nbsp;<strong>qu\u00e9 debe hacer desde la atenci\u00f3n inicial de las v\u00edctimas<\/strong>&nbsp;hasta las actuaciones urgentes y la preservaci\u00f3n de elementos que puedan servir dentro de una investigaci\u00f3n.<\/p>\n\n\n\n<p class=\"wp-block-paragraph\"><strong>Las cifras que preocupan en las v\u00edas de Cundinamarca<\/strong><\/p>\n\n\n\n<p class=\"wp-block-paragraph\">El aumento reportado por el Observatorio puso el foco no solo en la prevenci\u00f3n de los accidentes de tr\u00e1nsito, sino tambi\u00e9n en la forma en que las autoridades responden cuando estos ocurren.<\/p>\n\n\n\n<figure class=\"wp-block-image size-large\"><img loading=\"lazy\" decoding=\"async\" width=\"1024\" height=\"791\" src=\"https:\/\/elchiq.com\/wp-content\/uploads\/2026\/09\/Pub-Santa-Barbara-3-1024x791.jpg\" alt=\"\" class=\"wp-image-14492\" srcset=\"https:\/\/elchiq.com\/wp-content\/uploads\/2026\/09\/Pub-Santa-Barbara-3-1024x791.jpg 1024w, https:\/\/elchiq.com\/wp-content\/uploads\/2026\/09\/Pub-Santa-Barbara-3-300x232.jpg 300w, https:\/\/elchiq.com\/wp-content\/uploads\/2026\/09\/Pub-Santa-Barbara-3-767x593.jpg 767w, https:\/\/elchiq.com\/wp-content\/uploads\/2026\/09\/Pub-Santa-Barbara-3-1536x1187.jpg 1536w, https:\/\/elchiq.com\/wp-content\/uploads\/2026\/09\/Pub-Santa-Barbara-3.jpg 1650w\" sizes=\"auto, (max-width: 1024px) 100vw, 1024px\" \/><\/figure>\n\n\n\n<p class=\"wp-block-paragraph\">Durante el seminario-taller sobre atenci\u00f3n integral a actos urgentes en accidentes de tr\u00e1nsito se abordaron temas como:<\/p>\n\n\n\n<ul class=\"wp-block-list\">\n<li>Atenci\u00f3n inicial de las v\u00edctimas.<\/li>\n\n\n\n<li>Competencias y responsabilidades de cada autoridad.<\/li>\n\n\n\n<li>Aplicaci\u00f3n del marco legal en los procedimientos.<\/li>\n\n\n\n<li>Documentaci\u00f3n y registro de las actuaciones.<\/li>\n\n\n\n<li>Manejo y preservaci\u00f3n de evidencias.<\/li>\n\n\n\n<li>Cadena de custodia.<\/li>\n\n\n\n<li>Coordinaci\u00f3n entre Polic\u00eda, Fiscal\u00eda, alcald\u00edas y otras entidades.<\/li>\n<\/ul>\n\n\n\n<p class=\"wp-block-paragraph\">La&nbsp;<a href=\"https:\/\/periodismopublico.com\/pclave\/gobernacion-de-cundinamarca\" target=\"_blank\" rel=\"noopener\"><strong>Gobernaci\u00f3n de Cundinamarca<\/strong><\/a>&nbsp;se\u00f1al\u00f3 que una actuaci\u00f3n incorrecta despu\u00e9s de un siniestro puede generar errores en los procedimientos y<strong>&nbsp;afectar el desarrollo de las investigaciones.&nbsp;<\/strong>Por eso, uno de los objetivos de la capacitaci\u00f3n fue fortalecer la coordinaci\u00f3n entre las instituciones que intervienen en estos casos.<\/p>\n\n\n\n<p class=\"wp-block-paragraph\">La jornada fue coordinada por la&nbsp;<strong>Secretar\u00eda de Gobierno y Seguridad Ciudadana<\/strong>, junto con la&nbsp;<a href=\"https:\/\/periodismopublico.com\/pclave\/secretaria-de-movilidad-contemporanea\" target=\"_blank\" rel=\"noopener\"><strong>Secretar\u00eda de Movilidad Contempor\u00e1nea<\/strong><\/a>, la&nbsp;<a href=\"https:\/\/periodismopublico.com\/pclave\/FISCALIA\" target=\"_blank\" rel=\"noopener\"><strong>Fiscal\u00eda General de la Naci\u00f3n<\/strong><\/a>, el&nbsp;<a href=\"https:\/\/periodismopublico.com\/pclave\/policia-de-cundinamarca\" target=\"_blank\" rel=\"noopener\"><strong>Departamento de Polic\u00eda de Cundinamarca<\/strong><\/a>&nbsp;y la&nbsp;<a href=\"https:\/\/periodismopublico.com\/pclave\/procuraduria\" target=\"_blank\" rel=\"noopener\"><strong>Procuradur\u00eda General de la Naci\u00f3n.<\/strong><\/a><\/p>\n\n\n\n<p class=\"wp-block-paragraph\">La administraci\u00f3n departamental anunci\u00f3 que continuar\u00e1 con este tipo de capacitaciones dirigidas a las autoridades municipales, con el prop\u00f3sito de mejorar la respuesta frente a los siniestros viales y la atenci\u00f3n de las v\u00edctimas.<\/p>\n\n\n\n<p class=\"wp-block-paragraph\">Lea tambi\u00e9n: entre escombros y esperanza: los rescates que conmueven a Colombia tras el terremoto&nbsp;<a href=\"https:\/\/elchiq.com\/index.php\/2026\/08\/13\/entre-escombros-y-esperanza-los-rescates-que-conmueven-a-colombia-tras-el-terremoto\/\">https:\/\/elchiq.com\/index.php\/2026\/08\/13\/entre-escombros-y-esperanza-los-rescates-que-conmueven-a-colombia-tras-el-terremoto\/<\/a><\/p>\n\n\n\n<p class=\"wp-block-paragraph\">www.elchiq.com https:\/\/www.google.com\/search?q=elchiq&amp;oq=elch&amp;gs_l<\/p>\n\n\n\n<p class=\"wp-block-paragraph\">Escuche la decembrina: https:\/\/ladecembrina.radio12345com\/google_vignette<\/p>\n\n\n\n<p class=\"wp-block-paragraph\">S\u00edganos en Facebook, Instagram, Telegram, Twitch, Discord, Linkedin, Flipboard, Mastodon,YouTube, X, Spotify, TikTok, Bluesky y nuestro canal de WhatsApp, para que reciba noticias de \u00faltima hora y m\u00e1s contenidos<\/p>\n","protected":false},"excerpt":{"rendered":"<p>El aumento de v\u00edctimas en las v\u00edas puso el foco en lo que ocurre despu\u00e9s de un siniestro: atenci\u00f3n a los afectados, actos urgentes, cadena de custodia y coordinaci\u00f3n entre autoridades. Por: redacci\u00f3n Periodismo P\u00fablico y elchiq.comhttps:\/\/www.google.com\/search?q=elchiq&amp;oq=elch&amp;gs_l Los accidentes de tr\u00e1nsito en&nbsp;Cundinamarca&nbsp;mantienen en alerta a las autoridades por el n\u00famero de v\u00edctimas que dejan estos [&hellip;]<\/p>\n","protected":false},"author":2,"featured_media":0,"comment_status":"closed","ping_status":"closed","sticky":false,"template":"","format":"standard","meta":{"footnotes":""},"categories":[1],"tags":[],"class_list":["post-14489","post","type-post","status-publish","format-standard","hentry","category-uncategorized"],"_links":{"self":[{"href":"https:\/\/elchiq.com\/index.php\/wp-json\/wp\/v2\/posts\/14489","targetHints":{"allow":["GET"]}}],"collection":[{"href":"https:\/\/elchiq.com\/index.php\/wp-json\/wp\/v2\/posts"}],"about":[{"href":"https:\/\/elchiq.com\/index.php\/wp-json\/wp\/v2\/types\/post"}],"author":[{"embeddable":true,"href":"https:\/\/elchiq.com\/index.php\/wp-json\/wp\/v2\/users\/2"}],"replies":[{"embeddable":true,"href":"https:\/\/elchiq.com\/index.php\/wp-json\/wp\/v2\/comments?post=14489"}],"version-history":[{"count":1,"href":"https:\/\/elchiq.com\/index.php\/wp-json\/wp\/v2\/posts\/14489\/revisions"}],"predecessor-version":[{"id":14493,"href":"https:\/\/elchiq.com\/index.php\/wp-json\/wp\/v2\/posts\/14489\/revisions\/14493"}],"wp:attachment":[{"href":"https:\/\/elchiq.com\/index.php\/wp-json\/wp\/v2\/media?parent=14489"}],"wp:term":[{"taxonomy":"category","embeddable":true,"href":"https:\/\/elchiq.com\/index.php\/wp-json\/wp\/v2\/categories?post=14489"},{"taxonomy":"post_tag","embeddable":true,"href":"https:\/\/elchiq.com\/index.php\/wp-json\/wp\/v2\/tags?post=14489"}],"curies":[{"name":"wp","href":"https:\/\/api.w.org\/{rel}","templated":true}]}}