{"id":14494,"date":"2026-09-03T09:58:00","date_gmt":"2026-09-03T14:58:00","guid":{"rendered":"https:\/\/elchiq.com\/?p=14494"},"modified":"2026-09-03T09:58:00","modified_gmt":"2026-09-03T14:58:00","slug":"de-la-espriella-nombra-nueva-ministra-de-educacion-en-reemplazo-de-viviane-morales-que-paso","status":"publish","type":"post","link":"https:\/\/elchiq.com\/index.php\/2026\/09\/03\/de-la-espriella-nombra-nueva-ministra-de-educacion-en-reemplazo-de-viviane-morales-que-paso\/","title":{"rendered":"De la Espriella nombra nueva ministra de Educaci\u00f3n en reemplazo de Viviane Morales, \u00bfqu\u00e9 pas\u00f3?"},"content":{"rendered":"\n<p class=\"wp-block-paragraph\">En su reemplazo fue nombrada la abogada Ilva Myriam Hoyos, quien fue procuradora delegada de Alejandro Ordo\u00f1ez.<\/p>\n\n\n\n<figure class=\"wp-block-image size-full is-resized\"><img loading=\"lazy\" decoding=\"async\" width=\"537\" height=\"377\" src=\"https:\/\/elchiq.com\/wp-content\/uploads\/2026\/09\/image-14.png\" alt=\"\" class=\"wp-image-14495\" style=\"aspect-ratio:1.424420773407386;width:843px;height:auto\" srcset=\"https:\/\/elchiq.com\/wp-content\/uploads\/2026\/09\/image-14.png 537w, https:\/\/elchiq.com\/wp-content\/uploads\/2026\/09\/image-14-300x211.png 300w\" sizes=\"auto, (max-width: 537px) 100vw, 537px\" \/><\/figure>\n\n\n\n<p class=\"wp-block-paragraph\">Por: redacci\u00f3n El Colombiano y elchiq.com<a href=\"https:\/\/www.google.com\/search?q=elchiq&amp;oq=elch&amp;gs_l\">https:\/\/www.google.com\/search?q=elchiq&amp;oq=elch&amp;gs_l<\/a><\/p>\n\n\n\n<p class=\"wp-block-paragraph\">El presidente Abelardo De la Espriella anunci\u00f3, en la noche de este mi\u00e9rcoles, que la ministra de Educaci\u00f3n ya no ser\u00e1 m\u00e1s Viviane Morales sino la abogada Ilva Myriam Hoyos.<\/p>\n\n\n\n<p class=\"wp-block-paragraph\">\u201cDespido con nostalgia a mi querida amiga Viviane Morales. Los designios de Dios son insondables y debe dejarnos tempranamente para estar al frente de una situaci\u00f3n personal que deseo, de todo coraz\u00f3n, pueda resolver muy pronto\u201d, afirm\u00f3 De la Espriella.<\/p>\n\n\n\n<p class=\"wp-block-paragraph\">El jefe de Estado agreg\u00f3 que \u201cViviane se va con mi gratitud, mi afecto y mis oraciones. Las puertas de este Gobierno y de mi amistad siempre estar\u00e1n abiertas para ella. Hasta pronto, querida Viviane. Bienvenida, ministra Ilva Myriam. Que Dios las bendiga a ambas y las acompa\u00f1e siempre\u201d.<\/p>\n\n\n\n<p class=\"wp-block-paragraph\"><strong>Hoyos fue procuradora delegada para la Defensa de los Derechos de la Infancia, la Adolescencia y la Familia en la era de Alejandro Ord\u00f3\u00f1ez, reci\u00e9n nombrado embajador de Colombia ante la OEA.<\/strong><\/p>\n\n\n\n<p class=\"wp-block-paragraph\">Ilva era parte del Consejo de Protecci\u00f3n de Ni\u00f1os y Personas Vulnerables de la Conferencia Episcopal de Colombia. Es abogada y doctora en Derecho de la Universidad de Navarra.<\/p>\n\n\n\n<p class=\"wp-block-paragraph\">Tambi\u00e9n curs\u00f3 estudios en derechos humanos en la Universidad Complutense de Madrid y en el Instituto Interamericano de Derechos Humanos, en Costa Rica.<\/p>\n\n\n\n<figure class=\"wp-block-image size-full\"><img loading=\"lazy\" decoding=\"async\" width=\"495\" height=\"619\" src=\"https:\/\/elchiq.com\/wp-content\/uploads\/2026\/09\/Pub-Abaco-terremoto-2026-10.jpg\" alt=\"\" class=\"wp-image-14496\" srcset=\"https:\/\/elchiq.com\/wp-content\/uploads\/2026\/09\/Pub-Abaco-terremoto-2026-10.jpg 495w, https:\/\/elchiq.com\/wp-content\/uploads\/2026\/09\/Pub-Abaco-terremoto-2026-10-240x300.jpg 240w\" sizes=\"auto, (max-width: 495px) 100vw, 495px\" \/><\/figure>\n\n\n\n<p class=\"wp-block-paragraph\">Tambi\u00e9n fue jefe de la Oficina Jur\u00eddica de Inravisi\u00f3n y asistente de la Viceprocuradur\u00eda General de la Naci\u00f3n. Posteriormente, se desempe\u00f1\u00f3 como directora del Instituto de Humanidades y decana de la Facultad de Derecho de la Universidad de La Sabana, donde tambi\u00e9n ha ejercido como profesora e investigadora y ha dirigido las revistas Pensamiento y Cultura y D\u00edkaion.<\/p>\n\n\n\n<p class=\"wp-block-paragraph\"><strong>Su trayectoria tambi\u00e9n ha estado marcada por posiciones controvertidas frente a los derechos sexuales y reproductivos de las mujeres.<\/strong><\/p>\n\n\n\n<p class=\"wp-block-paragraph\">La&nbsp;<em>Silla Vac\u00eda&nbsp;<\/em>public\u00f3 que la hoy ministra de Educaci\u00f3n \u201clibr\u00f3 una batalla\u201d contra mujeres que, durante la d\u00e9cada pasada, defendieron el derecho al aborto en las circunstancias excepcionales permitidas por la Corte Constitucional.<\/p>\n\n\n\n<p class=\"wp-block-paragraph\">\u201cEl papel de Ilva Myriam ha sido muy discutido. Sobre todo porque antes de ser nombrada Procuradora ella ya era una de las voces m\u00e1s fuertes en contra de la despenalizaci\u00f3n y como funcionaria ha cuestionado varias veces la sentencia de la Corte que despenaliz\u00f3 la interrupci\u00f3n del embarazo en tres circunstancias excepcionales, gracias al liderazgo de M\u00f3nica Roa\u201d, se\u00f1al\u00f3 ese medio.<\/p>\n\n\n\n<figure class=\"wp-block-image size-full\"><img loading=\"lazy\" decoding=\"async\" width=\"635\" height=\"794\" src=\"https:\/\/elchiq.com\/wp-content\/uploads\/2026\/09\/Pub-sorteo-2.jpg\" alt=\"\" class=\"wp-image-14497\" srcset=\"https:\/\/elchiq.com\/wp-content\/uploads\/2026\/09\/Pub-sorteo-2.jpg 635w, https:\/\/elchiq.com\/wp-content\/uploads\/2026\/09\/Pub-sorteo-2-240x300.jpg 240w\" sizes=\"auto, (max-width: 635px) 100vw, 635px\" \/><\/figure>\n\n\n\n<p class=\"wp-block-paragraph\"><a href=\"https:\/\/www.elcolombiano.com\/medellin\/alias-hermes-capturado-rionegro-extradicion-luxemburgo-EH40476507\"><\/a><\/p>\n\n\n\n<p class=\"wp-block-paragraph\">Seg\u00fan&nbsp;<em>la Silla Vac\u00eda<\/em>, Hoyos adem\u00e1s denunci\u00f3 penalmente a M\u00f3nica Roa, quien lider\u00f3 desde el activismo el proceso que buscaba que la Corte Constitucional levantara la prohibici\u00f3n del aborto.<\/p>\n\n\n\n<p class=\"wp-block-paragraph\"><strong>La denuncia estuvo relacionada con una acci\u00f3n de tutela presentada por Roa junto con otras 1.200 mujeres,<\/strong>&nbsp;mediante la cual cuestionaban que la Procuradur\u00eda estuviera vulnerando el derecho de las mujeres a recibir informaci\u00f3n sobre sus derechos sexuales y reproductivos.<\/p>\n\n\n\n<p class=\"wp-block-paragraph\">Durante su paso por la Procuradur\u00eda, Hoyos tambi\u00e9n impugn\u00f3 la sentencia de la Corte Constitucional que reconoci\u00f3 el matrimonio entre parejas del mismo sexo.<\/p>\n\n\n\n<p class=\"wp-block-paragraph\">En una columna de opini\u00f3n del 13 de julio de 2012, en la revista Semana, la periodista Mar\u00eda Jimena Duz\u00e1n mencion\u00f3 que Hoyos, como procuradora delegada para la familia, se caracterizaba \u201cpor imponer su credo religioso por encima de las sentencias de la Corte Constitucional\u201d.<\/p>\n\n\n\n<p class=\"wp-block-paragraph\">Adem\u00e1s, la se\u00f1al\u00f3 de extralimitarse de \u201csus funciones\u201d y que \u201ccerr\u00f3 la Cl\u00ednica de la Mujer del entonces alcalde de Medell\u00edn Alonso Salazar, por considerar que eso incentivaba a las mujeres a la pr\u00e1ctica del aborto, a sabiendas de que la ley lo permite en tres casos espec\u00edficos\u201d.<\/p>\n\n\n\n<p class=\"wp-block-paragraph\"><strong>Preguntas y respuestas<\/strong><\/p>\n\n\n\n<p class=\"wp-block-paragraph\"><strong>\u00bfQui\u00e9n es Ilva Myriam Hoyos, nueva ministra de Educaci\u00f3n?<\/strong><\/p>\n\n\n\n<p class=\"wp-block-paragraph\">Ilva Myriam Hoyos es una abogada y doctora en Derecho de la Universidad de Navarra que ha trabajado en la Procuradur\u00eda, Inravisi\u00f3n y la academia, y que fue designada por el presidente Abelardo De la Espriella como nueva ministra de Educaci\u00f3n.<\/p>\n\n\n\n<figure class=\"wp-block-image size-full\"><img loading=\"lazy\" decoding=\"async\" width=\"740\" height=\"625\" src=\"https:\/\/elchiq.com\/wp-content\/uploads\/2026\/09\/Pub-licorera-de-cundinamarca-1.jpg\" alt=\"\" class=\"wp-image-14498\" srcset=\"https:\/\/elchiq.com\/wp-content\/uploads\/2026\/09\/Pub-licorera-de-cundinamarca-1.jpg 740w, https:\/\/elchiq.com\/wp-content\/uploads\/2026\/09\/Pub-licorera-de-cundinamarca-1-300x253.jpg 300w\" sizes=\"auto, (max-width: 740px) 100vw, 740px\" \/><\/figure>\n\n\n\n<p class=\"wp-block-paragraph\"><strong>\u00bfPor qu\u00e9 Viviane Morales deja el Ministerio de Educaci\u00f3n?<\/strong><\/p>\n\n\n\n<p class=\"wp-block-paragraph\">Viviane Morales deja el cargo para atender una situaci\u00f3n personal, seg\u00fan explic\u00f3 el presidente Abelardo De la Espriella. La noticia no especifica cu\u00e1l es esa situaci\u00f3n.<\/p>\n\n\n\n<p class=\"wp-block-paragraph\"><strong>\u00bfCu\u00e1ndo asumir\u00e1 Ilva Myriam Hoyos como ministra de Educaci\u00f3n?<\/strong><\/p>\n\n\n\n<p class=\"wp-block-paragraph\">El presidente anunci\u00f3 su designaci\u00f3n como nueva ministra de Educaci\u00f3n, pero la noticia no precisa la fecha en la que asumir\u00e1 formalmente el cargo.<\/p>\n\n\n\n<p class=\"wp-block-paragraph\"><strong>\u00bfQu\u00e9 experiencia tiene Ilva Myriam Hoyos para ser ministra de Educaci\u00f3n?<\/strong><\/p>\n\n\n\n<p class=\"wp-block-paragraph\">Hoyos ha ocupado cargos en la Procuradur\u00eda General de la Naci\u00f3n e Inravisi\u00f3n y ha desarrollado una amplia trayectoria acad\u00e9mica en la Universidad de La Sabana, donde fue directora del Instituto de Humanidades, decana de Derecho, profesora e investigadora.<\/p>\n\n\n\n<p class=\"wp-block-paragraph\">Lea tambi\u00e9n: entre escombros y esperanza: los rescates que conmueven a Colombia tras el terremoto&nbsp;<a href=\"https:\/\/elchiq.com\/index.php\/2026\/08\/13\/entre-escombros-y-esperanza-los-rescates-que-conmueven-a-colombia-tras-el-terremoto\/\">https:\/\/elchiq.com\/index.php\/2026\/08\/13\/entre-escombros-y-esperanza-los-rescates-que-conmueven-a-colombia-tras-el-terremoto\/<\/a><\/p>\n\n\n\n<p class=\"wp-block-paragraph\">www.elchiq.com https:\/\/www.google.com\/search?q=elchiq&amp;oq=elch&amp;gs_l<\/p>\n\n\n\n<p class=\"wp-block-paragraph\">Escuche la decembrina: https:\/\/ladecembrina.radio12345com\/google_vignette<\/p>\n\n\n\n<p class=\"wp-block-paragraph\">S\u00edganos en Facebook, Instagram, Telegram, Twitch, Discord, Linkedin, Flipboard, Mastodon,YouTube, X, Spotify, TikTok, Bluesky y nuestro canal de WhatsApp, para que reciba noticias de \u00faltima hora y m\u00e1s contenidos<\/p>\n","protected":false},"excerpt":{"rendered":"<p>En su reemplazo fue nombrada la abogada Ilva Myriam Hoyos, quien fue procuradora delegada de Alejandro Ordo\u00f1ez. Por: redacci\u00f3n El Colombiano y elchiq.comhttps:\/\/www.google.com\/search?q=elchiq&amp;oq=elch&amp;gs_l El presidente Abelardo De la Espriella anunci\u00f3, en la noche de este mi\u00e9rcoles, que la ministra de Educaci\u00f3n ya no ser\u00e1 m\u00e1s Viviane Morales sino la abogada Ilva Myriam Hoyos. \u201cDespido con [&hellip;]<\/p>\n","protected":false},"author":2,"featured_media":0,"comment_status":"closed","ping_status":"closed","sticky":false,"template":"","format":"standard","meta":{"footnotes":""},"categories":[1],"tags":[],"class_list":["post-14494","post","type-post","status-publish","format-standard","hentry","category-uncategorized"],"_links":{"self":[{"href":"https:\/\/elchiq.com\/index.php\/wp-json\/wp\/v2\/posts\/14494","targetHints":{"allow":["GET"]}}],"collection":[{"href":"https:\/\/elchiq.com\/index.php\/wp-json\/wp\/v2\/posts"}],"about":[{"href":"https:\/\/elchiq.com\/index.php\/wp-json\/wp\/v2\/types\/post"}],"author":[{"embeddable":true,"href":"https:\/\/elchiq.com\/index.php\/wp-json\/wp\/v2\/users\/2"}],"replies":[{"embeddable":true,"href":"https:\/\/elchiq.com\/index.php\/wp-json\/wp\/v2\/comments?post=14494"}],"version-history":[{"count":1,"href":"https:\/\/elchiq.com\/index.php\/wp-json\/wp\/v2\/posts\/14494\/revisions"}],"predecessor-version":[{"id":14499,"href":"https:\/\/elchiq.com\/index.php\/wp-json\/wp\/v2\/posts\/14494\/revisions\/14499"}],"wp:attachment":[{"href":"https:\/\/elchiq.com\/index.php\/wp-json\/wp\/v2\/media?parent=14494"}],"wp:term":[{"taxonomy":"category","embeddable":true,"href":"https:\/\/elchiq.com\/index.php\/wp-json\/wp\/v2\/categories?post=14494"},{"taxonomy":"post_tag","embeddable":true,"href":"https:\/\/elchiq.com\/index.php\/wp-json\/wp\/v2\/tags?post=14494"}],"curies":[{"name":"wp","href":"https:\/\/api.w.org\/{rel}","templated":true}]}}