{"id":14500,"date":"2026-09-03T10:26:59","date_gmt":"2026-09-03T15:26:59","guid":{"rendered":"https:\/\/elchiq.com\/?p=14500"},"modified":"2026-09-03T10:26:59","modified_gmt":"2026-09-03T15:26:59","slug":"presidente-del-metro-de-bogota-plantea-tren-regional-para-conectar-boyaca-y-bogota","status":"publish","type":"post","link":"https:\/\/elchiq.com\/index.php\/2026\/09\/03\/presidente-del-metro-de-bogota-plantea-tren-regional-para-conectar-boyaca-y-bogota\/","title":{"rendered":"Presidente del Metro de Bogot\u00e1 plantea tren regional para conectar Boyac\u00e1 y Bogot\u00e1"},"content":{"rendered":"\n<p class=\"wp-block-paragraph\">Durante la primera Cumbre Ferroviaria que se realiza en Paipa, el presidente del Metro de Bogot\u00e1, Le\u00f3nidas Narv\u00e1ez , destac\u00f3 la importancia de impulsar sistemas ferroviarios regionales que integren a Boyac\u00e1 y Cundinamarca con la capital del pa\u00eds.<\/p>\n\n\n\n<figure class=\"wp-block-image size-full\"><img loading=\"lazy\" decoding=\"async\" width=\"914\" height=\"607\" src=\"https:\/\/elchiq.com\/wp-content\/uploads\/2026\/09\/tren_zipa-1.jpg\" alt=\"\" class=\"wp-image-14501\" srcset=\"https:\/\/elchiq.com\/wp-content\/uploads\/2026\/09\/tren_zipa-1.jpg 914w, https:\/\/elchiq.com\/wp-content\/uploads\/2026\/09\/tren_zipa-1-300x199.jpg 300w, https:\/\/elchiq.com\/wp-content\/uploads\/2026\/09\/tren_zipa-1-768x510.jpg 768w\" sizes=\"auto, (max-width: 914px) 100vw, 914px\" \/><\/figure>\n\n\n\n<p class=\"wp-block-paragraph\">Por: redacci\u00f3n Periodismo P\u00fablico y elchiq.com<a href=\"https:\/\/www.google.com\/search?q=elchiq&amp;oq=elch&amp;gs_lcrp=EgZjaHJvbWUqDggAEEUYJxg7GIAEGIoFMg4IABBFGCcYOxiABBiKBTIPCAEQLhhDGLEDGIAEGIoFMg8IAhAuGEMYsQMYgAQYigUyBggDEEUYOTIHCAQQABiABDIHCAUQLhiABDIHCAYQABiABDIHCAcQABiABDIJCAgQABgKGIAEMgkICRAAGAoYgATSAQoxNjkwNWowajE1qAIMsAIB8QWjlxl85iD_VA&amp;sourceid=chrome&amp;ie=UTF-8\">https:\/\/www.google.com\/search?q=elchiq&amp;oq=elch&amp;gs_l<\/a><\/p>\n\n\n\n<p class=\"wp-block-paragraph\"><strong>El presidente del Metro de Bogot\u00e1, Le\u00f3nidas Narv\u00e1ez, destac\u00f3 en Paipa la necesidad de avanzar en una visi\u00f3n integrada del transporte ferroviario en Colombia y asegur\u00f3 que una conexi\u00f3n entre Boyac\u00e1 y Bogot\u00e1 podr\u00eda desarrollarse mediante un tren de cercan\u00edas o regional,<\/strong>&nbsp;m\u00e1s que a trav\u00e9s de un sistema de metro.<\/p>\n\n\n\n<figure class=\"wp-block-image size-full\"><img loading=\"lazy\" decoding=\"async\" width=\"970\" height=\"250\" src=\"https:\/\/elchiq.com\/wp-content\/uploads\/2026\/09\/Bet-play-1.jpg\" alt=\"\" class=\"wp-image-14502\" srcset=\"https:\/\/elchiq.com\/wp-content\/uploads\/2026\/09\/Bet-play-1.jpg 970w, https:\/\/elchiq.com\/wp-content\/uploads\/2026\/09\/Bet-play-1-300x77.jpg 300w, https:\/\/elchiq.com\/wp-content\/uploads\/2026\/09\/Bet-play-1-764x197.jpg 764w\" sizes=\"auto, (max-width: 970px) 100vw, 970px\" \/><\/figure>\n\n\n\n<p class=\"wp-block-paragraph\">El funcionario se\u00f1al\u00f3 que el crecimiento de la poblaci\u00f3n y de la demanda de carga har\u00e1 necesario buscar nuevas alternativas de transporte.&nbsp;<strong>\u00ab&#8230;Los modos ferroviarios son unos sistemas propicios para el manejo de grandes cargas, grandes vol\u00famenes de pasajeros y grandes distancias&#8230;\u00bb<\/strong>, afirm\u00f3 Narv\u00e1ez, quien tambi\u00e9n&nbsp;<strong>consider\u00f3 importante que estos sistemas se articulen con la red vial nacional.<\/strong><\/p>\n\n\n\n<figure class=\"wp-block-image size-large\"><img loading=\"lazy\" decoding=\"async\" width=\"1024\" height=\"791\" src=\"https:\/\/elchiq.com\/wp-content\/uploads\/2026\/09\/Pub-Santa-Barbara-4-1024x791.jpg\" alt=\"\" class=\"wp-image-14503\" srcset=\"https:\/\/elchiq.com\/wp-content\/uploads\/2026\/09\/Pub-Santa-Barbara-4-1024x791.jpg 1024w, https:\/\/elchiq.com\/wp-content\/uploads\/2026\/09\/Pub-Santa-Barbara-4-300x232.jpg 300w, https:\/\/elchiq.com\/wp-content\/uploads\/2026\/09\/Pub-Santa-Barbara-4-767x593.jpg 767w, https:\/\/elchiq.com\/wp-content\/uploads\/2026\/09\/Pub-Santa-Barbara-4-1536x1187.jpg 1536w, https:\/\/elchiq.com\/wp-content\/uploads\/2026\/09\/Pub-Santa-Barbara-4.jpg 1650w\" sizes=\"auto, (max-width: 1024px) 100vw, 1024px\" \/><\/figure>\n\n\n\n<p class=\"wp-block-paragraph\">Frente a la propuesta de construir un tren de alta velocidad entre Boyac\u00e1 y Bogot\u00e1,&nbsp;<strong>el presidente del Metro de Bogot\u00e1 insisti\u00f3 en que el primer paso debe ser estructurar adecuadamente el proyecto, evaluar diferentes alternativas y establecer costos reales que permitan definir su viabilidad financiera, jur\u00eddica y t\u00e9cnica.<\/strong><\/p>\n\n\n\n<figure class=\"wp-block-image size-full\"><img loading=\"lazy\" decoding=\"async\" width=\"495\" height=\"619\" src=\"https:\/\/elchiq.com\/wp-content\/uploads\/2026\/09\/Pub-Abaco-terremoto-2026-11.jpg\" alt=\"\" class=\"wp-image-14504\" srcset=\"https:\/\/elchiq.com\/wp-content\/uploads\/2026\/09\/Pub-Abaco-terremoto-2026-11.jpg 495w, https:\/\/elchiq.com\/wp-content\/uploads\/2026\/09\/Pub-Abaco-terremoto-2026-11-240x300.jpg 240w\" sizes=\"auto, (max-width: 495px) 100vw, 495px\" \/><\/figure>\n\n\n\n<p class=\"wp-block-paragraph\">Narv\u00e1ez, tambi\u00e9n habl\u00f3 sobre los avances de la Primera L\u00ednea del Metro de Bogot\u00e1,&nbsp;<strong>cuyo proyecto supera el 82 por ciento de ejecuci\u00f3n y avanza hacia la integraci\u00f3n de sus diferentes componentes.<\/strong>&nbsp;Adem\u00e1s,&nbsp;<strong>calific\u00f3 como un hito de la ingenier\u00eda colombiana la culminaci\u00f3n de la estructura del puente ferroviario de la avenida Caracas sobre la calle 26, una infraestructura de 215 metros que permitir\u00e1 el paso de los trenes entre las estaciones 13 y 14.<\/strong><\/p>\n\n\n\n<p class=\"wp-block-paragraph\">Lea tambi\u00e9n: entre escombros y esperanza: los rescates que conmueven a Colombia tras el terremoto&nbsp;<a href=\"https:\/\/elchiq.com\/index.php\/2026\/08\/13\/entre-escombros-y-esperanza-los-rescates-que-conmueven-a-colombia-tras-el-terremoto\/\">https:\/\/elchiq.com\/index.php\/2026\/08\/13\/entre-escombros-y-esperanza-los-rescates-que-conmueven-a-colombia-tras-el-terremoto\/<\/a><\/p>\n\n\n\n<p class=\"wp-block-paragraph\">www.elchiq.com https:\/\/www.google.com\/search?q=elchiq&amp;oq=elch&amp;gs_l<\/p>\n\n\n\n<p class=\"wp-block-paragraph\">Escuche la decembrina: https:\/\/ladecembrina.radio12345com\/google_vignette<\/p>\n\n\n\n<p class=\"wp-block-paragraph\">S\u00edganos en Facebook, Instagram, Telegram, Twitch, Discord, Linkedin, Flipboard, Mastodon,YouTube, X, Spotify, TikTok, Bluesky y nuestro canal de WhatsApp, para que reciba noticias de \u00faltima hora y m\u00e1s contenidos<\/p>\n","protected":false},"excerpt":{"rendered":"<p>Durante la primera Cumbre Ferroviaria que se realiza en Paipa, el presidente del Metro de Bogot\u00e1, Le\u00f3nidas Narv\u00e1ez , destac\u00f3 la importancia de impulsar sistemas ferroviarios regionales que integren a Boyac\u00e1 y Cundinamarca con la capital del pa\u00eds. Por: redacci\u00f3n Periodismo P\u00fablico y elchiq.comhttps:\/\/www.google.com\/search?q=elchiq&amp;oq=elch&amp;gs_l El presidente del Metro de Bogot\u00e1, Le\u00f3nidas Narv\u00e1ez, destac\u00f3 en Paipa [&hellip;]<\/p>\n","protected":false},"author":2,"featured_media":0,"comment_status":"closed","ping_status":"closed","sticky":false,"template":"","format":"standard","meta":{"footnotes":""},"categories":[1],"tags":[],"class_list":["post-14500","post","type-post","status-publish","format-standard","hentry","category-uncategorized"],"_links":{"self":[{"href":"https:\/\/elchiq.com\/index.php\/wp-json\/wp\/v2\/posts\/14500","targetHints":{"allow":["GET"]}}],"collection":[{"href":"https:\/\/elchiq.com\/index.php\/wp-json\/wp\/v2\/posts"}],"about":[{"href":"https:\/\/elchiq.com\/index.php\/wp-json\/wp\/v2\/types\/post"}],"author":[{"embeddable":true,"href":"https:\/\/elchiq.com\/index.php\/wp-json\/wp\/v2\/users\/2"}],"replies":[{"embeddable":true,"href":"https:\/\/elchiq.com\/index.php\/wp-json\/wp\/v2\/comments?post=14500"}],"version-history":[{"count":1,"href":"https:\/\/elchiq.com\/index.php\/wp-json\/wp\/v2\/posts\/14500\/revisions"}],"predecessor-version":[{"id":14505,"href":"https:\/\/elchiq.com\/index.php\/wp-json\/wp\/v2\/posts\/14500\/revisions\/14505"}],"wp:attachment":[{"href":"https:\/\/elchiq.com\/index.php\/wp-json\/wp\/v2\/media?parent=14500"}],"wp:term":[{"taxonomy":"category","embeddable":true,"href":"https:\/\/elchiq.com\/index.php\/wp-json\/wp\/v2\/categories?post=14500"},{"taxonomy":"post_tag","embeddable":true,"href":"https:\/\/elchiq.com\/index.php\/wp-json\/wp\/v2\/tags?post=14500"}],"curies":[{"name":"wp","href":"https:\/\/api.w.org\/{rel}","templated":true}]}}