{"id":14510,"date":"2026-09-03T10:53:36","date_gmt":"2026-09-03T15:53:36","guid":{"rendered":"https:\/\/elchiq.com\/?p=14510"},"modified":"2026-09-03T10:53:36","modified_gmt":"2026-09-03T15:53:36","slug":"vamos-a-combatir-y-a-liberar-a-cada-departamento-de-la-violencia-de-la-espriella-durante-consejo-de-seguridad-en-cucuta","status":"publish","type":"post","link":"https:\/\/elchiq.com\/index.php\/2026\/09\/03\/vamos-a-combatir-y-a-liberar-a-cada-departamento-de-la-violencia-de-la-espriella-durante-consejo-de-seguridad-en-cucuta\/","title":{"rendered":"\u201cVamos a combatir y a liberar a cada departamento de la violencia\u201d: De la Espriella durante consejo de seguridad en C\u00facuta"},"content":{"rendered":"\n<p class=\"wp-block-paragraph\">El pronunciamiento se produjo durante el consejo de seguridad convocado en la capital de Norte de Santander, luego del atentado atribuido al ELN ocurrido este martes 1.\u00b0 de septiembre.<\/p>\n\n\n\n<figure class=\"wp-block-image size-large\"><img loading=\"lazy\" decoding=\"async\" width=\"1024\" height=\"576\" src=\"https:\/\/elchiq.com\/wp-content\/uploads\/2026\/09\/ADLE-seguridad-1024x576.jpg\" alt=\"\" class=\"wp-image-14511\" srcset=\"https:\/\/elchiq.com\/wp-content\/uploads\/2026\/09\/ADLE-seguridad-1024x576.jpg 1024w, https:\/\/elchiq.com\/wp-content\/uploads\/2026\/09\/ADLE-seguridad-300x169.jpg 300w, https:\/\/elchiq.com\/wp-content\/uploads\/2026\/09\/ADLE-seguridad-768x432.jpg 768w, https:\/\/elchiq.com\/wp-content\/uploads\/2026\/09\/ADLE-seguridad.jpg 1200w\" sizes=\"auto, (max-width: 1024px) 100vw, 1024px\" \/><\/figure>\n\n\n\n<p class=\"wp-block-paragraph\">Por: redacci\u00f3n El Heraldo,El  Pa\u00eds y elchiq.com<a href=\"https:\/\/www.google.com\/search?q=elchiq&amp;oq=elch&amp;gs_lcrp=EgZjaHJvbWUqDggAEEUYJxg7GIAEGIoFMg4IABBFGCcYOxiABBiKBTIPCAEQLhhDGLEDGIAEGIoFMg8IAhAuGEMYsQMYgAQYigUyBggDEEUYOTIHCAQQABiABDIHCAUQLhiABDIHCAYQABiABDIHCAcQABiABDIJCAgQABgKGIAEMgkICRAAGAoYgATSAQoxNjkwNWowajE1qAIMsAIB8QWjlxl85iD_VA&amp;sourceid=chrome&amp;ie=UTF-8\">https:\/\/www.google.com\/search?q=elchiq&amp;oq=elch&amp;gs_l<\/a><\/p>\n\n\n\n<p class=\"wp-block-paragraph\">Desde C\u00facuta, el presidente Abelardo De la Espriella lanz\u00f3 una advertencia directa a los mandatarios regionales que, seg\u00fan su Gobierno, puedan tener alg\u00fan tipo de v\u00ednculo o cercan\u00eda con organizaciones armadas ilegales.<\/p>\n\n\n\n<p class=\"wp-block-paragraph\">El pronunciamiento se produjo durante el consejo de seguridad convocado en la capital de Norte de Santander, luego del atentado atribuido al ELN el pasado lunes.<\/p>\n\n\n\n<p class=\"wp-block-paragraph\">En medio de la revisi\u00f3n de la situaci\u00f3n de orden p\u00fablico del departamento, el jefe de Estado asegur\u00f3 que su administraci\u00f3n no tolerar\u00e1 acuerdos o alianzas entre funcionarios p\u00fablicos y estructuras criminales.<\/p>\n\n\n\n<p class=\"wp-block-paragraph\">\u201cVamos a combatir y a liberar a cada departamento de la violencia. Se acab\u00f3 la asociaci\u00f3n criminal: no vamos a permitir que ning\u00fan mandatario se alinee con los bandidos, porque los vamos a hacer pagar con total decisi\u00f3n\u201d, afirm\u00f3 De la Espriella.<\/p>\n\n\n\n<figure class=\"wp-block-image size-full\"><img loading=\"lazy\" decoding=\"async\" width=\"970\" height=\"250\" src=\"https:\/\/elchiq.com\/wp-content\/uploads\/2026\/09\/pub-onu.png\" alt=\"\" class=\"wp-image-14512\" srcset=\"https:\/\/elchiq.com\/wp-content\/uploads\/2026\/09\/pub-onu.png 970w, https:\/\/elchiq.com\/wp-content\/uploads\/2026\/09\/pub-onu-300x77.png 300w, https:\/\/elchiq.com\/wp-content\/uploads\/2026\/09\/pub-onu-764x197.png 764w\" sizes=\"auto, (max-width: 970px) 100vw, 970px\" \/><\/figure>\n\n\n\n<p class=\"wp-block-paragraph\"><strong>El atentado<\/strong><\/p>\n\n\n\n<p class=\"wp-block-paragraph\">El atentado con un coche bomba contra la estaci\u00f3n de Polic\u00eda del municipio de Los Patios, en el departamento de Norte de Santander, fronterizo con Venezuela, mat\u00f3 a una persona e hiri\u00f3 a otras once, dos de ellas polic\u00edas, informaron este martes las autoridades.<\/p>\n\n\n\n<p class=\"wp-block-paragraph\">El veh\u00edculo cargado con explosivos deton\u00f3 a las 11:15 de la noche del lunes (04:15 GMT del martes), seg\u00fan un comunicado de la Polic\u00eda Metropolitana de C\u00facuta, capital de Norte de Santander, y \u00e1rea a la que pertenece Los Patios.El ataque deja \u201cpreliminarmente la muerte de un ciudadano y nueve civiles afectados, los cuales est\u00e1n siendo trasladados a centros asistenciales\u201d, as\u00ed como \u201cheridas a dos uniformados\u201d, se\u00f1al\u00f3 la informaci\u00f3n.<\/p>\n\n\n\n<figure class=\"wp-block-image size-full\"><img loading=\"lazy\" decoding=\"async\" width=\"512\" height=\"640\" src=\"https:\/\/elchiq.com\/wp-content\/uploads\/2026\/09\/pUB-mINUTO-COL-4.jpg\" alt=\"\" class=\"wp-image-14513\" srcset=\"https:\/\/elchiq.com\/wp-content\/uploads\/2026\/09\/pUB-mINUTO-COL-4.jpg 512w, https:\/\/elchiq.com\/wp-content\/uploads\/2026\/09\/pUB-mINUTO-COL-4-240x300.jpg 240w\" sizes=\"auto, (max-width: 512px) 100vw, 512px\" \/><\/figure>\n\n\n\n<p class=\"wp-block-paragraph\">La explosi\u00f3n caus\u00f3 un incendio en la estaci\u00f3n policial y en varias motocicletas de los uniformados y provoc\u00f3 el p\u00e1nico entre los habitantes del sector, seg\u00fan constat\u00f3 EFE en la zona, que qued\u00f3 sin luz tras el ataque.<\/p>\n\n\n\n<p class=\"wp-block-paragraph\">\u201cLa Polic\u00eda Nacional, en coordinaci\u00f3n con la Fiscal\u00eda General de la Naci\u00f3n, adelanta las labores de investigaci\u00f3n criminal, inteligencia y polic\u00eda judicial encaminadas a establecer las circunstancias de esta cobarde acci\u00f3n terrorista, as\u00ed como identificar y judicializar a los responsables\u201d, indic\u00f3 el comunicado.<\/p>\n\n\n\n<figure class=\"wp-block-image size-large\"><img loading=\"lazy\" decoding=\"async\" width=\"1024\" height=\"791\" src=\"https:\/\/elchiq.com\/wp-content\/uploads\/2026\/09\/Pub-inm-nuevo-4-1024x791.jpg\" alt=\"\" class=\"wp-image-14514\" srcset=\"https:\/\/elchiq.com\/wp-content\/uploads\/2026\/09\/Pub-inm-nuevo-4-1024x791.jpg 1024w, https:\/\/elchiq.com\/wp-content\/uploads\/2026\/09\/Pub-inm-nuevo-4-300x232.jpg 300w, https:\/\/elchiq.com\/wp-content\/uploads\/2026\/09\/Pub-inm-nuevo-4-767x593.jpg 767w, https:\/\/elchiq.com\/wp-content\/uploads\/2026\/09\/Pub-inm-nuevo-4-1536x1187.jpg 1536w, https:\/\/elchiq.com\/wp-content\/uploads\/2026\/09\/Pub-inm-nuevo-4.jpg 1650w\" sizes=\"auto, (max-width: 1024px) 100vw, 1024px\" \/><\/figure>\n\n\n\n<p class=\"wp-block-paragraph\">La onda de la explosi\u00f3n caus\u00f3 adem\u00e1s da\u00f1os en varios locales comerciales y en viviendas ubicadas en la avenida principal de Los Patios.El pasado 31 de julio, al menos ocho polic\u00edas y otras tres personas fueron heridas por la explosi\u00f3n de un veh\u00edculo bomba cerca del comando de la Polic\u00eda de Norte de Santander en C\u00facuta.<\/p>\n\n\n\n<p class=\"wp-block-paragraph\">Lea tambi\u00e9n: entre escombros y esperanza: los rescates que conmueven a Colombia tras el terremoto&nbsp;<a href=\"https:\/\/elchiq.com\/index.php\/2026\/08\/13\/entre-escombros-y-esperanza-los-rescates-que-conmueven-a-colombia-tras-el-terremoto\/\">https:\/\/elchiq.com\/index.php\/2026\/08\/13\/entre-escombros-y-esperanza-los-rescates-que-conmueven-a-colombia-tras-el-terremoto\/<\/a><\/p>\n\n\n\n<p class=\"wp-block-paragraph\">www.elchiq.com https:\/\/www.google.com\/search?q=elchiq&amp;oq=elch&amp;gs_l<\/p>\n\n\n\n<p class=\"wp-block-paragraph\">Escuche la decembrina: https:\/\/ladecembrina.radio12345com\/google_vignette<\/p>\n\n\n\n<p class=\"wp-block-paragraph\">S\u00edganos en Facebook, Instagram, Telegram, Twitch, Discord, Linkedin, Flipboard, Mastodon,YouTube, X, Spotify, TikTok, Bluesky y nuestro canal de WhatsApp, para que reciba noticias de \u00faltima hora y m\u00e1s contenidos<\/p>\n","protected":false},"excerpt":{"rendered":"<p>El pronunciamiento se produjo durante el consejo de seguridad convocado en la capital de Norte de Santander, luego del atentado atribuido al ELN ocurrido este martes 1.\u00b0 de septiembre. Por: redacci\u00f3n El Heraldo,El Pa\u00eds y elchiq.comhttps:\/\/www.google.com\/search?q=elchiq&amp;oq=elch&amp;gs_l Desde C\u00facuta, el presidente Abelardo De la Espriella lanz\u00f3 una advertencia directa a los mandatarios regionales que, seg\u00fan su [&hellip;]<\/p>\n","protected":false},"author":2,"featured_media":0,"comment_status":"closed","ping_status":"closed","sticky":false,"template":"","format":"standard","meta":{"footnotes":""},"categories":[1],"tags":[],"class_list":["post-14510","post","type-post","status-publish","format-standard","hentry","category-uncategorized"],"_links":{"self":[{"href":"https:\/\/elchiq.com\/index.php\/wp-json\/wp\/v2\/posts\/14510","targetHints":{"allow":["GET"]}}],"collection":[{"href":"https:\/\/elchiq.com\/index.php\/wp-json\/wp\/v2\/posts"}],"about":[{"href":"https:\/\/elchiq.com\/index.php\/wp-json\/wp\/v2\/types\/post"}],"author":[{"embeddable":true,"href":"https:\/\/elchiq.com\/index.php\/wp-json\/wp\/v2\/users\/2"}],"replies":[{"embeddable":true,"href":"https:\/\/elchiq.com\/index.php\/wp-json\/wp\/v2\/comments?post=14510"}],"version-history":[{"count":1,"href":"https:\/\/elchiq.com\/index.php\/wp-json\/wp\/v2\/posts\/14510\/revisions"}],"predecessor-version":[{"id":14515,"href":"https:\/\/elchiq.com\/index.php\/wp-json\/wp\/v2\/posts\/14510\/revisions\/14515"}],"wp:attachment":[{"href":"https:\/\/elchiq.com\/index.php\/wp-json\/wp\/v2\/media?parent=14510"}],"wp:term":[{"taxonomy":"category","embeddable":true,"href":"https:\/\/elchiq.com\/index.php\/wp-json\/wp\/v2\/categories?post=14510"},{"taxonomy":"post_tag","embeddable":true,"href":"https:\/\/elchiq.com\/index.php\/wp-json\/wp\/v2\/tags?post=14510"}],"curies":[{"name":"wp","href":"https:\/\/api.w.org\/{rel}","templated":true}]}}