{"id":14517,"date":"2026-09-03T11:03:29","date_gmt":"2026-09-03T16:03:29","guid":{"rendered":"https:\/\/elchiq.com\/?p=14517"},"modified":"2026-09-03T11:03:29","modified_gmt":"2026-09-03T16:03:29","slug":"el-nino-alcanzara-un-punto-critico-y-llegara-hasta-febrero-pronostico-de-la-omm-paises-afectados-y-consecuencias","status":"publish","type":"post","link":"https:\/\/elchiq.com\/index.php\/2026\/09\/03\/el-nino-alcanzara-un-punto-critico-y-llegara-hasta-febrero-pronostico-de-la-omm-paises-afectados-y-consecuencias\/","title":{"rendered":"El Ni\u00f1o alcanzar\u00e1 un punto cr\u00edtico y llegar\u00e1 hasta febrero: pron\u00f3stico de la OMM, pa\u00edses afectados y consecuencias"},"content":{"rendered":"\n<p class=\"wp-block-paragraph\">El episodio amenaza con intensificar las sequ\u00edas, inundaciones y olas de calor en distintas regiones del planeta.<\/p>\n\n\n\n<figure class=\"wp-block-image size-full is-resized\"><img loading=\"lazy\" decoding=\"async\" width=\"780\" height=\"565\" src=\"https:\/\/elchiq.com\/wp-content\/uploads\/2026\/09\/image-15.png\" alt=\"\" class=\"wp-image-14518\" style=\"width:948px;height:auto\" srcset=\"https:\/\/elchiq.com\/wp-content\/uploads\/2026\/09\/image-15.png 780w, https:\/\/elchiq.com\/wp-content\/uploads\/2026\/09\/image-15-300x217.png 300w, https:\/\/elchiq.com\/wp-content\/uploads\/2026\/09\/image-15-768x556.png 768w\" sizes=\"auto, (max-width: 780px) 100vw, 780px\" \/><\/figure>\n\n\n\n<p class=\"wp-block-paragraph\">Por: redacci\u00f3n El Colombiano y elchiq.com<a href=\"https:\/\/www.google.com\/search?q=elchiq&amp;oq=elch&amp;gs_lcrp=EgZjaHJvbWUqDggAEEUYJxg7GIAEGIoFMg4IABBFGCcYOxiABBiKBTIPCAEQLhhDGLEDGIAEGIoFMg8IAhAuGEMYsQMYgAQYigUyBggDEEUYOTIHCAQQABiABDIHCAUQLhiABDIHCAYQABiABDIHCAcQABiABDIJCAgQABgKGIAEMgkICRAAGAoYgATSAQoxNjkwNWowajE1qAIMsAIB8QWjlxl85iD_VA&amp;sourceid=chrome&amp;ie=UTF-8\">https:\/\/www.google.com\/search?q=elchiq&amp;oq=elch&amp;gs_l<\/a><\/p>\n\n\n\n<p class=\"wp-block-paragraph\"><strong>El fen\u00f3meno de El Ni\u00f1o se intensificar\u00e1 durante los pr\u00f3ximos meses hasta alcanzar una intensidad considerada \u201cmuy fuerte\u201d<\/strong>&nbsp;y podr\u00eda convertirse en uno de los episodios m\u00e1s extremos observados desde que comenz\u00f3 su monitoreo hace cuatro d\u00e9cadas, advirti\u00f3 este jueves la Organizaci\u00f3n Meteorol\u00f3gica Mundial (OMM), organismo especializado de Naciones Unidas.<\/p>\n\n\n\n<p class=\"wp-block-paragraph\">De acuerdo con las proyecciones,&nbsp;<strong>el fen\u00f3meno alcanzar\u00e1 su punto m\u00e1ximo hacia finales de 2026,<\/strong>&nbsp;aunque sus efectos sobre las temperaturas y las precipitaciones podr\u00edan prolongarse hasta bien entrado 2027.<strong>&nbsp;La OMM calcula, adem\u00e1s, que existe una probabilidad extraordinariamente alta, cercana al 100%,<\/strong>&nbsp;de que las condiciones de El Ni\u00f1o persistan al menos hasta febrero del pr\u00f3ximo a\u00f1o.<\/p>\n\n\n\n<figure class=\"wp-block-image size-large\"><img loading=\"lazy\" decoding=\"async\" width=\"1024\" height=\"791\" src=\"https:\/\/elchiq.com\/wp-content\/uploads\/2026\/09\/Pub-inm-nuevo-5-1024x791.jpg\" alt=\"\" class=\"wp-image-14519\" srcset=\"https:\/\/elchiq.com\/wp-content\/uploads\/2026\/09\/Pub-inm-nuevo-5-1024x791.jpg 1024w, https:\/\/elchiq.com\/wp-content\/uploads\/2026\/09\/Pub-inm-nuevo-5-300x232.jpg 300w, https:\/\/elchiq.com\/wp-content\/uploads\/2026\/09\/Pub-inm-nuevo-5-767x593.jpg 767w, https:\/\/elchiq.com\/wp-content\/uploads\/2026\/09\/Pub-inm-nuevo-5-1536x1187.jpg 1536w, https:\/\/elchiq.com\/wp-content\/uploads\/2026\/09\/Pub-inm-nuevo-5.jpg 1650w\" sizes=\"auto, (max-width: 1024px) 100vw, 1024px\" \/><\/figure>\n\n\n\n<p class=\"wp-block-paragraph\">\u201cEl Ni\u00f1o est\u00e1 claramente establecido y se intensificar\u00e1 hasta convertirse en un fen\u00f3meno muy fuerte en los pr\u00f3ximos meses\u201d, se\u00f1al\u00f3 la agencia de la ONU, que&nbsp;<strong>alert\u00f3 sobre un aumento de los riesgos asociados a inundaciones, sequ\u00edas y calor extremo<\/strong>.<\/p>\n\n\n\n<p class=\"wp-block-paragraph\">La secretaria general de la OMM, la argentina Celeste Saulo, explic\u00f3 que la magnitud prevista para este episodio genera especial preocupaci\u00f3n por sus posibles efectos sobre las comunidades y las econom\u00edas. Seg\u00fan la funcionaria,&nbsp;<strong>el fen\u00f3meno podr\u00eda ser m\u00e1s potente que cualquier otro registrado desde que se inici\u00f3 el seguimiento sistem\u00e1tico de estos eventos.<\/strong><\/p>\n\n\n\n<p class=\"wp-block-paragraph\"><strong>\u00bfQu\u00e9 es el fen\u00f3meno de El Ni\u00f1o y cu\u00e1les son las proyecciones de la OMM para los pr\u00f3ximos meses?<\/strong><\/p>\n\n\n\n<p class=\"wp-block-paragraph\">El Ni\u00f1o es un fen\u00f3meno clim\u00e1tico natural que se caracteriza por un calentamiento an\u00f3malo de las aguas superficiales del Pac\u00edfico ecuatorial central y oriental.&nbsp;<strong>Este cambio altera los patrones de circulaci\u00f3n atmosf\u00e9rica y puede modificar las condiciones de&nbsp;<\/strong><strong><a href=\"https:\/\/www.elcolombiano.com\/cronologia\/noticias\/meta\/lluvia\" target=\"_blank\" rel=\"noopener\">lluvia<\/a><\/strong>&nbsp;y temperatura a miles de kil\u00f3metros de distancia.<\/p>\n\n\n\n<figure class=\"wp-block-image size-large\"><img loading=\"lazy\" decoding=\"async\" width=\"1024\" height=\"791\" src=\"https:\/\/elchiq.com\/wp-content\/uploads\/2026\/09\/Pub-Santa-Barbara-5-1024x791.jpg\" alt=\"\" class=\"wp-image-14520\" srcset=\"https:\/\/elchiq.com\/wp-content\/uploads\/2026\/09\/Pub-Santa-Barbara-5-1024x791.jpg 1024w, https:\/\/elchiq.com\/wp-content\/uploads\/2026\/09\/Pub-Santa-Barbara-5-300x232.jpg 300w, https:\/\/elchiq.com\/wp-content\/uploads\/2026\/09\/Pub-Santa-Barbara-5-767x593.jpg 767w, https:\/\/elchiq.com\/wp-content\/uploads\/2026\/09\/Pub-Santa-Barbara-5-1536x1187.jpg 1536w, https:\/\/elchiq.com\/wp-content\/uploads\/2026\/09\/Pub-Santa-Barbara-5.jpg 1650w\" sizes=\"auto, (max-width: 1024px) 100vw, 1024px\" \/><\/figure>\n\n\n\n<p class=\"wp-block-paragraph\">Los registros recientes muestran la intensidad de este calentamiento. Entre mayo y julio, la temperatura de la superficie del mar en la zona utilizada para medir el fen\u00f3meno se ubic\u00f3, en promedio,&nbsp;<strong>1,5 grados Celsius por encima de lo normal<\/strong>. Sin embargo,&nbsp;<strong>entre finales de julio y mediados de agosto, los valores semanales llegaron a entre 2,2 y 2,6 grados adicionales.<\/strong><\/p>\n\n\n\n<p class=\"wp-block-paragraph\">La situaci\u00f3n es todav\u00eda m\u00e1s llamativa bajo la superficie del oc\u00e9ano. En algunas \u00e1reas del Pac\u00edfico,<strong>&nbsp;las temperaturas llegaron a superar en m\u00e1s de 8 grados Celsius&nbsp;<\/strong>los valores habituales durante julio y comienzos de agosto, debido a la acumulaci\u00f3n excepcional de calor.<\/p>\n\n\n\n<figure class=\"wp-block-image size-large\"><img loading=\"lazy\" decoding=\"async\" width=\"633\" height=\"1024\" src=\"https:\/\/elchiq.com\/wp-content\/uploads\/2026\/09\/Pub-Risaton-4-633x1024.jpg\" alt=\"\" class=\"wp-image-14521\" srcset=\"https:\/\/elchiq.com\/wp-content\/uploads\/2026\/09\/Pub-Risaton-4-633x1024.jpg 633w, https:\/\/elchiq.com\/wp-content\/uploads\/2026\/09\/Pub-Risaton-4-185x300.jpg 185w, https:\/\/elchiq.com\/wp-content\/uploads\/2026\/09\/Pub-Risaton-4-768x1242.jpg 768w, https:\/\/elchiq.com\/wp-content\/uploads\/2026\/09\/Pub-Risaton-4.jpg 791w\" sizes=\"auto, (max-width: 633px) 100vw, 633px\" \/><\/figure>\n\n\n\n<p class=\"wp-block-paragraph\">Los efectos ya se sienten en diferentes regiones. En Am\u00e9rica Latina,&nbsp;<strong>Panam\u00e1 y El Salvador<\/strong>&nbsp;<strong>han declarado emergencias relacionadas con las condiciones provocadas por&nbsp;<\/strong><strong><a href=\"https:\/\/www.elcolombiano.com\/cronologia\/noticias\/meta\/fenomeno-del-nino\" target=\"_blank\" rel=\"noopener\">El Ni\u00f1o<\/a><\/strong><strong>,&nbsp;<\/strong>mientras Ecuador elev\u00f3 su nivel de alerta ante la intensificaci\u00f3n del fen\u00f3meno. En Panam\u00e1, incluso, las condiciones clim\u00e1ticas han obligado a reducir el tr\u00e1nsito de embarcaciones por el Canal.<\/p>\n\n\n\n<p class=\"wp-block-paragraph\">En otras partes del mundo tambi\u00e9n aumenta la preocupaci\u00f3n. Algunas zonas de Centroam\u00e9rica enfrentan sequ\u00edas y escasez de agua que afectan los cultivos, mientras India registra alteraciones en su temporada de monzones.&nbsp;<strong>El Ni\u00f1o tambi\u00e9n puede favorecer condiciones de sequ\u00eda en sectores de la Amazon\u00eda, Australia e Indonesia<\/strong>, y provocar lluvias intensas, inundaciones y deslizamientos en otras regiones.<\/p>\n\n\n\n<p class=\"wp-block-paragraph\">La ONU advirti\u00f3 que el impacto puede extenderse a la&nbsp;<strong>agricultura, el suministro de agua, la energ\u00eda y la&nbsp;<\/strong><strong><a href=\"https:\/\/www.elcolombiano.com\/cronologia\/noticias\/meta\/salud\" target=\"_blank\" rel=\"noopener\">salud<\/a><\/strong>, con consecuencias econ\u00f3micas para millones de personas.<\/p>\n\n\n\n<figure class=\"wp-block-image size-full\"><img loading=\"lazy\" decoding=\"async\" width=\"512\" height=\"640\" src=\"https:\/\/elchiq.com\/wp-content\/uploads\/2026\/09\/pUB-mINUTO-COL-5.jpg\" alt=\"\" class=\"wp-image-14522\" srcset=\"https:\/\/elchiq.com\/wp-content\/uploads\/2026\/09\/pUB-mINUTO-COL-5.jpg 512w, https:\/\/elchiq.com\/wp-content\/uploads\/2026\/09\/pUB-mINUTO-COL-5-240x300.jpg 240w\" sizes=\"auto, (max-width: 512px) 100vw, 512px\" \/><\/figure>\n\n\n\n<p class=\"wp-block-paragraph\"><a href=\"https:\/\/www.elcolombiano.com\/colombia\/tribunal-suspende-convenios-nuevo-modelo-pasaportes-colombia-GC40607364\"><\/a><\/p>\n\n\n\n<p class=\"wp-block-paragraph\">\u201cEl mundo se encuentra en la zona de peligro del clima extremo\u201d, afirm\u00f3 el secretario general de&nbsp;<a href=\"https:\/\/www.elcolombiano.com\/cronologia\/noticias\/meta\/naciones-unidas\" target=\"_blank\" rel=\"noopener\">Naciones Unidas<\/a>, Ant\u00f3nio Guterres, al advertir que el calentamiento de los oc\u00e9anos est\u00e1 agravando los riesgos asociados al fen\u00f3meno.<\/p>\n\n\n\n<p class=\"wp-block-paragraph\">Para consultar contenido pr\u00e9mium o profundizar sobre sus temas de inter\u00e9s de Medell\u00edn, Antioquia, Colombia y el mundo,<a href=\"https:\/\/suscriptores.elcolombiano.com\/App_Pages\/publico\/RegistroDigital.aspx?utm_source=referral&amp;utm_medium=el_colombiano&amp;utm_campaign=notas_text\">&nbsp;reg\u00edstrese aqu\u00ed<\/a>.<\/p>\n\n\n\n<p class=\"wp-block-paragraph\"><strong><u>Bloque de preguntas y respuestas<\/u><\/strong><\/p>\n\n\n\n<p class=\"wp-block-paragraph\"><strong>\u00bfCu\u00e1ndo alcanzar\u00e1 su punto m\u00e1ximo el fen\u00f3meno de El Ni\u00f1o y cu\u00e1nto durar\u00e1?<\/strong><\/p>\n\n\n\n<p class=\"wp-block-paragraph\">El fen\u00f3meno de El Ni\u00f1o alcanzar\u00e1 su pico de intensidad hacia finales de 2026. Seg\u00fan la Organizaci\u00f3n Meteorol\u00f3gica Mundial, existe casi un 100 % de probabilidad de que sus efectos clim\u00e1ticos extremos se prolonguen al menos hasta febrero de 2027.<\/p>\n\n\n\n<p class=\"wp-block-paragraph\"><strong>\u00bfPor qu\u00e9 El Ni\u00f1o 2026 puede provocar m\u00e1s sequ\u00edas, inundaciones y calor extremo?<\/strong><\/p>\n\n\n\n<p class=\"wp-block-paragraph\">El calentamiento del Pac\u00edfico modifica los patrones de circulaci\u00f3n atmosf\u00e9rica y redistribuye las lluvias y temperaturas. Por eso, El Ni\u00f1o puede generar sequ\u00edas en unas regiones, lluvias intensas en otras y favorecer episodios de calor extremo.<\/p>\n\n\n\n<p class=\"wp-block-paragraph\"><strong>\u00bfC\u00f3mo afectar\u00e1 el fen\u00f3meno de El Ni\u00f1o a los pa\u00edses de Am\u00e9rica Latina?<\/strong><\/p>\n\n\n\n<p class=\"wp-block-paragraph\">El fen\u00f3meno provocar\u00e1 sequ\u00edas graves y escasez de agua en Centroam\u00e9rica, afectando la agricultura y el tr\u00e1nsito en el Canal de Panam\u00e1. En otras zonas del continente, incrementar\u00e1 el riesgo de lluvias intensas, inundaciones, olas de calor y deslizamientos de tierra.<\/p>\n\n\n\n<p class=\"wp-block-paragraph\">Lea tambi\u00e9n: entre escombros y esperanza: los rescates que conmueven a Colombia tras el terremoto&nbsp;<a href=\"https:\/\/elchiq.com\/index.php\/2026\/08\/13\/entre-escombros-y-esperanza-los-rescates-que-conmueven-a-colombia-tras-el-terremoto\/\">https:\/\/elchiq.com\/index.php\/2026\/08\/13\/entre-escombros-y-esperanza-los-rescates-que-conmueven-a-colombia-tras-el-terremoto\/<\/a><\/p>\n\n\n\n<p class=\"wp-block-paragraph\">www.elchiq.com https:\/\/www.google.com\/search?q=elchiq&amp;oq=elch&amp;gs_l<\/p>\n\n\n\n<p class=\"wp-block-paragraph\">Escuche la decembrina: https:\/\/ladecembrina.radio12345com\/google_vignette<\/p>\n\n\n\n<p class=\"wp-block-paragraph\">S\u00edganos en Facebook, Instagram, Telegram, Twitch, Discord, Linkedin, Flipboard, Mastodon,YouTube, X, Spotify, TikTok, Bluesky y nuestro canal de WhatsApp, para que reciba noticias de \u00faltima hora y m\u00e1s contenidos<\/p>\n","protected":false},"excerpt":{"rendered":"<p>El episodio amenaza con intensificar las sequ\u00edas, inundaciones y olas de calor en distintas regiones del planeta. Por: redacci\u00f3n El Colombiano y elchiq.comhttps:\/\/www.google.com\/search?q=elchiq&amp;oq=elch&amp;gs_l El fen\u00f3meno de El Ni\u00f1o se intensificar\u00e1 durante los pr\u00f3ximos meses hasta alcanzar una intensidad considerada \u201cmuy fuerte\u201d&nbsp;y podr\u00eda convertirse en uno de los episodios m\u00e1s extremos observados desde que comenz\u00f3 su [&hellip;]<\/p>\n","protected":false},"author":2,"featured_media":0,"comment_status":"closed","ping_status":"closed","sticky":false,"template":"","format":"standard","meta":{"footnotes":""},"categories":[1],"tags":[],"class_list":["post-14517","post","type-post","status-publish","format-standard","hentry","category-uncategorized"],"_links":{"self":[{"href":"https:\/\/elchiq.com\/index.php\/wp-json\/wp\/v2\/posts\/14517","targetHints":{"allow":["GET"]}}],"collection":[{"href":"https:\/\/elchiq.com\/index.php\/wp-json\/wp\/v2\/posts"}],"about":[{"href":"https:\/\/elchiq.com\/index.php\/wp-json\/wp\/v2\/types\/post"}],"author":[{"embeddable":true,"href":"https:\/\/elchiq.com\/index.php\/wp-json\/wp\/v2\/users\/2"}],"replies":[{"embeddable":true,"href":"https:\/\/elchiq.com\/index.php\/wp-json\/wp\/v2\/comments?post=14517"}],"version-history":[{"count":1,"href":"https:\/\/elchiq.com\/index.php\/wp-json\/wp\/v2\/posts\/14517\/revisions"}],"predecessor-version":[{"id":14523,"href":"https:\/\/elchiq.com\/index.php\/wp-json\/wp\/v2\/posts\/14517\/revisions\/14523"}],"wp:attachment":[{"href":"https:\/\/elchiq.com\/index.php\/wp-json\/wp\/v2\/media?parent=14517"}],"wp:term":[{"taxonomy":"category","embeddable":true,"href":"https:\/\/elchiq.com\/index.php\/wp-json\/wp\/v2\/categories?post=14517"},{"taxonomy":"post_tag","embeddable":true,"href":"https:\/\/elchiq.com\/index.php\/wp-json\/wp\/v2\/tags?post=14517"}],"curies":[{"name":"wp","href":"https:\/\/api.w.org\/{rel}","templated":true}]}}