{"id":14532,"date":"2026-09-04T02:27:12","date_gmt":"2026-09-04T07:27:12","guid":{"rendered":"https:\/\/elchiq.com\/?p=14532"},"modified":"2026-09-04T02:27:12","modified_gmt":"2026-09-04T07:27:12","slug":"la-apuesta-de-de-la-espriella-con-la-nueva-ministra-de-educacion-ilva-myriam-hoyos-debatida-por-sus-batallas-religiosas","status":"publish","type":"post","link":"https:\/\/elchiq.com\/index.php\/2026\/09\/04\/la-apuesta-de-de-la-espriella-con-la-nueva-ministra-de-educacion-ilva-myriam-hoyos-debatida-por-sus-batallas-religiosas\/","title":{"rendered":"La apuesta de De la Espriella con la nueva ministra de Educaci\u00f3n Ilva Myriam Hoyos, debatida por sus batallas religiosas"},"content":{"rendered":"\n<p class=\"wp-block-paragraph\">Sale Viviane Morales por motivos personales. Hoyos fue procuradora delegada de Alejandro Ordo\u00f1ez. \u00bfQu\u00e9 hay detr\u00e1s?<\/p>\n\n\n\n<figure class=\"wp-block-image size-full is-resized\"><img loading=\"lazy\" decoding=\"async\" width=\"780\" height=\"565\" src=\"https:\/\/elchiq.com\/wp-content\/uploads\/2026\/09\/image-16.png\" alt=\"\" class=\"wp-image-14536\" style=\"width:940px;height:auto\" srcset=\"https:\/\/elchiq.com\/wp-content\/uploads\/2026\/09\/image-16.png 780w, https:\/\/elchiq.com\/wp-content\/uploads\/2026\/09\/image-16-300x217.png 300w, https:\/\/elchiq.com\/wp-content\/uploads\/2026\/09\/image-16-768x556.png 768w\" sizes=\"auto, (max-width: 780px) 100vw, 780px\" \/><\/figure>\n\n\n\n<p class=\"wp-block-paragraph\">Por: redacci\u00f3n El Colombiano y elchiq.com<a href=\"https:\/\/www.google.com\/search?q=elchiq&amp;oq=elch&amp;gs_lcrp=EgZjaHJvbWUqDggAEEUYJxg7GIAEGIoFMg4IABBFGCcYOxiABBiKBTIPCAEQLhhDGLEDGIAEGIoFMg8IAhAuGEMYsQMYgAQYigUyBggDEEUYOTIHCAQQABiABDIHCAUQLhiABDIHCAYQABiABDIHCAcQABiABDIJCAgQABgKGIAEMgkICRAAGAoYgATSAQoxNjkwNWowajE1qAIMsAIB8QWjlxl85iD_VA&amp;sourceid=chrome&amp;ie=UTF-8\">https:\/\/www.google.com\/search?q=elchiq&amp;oq=elch&amp;gs_l<\/a><\/p>\n\n\n\n<p class=\"wp-block-paragraph\">De manera sorpresiva, el presidente Abelardo De la Espriella anunci\u00f3 anoche que la ministra de Educaci\u00f3n ya no ser\u00e1 m\u00e1s Viviane Morales sino la abogada Ilva Myriam Hoyos.<\/p>\n\n\n\n<p class=\"wp-block-paragraph\">\u201cDespido con nostalgia a mi querida amiga Viviane Morales. Los designios de Dios son insondables y debe dejarnos tempranamente para estar al frente de una situaci\u00f3n personal que deseo, de todo coraz\u00f3n, pueda resolver muy pronto\u201d, afirm\u00f3.<\/p>\n\n\n\n<p class=\"wp-block-paragraph\">El jefe de Estado agreg\u00f3 que \u201cViviane se va con mi gratitud, mi afecto y mis oraciones. Las puertas de este Gobierno y de mi amistad siempre estar\u00e1n abiertas para ella. Hasta pronto, querida Viviane. Bienvenida, ministra Ilva Myriam. Que Dios las bendiga a ambas y las acompa\u00f1e siempre\u201d.<\/p>\n\n\n\n<figure class=\"wp-block-image size-full\"><img loading=\"lazy\" decoding=\"async\" width=\"495\" height=\"619\" src=\"https:\/\/elchiq.com\/wp-content\/uploads\/2026\/09\/Pub-Abaco-terremoto-2026-14.jpg\" alt=\"\" class=\"wp-image-14537\" srcset=\"https:\/\/elchiq.com\/wp-content\/uploads\/2026\/09\/Pub-Abaco-terremoto-2026-14.jpg 495w, https:\/\/elchiq.com\/wp-content\/uploads\/2026\/09\/Pub-Abaco-terremoto-2026-14-240x300.jpg 240w\" sizes=\"auto, (max-width: 495px) 100vw, 495px\" \/><\/figure>\n\n\n\n<p class=\"wp-block-paragraph\">Hoyos fue procuradora delegada para la Defensa de los Derechos de la Infancia, la Adolescencia y la Familia en la era de Alejandro Ord\u00f3\u00f1ez, reci\u00e9n nombrado embajador de Colombia ante la OEA. Ilva era parte del Consejo de Protecci\u00f3n de Ni\u00f1os y Personas Vulnerables de la Conferencia Episcopal de Colombia.<\/p>\n\n\n\n<p class=\"wp-block-paragraph\">Ord\u00f3\u00f1ez fue procurador general entre 2009 y 2016, tras ser reelegido para un segundo periodo en 2012. Sali\u00f3 del cargo el 7 de septiembre de 2016 debido a que el Consejo de Estado declar\u00f3 nula su reelecci\u00f3n.<\/p>\n\n\n\n<p class=\"wp-block-paragraph\">La nueva ministra es abogada y doctora en Derecho de la Universidad de Navarra. Tambi\u00e9n curs\u00f3 estudios en derechos humanos en la Universidad Complutense de Madrid y en el Instituto Interamericano de Derechos Humanos, en Costa Rica.<\/p>\n\n\n\n<p class=\"wp-block-paragraph\">Fue jefe de la Oficina Jur\u00eddica de Inravisi\u00f3n y asistente de la Viceprocuradur\u00eda General de la Naci\u00f3n. Posteriormente, se desempe\u00f1\u00f3 como directora del Instituto de Humanidades y decana de la Facultad de Derecho de la Universidad de La Sabana, donde tambi\u00e9n ha ejercido como profesora e investigadora y ha dirigido las revistas Pensamiento y Cultura y D\u00edkaion.<\/p>\n\n\n\n<p class=\"wp-block-paragraph\"><strong>Posiciones pol\u00e9micas<\/strong><\/p>\n\n\n\n<p class=\"wp-block-paragraph\">Su trayectoria tambi\u00e9n ha estado marcada por posiciones controvertidas frente a los derechos sexuales y reproductivos de las mujeres. La nueva integrante del gabinete \u201clibr\u00f3 una batalla\u201d contra mujeres que, durante la d\u00e9cada pasada, defendieron el derecho al aborto en las circunstancias excepcionales permitidas por la Corte Constitucional.<\/p>\n\n\n\n<p class=\"wp-block-paragraph\">Uno de los episodios m\u00e1s recordados ocurri\u00f3 alrededor de la Cl\u00ednica de la Mujer en Medell\u00edn. Hoyos cuestion\u00f3 el funcionamiento del centro durante la administraci\u00f3n del entonces alcalde Alonso Salazar, al considerar que pod\u00eda incentivar la pr\u00e1ctica del aborto, pese a que la interrupci\u00f3n del embarazo estaba despenalizada en Colombia bajo las tres causales establecidas por la Corte.<\/p>\n\n\n\n<p class=\"wp-block-paragraph\">Tambi\u00e9n emprendi\u00f3 acciones contra la activista M\u00f3nica Roa y los magistrados del alto tribunal por actuaciones relacionadas con los derechos sexuales y reproductivos.<\/p>\n\n\n\n<p class=\"wp-block-paragraph\">Hoyos adem\u00e1s denunci\u00f3 penalmente a M\u00f3nica Roa, quien lider\u00f3 desde el activismo el proceso que buscaba que la Corte Constitucional levantara la prohibici\u00f3n del aborto.<\/p>\n\n\n\n<p class=\"wp-block-paragraph\">La denuncia estuvo relacionada con una acci\u00f3n de tutela presentada por Roa junto con otras 1.200 mujeres, mediante la cual cuestionaban que la Procuradur\u00eda estuviera vulnerando el derecho de las mujeres a recibir informaci\u00f3n sobre sus derechos sexuales y reproductivos.<\/p>\n\n\n\n<figure class=\"wp-block-image size-large\"><img loading=\"lazy\" decoding=\"async\" width=\"1024\" height=\"791\" src=\"https:\/\/elchiq.com\/wp-content\/uploads\/2026\/09\/Pub-Santa-Barbara-7-1024x791.jpg\" alt=\"\" class=\"wp-image-14539\" srcset=\"https:\/\/elchiq.com\/wp-content\/uploads\/2026\/09\/Pub-Santa-Barbara-7-1024x791.jpg 1024w, https:\/\/elchiq.com\/wp-content\/uploads\/2026\/09\/Pub-Santa-Barbara-7-300x232.jpg 300w, https:\/\/elchiq.com\/wp-content\/uploads\/2026\/09\/Pub-Santa-Barbara-7-767x593.jpg 767w, https:\/\/elchiq.com\/wp-content\/uploads\/2026\/09\/Pub-Santa-Barbara-7-1536x1187.jpg 1536w, https:\/\/elchiq.com\/wp-content\/uploads\/2026\/09\/Pub-Santa-Barbara-7.jpg 1650w\" sizes=\"auto, (max-width: 1024px) 100vw, 1024px\" \/><\/figure>\n\n\n\n<p class=\"wp-block-paragraph\">Durante su paso por la Procuradur\u00eda, Hoyos tambi\u00e9n impugn\u00f3 la sentencia de la Corte Constitucional que reconoci\u00f3 el matrimonio entre parejas del mismo sexo.<\/p>\n\n\n\n<p class=\"wp-block-paragraph\">En una columna de opini\u00f3n del 13 de julio de 2012, en la revista&nbsp;<em>Semana<\/em>, la periodista Mar\u00eda Jimena Duz\u00e1n mencion\u00f3 que Hoyos, como procuradora delegada para la familia, se caracterizaba \u201cpor imponer su credo religioso por encima de las sentencias de la Corte Constitucional\u201d.<\/p>\n\n\n\n<p class=\"wp-block-paragraph\">Adem\u00e1s, la se\u00f1al\u00f3 de extralimitarse de \u201csus funciones\u201d y que \u201ccerr\u00f3 la Cl\u00ednica de la Mujer del entonces alcalde de Medell\u00edn Alonso Salazar, por considerar que eso incentivaba a las mujeres a la pr\u00e1ctica del aborto, a sabiendas de que la ley lo permite en tres casos espec\u00edficos\u201d.<\/p>\n\n\n\n<p class=\"wp-block-paragraph\">Otro episodio que marc\u00f3 su paso por el Ministerio P\u00fablico tuvo como protagonistas a los magistrados de la Corte Constitucional Humberto Sierra Porto y Luis Ernesto Vargas.<\/p>\n\n\n\n<p class=\"wp-block-paragraph\"><strong>La funcionaria los denunci\u00f3 penalmente a ra\u00edz de una decisi\u00f3n relacionada con una mujer que hab\u00eda solicitado la interrupci\u00f3n&nbsp;<\/strong>de su embarazo bajo una de las causales permitidas por la legislaci\u00f3n colombiana.<\/p>\n\n\n\n<p class=\"wp-block-paragraph\">La mujer finalmente interrumpi\u00f3 su embarazo y la Corte consider\u00f3 necesario adoptar medidas frente a las barreras que hab\u00eda encontrado para acceder al procedimiento. Entre esas decisiones estuvo la orden de investigar la actuaci\u00f3n de las EPS involucradas y solicitar a la Procuradur\u00eda una labor pedag\u00f3gica sobre las circunstancias en las que el aborto estaba permitido en Colombia.<\/p>\n\n\n\n<figure class=\"wp-block-image size-full\"><img loading=\"lazy\" decoding=\"async\" width=\"300\" height=\"250\" src=\"https:\/\/elchiq.com\/wp-content\/uploads\/2026\/09\/Pub-Ncki-jam.jpg\" alt=\"\" class=\"wp-image-14538\" \/><\/figure>\n\n\n\n<p class=\"wp-block-paragraph\">La respuesta de Hoyos fue diferente. En lugar de limitarse a acatar esa orientaci\u00f3n, present\u00f3 una denuncia penal contra los magistrados Sierra Porto y Vargas, cuestionando que no hubieran puesto en conocimiento de las autoridades la interrupci\u00f3n del embarazo realizada por la mujer.<\/p>\n\n\n\n<p class=\"wp-block-paragraph\"><strong><em>Para consultar contenido premium o profundizar sobre sus temas de inter\u00e9s de Medell\u00edn, Antioquia, Colombia y el Mundo,&nbsp;<\/em><\/strong><strong><em><a href=\"https:\/\/suscriptores.elcolombiano.com\/App_Pages\/publico\/RegistroDigital.aspx?utm_source=referral&amp;utm_medium=el_colombiano&amp;utm_campaign=notas_text\" target=\"_blank\" rel=\"noopener\">reg\u00edstrese aqu\u00ed<\/a><\/em><\/strong><strong><em>.<\/em><\/strong><\/p>\n\n\n\n<p class=\"wp-block-paragraph\"><strong>Preguntas y respuestas<\/strong><\/p>\n\n\n\n<p class=\"wp-block-paragraph\"><strong>\u00bfQui\u00e9n es Ilva Myriam Hoyos Casta\u00f1eda, nueva ministra de Educaci\u00f3n?<\/strong><\/p>\n\n\n\n<p class=\"wp-block-paragraph\">Ilva Myriam Hoyos Casta\u00f1eda es una abogada y doctora en Derecho que ha trabajado en el sector p\u00fablico y la academia y que fue nombrada ministra de Educaci\u00f3n por el presidente Abelardo De la Espriella en reemplazo de Viviane Morales.<\/p>\n\n\n\n<p class=\"wp-block-paragraph\"><strong>\u00bfQu\u00e9 cargos ocup\u00f3 Ilva Myriam Hoyos durante la administraci\u00f3n de Alejandro Ord\u00f3\u00f1ez?<\/strong><\/p>\n\n\n\n<p class=\"wp-block-paragraph\">Hoyos fue procuradora delegada para la Defensa de los Derechos de la Infancia, la Adolescencia y la Familia durante la administraci\u00f3n de Alejandro Ord\u00f3\u00f1ez en la Procuradur\u00eda General de la Naci\u00f3n.<\/p>\n\n\n\n<p class=\"wp-block-paragraph\"><strong>\u00bfCu\u00e1l es la posici\u00f3n de Ilva Myriam Hoyos frente al aborto?<\/strong><\/p>\n\n\n\n<p class=\"wp-block-paragraph\">Durante su paso por la Procuradur\u00eda, Hoyos mantuvo una posici\u00f3n cr\u00edtica frente a la interrupci\u00f3n voluntaria del embarazo y cuestion\u00f3 decisiones de la Corte Constitucional relacionadas con el aborto y los derechos sexuales y reproductivos.<\/p>\n\n\n\n<figure class=\"wp-block-image size-large is-resized\"><img loading=\"lazy\" decoding=\"async\" width=\"1024\" height=\"791\" src=\"https:\/\/elchiq.com\/wp-content\/uploads\/2026\/09\/pUB-PREFABRICADA-1-1024x791.jpg\" alt=\"\" class=\"wp-image-14540\" style=\"aspect-ratio:1.2945706666666668;width:450px;height:auto\" srcset=\"https:\/\/elchiq.com\/wp-content\/uploads\/2026\/09\/pUB-PREFABRICADA-1-1024x791.jpg 1024w, https:\/\/elchiq.com\/wp-content\/uploads\/2026\/09\/pUB-PREFABRICADA-1-300x232.jpg 300w, https:\/\/elchiq.com\/wp-content\/uploads\/2026\/09\/pUB-PREFABRICADA-1-767x593.jpg 767w, https:\/\/elchiq.com\/wp-content\/uploads\/2026\/09\/pUB-PREFABRICADA-1-1536x1187.jpg 1536w, https:\/\/elchiq.com\/wp-content\/uploads\/2026\/09\/pUB-PREFABRICADA-1.jpg 1650w\" sizes=\"auto, (max-width: 1024px) 100vw, 1024px\" \/><\/figure>\n\n\n\n<p class=\"wp-block-paragraph\"><strong>\u00bfPor qu\u00e9 Ilva Myriam Hoyos fue una figura pol\u00e9mica en la Procuradur\u00eda?<\/strong><\/p>\n\n\n\n<p class=\"wp-block-paragraph\">Su gesti\u00f3n gener\u00f3 controversia por sus posiciones conservadoras y por actuaciones contra decisiones de la Corte Constitucional y organizaciones o personas defensoras de los derechos sexuales y reproductivos. Sus cr\u00edticos cuestionaron que sus convicciones religiosas influyeran en el ejercicio de sus funciones p\u00fablicas.<\/p>\n\n\n\n<p class=\"wp-block-paragraph\">Lea tambi\u00e9n: entre escombros y esperanza: los rescates que conmueven a Colombia tras el terremoto&nbsp;<a href=\"https:\/\/elchiq.com\/index.php\/2026\/08\/13\/entre-escombros-y-esperanza-los-rescates-que-conmueven-a-colombia-tras-el-terremoto\/\">https:\/\/elchiq.com\/index.php\/2026\/08\/13\/entre-escombros-y-esperanza-los-rescates-que-conmueven-a-colombia-tras-el-terremoto\/<\/a><\/p>\n\n\n\n<p class=\"wp-block-paragraph\">www.elchiq.com https:\/\/www.google.com\/search?q=elchiq&amp;oq=elch&amp;gs_l<\/p>\n\n\n\n<p class=\"wp-block-paragraph\">Escuche la decembrina: https:\/\/ladecembrina.radio12345com\/google_vignette<\/p>\n\n\n\n<p class=\"wp-block-paragraph\">S\u00edganos en Facebook, Instagram, Telegram, Twitch, Discord, Linkedin, Flipboard, Mastodon,YouTube, X, Spotify, TikTok, Bluesky y nuestro canal de WhatsApp, para que reciba noticias de \u00faltima hora y m\u00e1s contenidos<\/p>\n","protected":false},"excerpt":{"rendered":"<p>Sale Viviane Morales por motivos personales. Hoyos fue procuradora delegada de Alejandro Ordo\u00f1ez. \u00bfQu\u00e9 hay detr\u00e1s? Por: redacci\u00f3n El Colombiano y elchiq.comhttps:\/\/www.google.com\/search?q=elchiq&amp;oq=elch&amp;gs_l De manera sorpresiva, el presidente Abelardo De la Espriella anunci\u00f3 anoche que la ministra de Educaci\u00f3n ya no ser\u00e1 m\u00e1s Viviane Morales sino la abogada Ilva Myriam Hoyos. \u201cDespido con nostalgia a mi [&hellip;]<\/p>\n","protected":false},"author":2,"featured_media":0,"comment_status":"closed","ping_status":"closed","sticky":false,"template":"","format":"standard","meta":{"footnotes":""},"categories":[1],"tags":[],"class_list":["post-14532","post","type-post","status-publish","format-standard","hentry","category-uncategorized"],"_links":{"self":[{"href":"https:\/\/elchiq.com\/index.php\/wp-json\/wp\/v2\/posts\/14532","targetHints":{"allow":["GET"]}}],"collection":[{"href":"https:\/\/elchiq.com\/index.php\/wp-json\/wp\/v2\/posts"}],"about":[{"href":"https:\/\/elchiq.com\/index.php\/wp-json\/wp\/v2\/types\/post"}],"author":[{"embeddable":true,"href":"https:\/\/elchiq.com\/index.php\/wp-json\/wp\/v2\/users\/2"}],"replies":[{"embeddable":true,"href":"https:\/\/elchiq.com\/index.php\/wp-json\/wp\/v2\/comments?post=14532"}],"version-history":[{"count":1,"href":"https:\/\/elchiq.com\/index.php\/wp-json\/wp\/v2\/posts\/14532\/revisions"}],"predecessor-version":[{"id":14541,"href":"https:\/\/elchiq.com\/index.php\/wp-json\/wp\/v2\/posts\/14532\/revisions\/14541"}],"wp:attachment":[{"href":"https:\/\/elchiq.com\/index.php\/wp-json\/wp\/v2\/media?parent=14532"}],"wp:term":[{"taxonomy":"category","embeddable":true,"href":"https:\/\/elchiq.com\/index.php\/wp-json\/wp\/v2\/categories?post=14532"},{"taxonomy":"post_tag","embeddable":true,"href":"https:\/\/elchiq.com\/index.php\/wp-json\/wp\/v2\/tags?post=14532"}],"curies":[{"name":"wp","href":"https:\/\/api.w.org\/{rel}","templated":true}]}}