{"id":14543,"date":"2026-09-04T02:40:33","date_gmt":"2026-09-04T07:40:33","guid":{"rendered":"https:\/\/elchiq.com\/?p=14543"},"modified":"2026-09-04T02:40:33","modified_gmt":"2026-09-04T07:40:33","slug":"la-empresa-de-licores-de-cundinamarca-ya-ha-producido-mas-de-77-millones-de-botellas-para-meta-y-narino","status":"publish","type":"post","link":"https:\/\/elchiq.com\/index.php\/2026\/09\/04\/la-empresa-de-licores-de-cundinamarca-ya-ha-producido-mas-de-77-millones-de-botellas-para-meta-y-narino\/","title":{"rendered":"La Empresa de Licores de Cundinamarca ya ha producido m\u00e1s de 7,7 millones de botellas para Meta y Nari\u00f1o"},"content":{"rendered":"\n<p class=\"wp-block-paragraph\"><em>La ELC aprovecha la capacidad instalada de su planta para fabricar cinco referencias de aguardiente para otras licoreras departamentales. La maquila abre una l\u00ednea de negocio que genera ingresos a partir de la infraestructura y el conocimiento t\u00e9cnico de la empresa p\u00fablica.<\/em><\/p>\n\n\n\n<figure class=\"wp-block-image size-full\"><img loading=\"lazy\" decoding=\"async\" width=\"740\" height=\"625\" src=\"https:\/\/elchiq.com\/wp-content\/uploads\/2026\/09\/Pub-licorera-de-cundinamarca-2.jpg\" alt=\"\" class=\"wp-image-14544\" srcset=\"https:\/\/elchiq.com\/wp-content\/uploads\/2026\/09\/Pub-licorera-de-cundinamarca-2.jpg 740w, https:\/\/elchiq.com\/wp-content\/uploads\/2026\/09\/Pub-licorera-de-cundinamarca-2-300x253.jpg 300w\" sizes=\"auto, (max-width: 740px) 100vw, 740px\" \/><\/figure>\n\n\n\n<p class=\"wp-block-paragraph\">Por: redacci\u00f3n Gobernaci\u00f3n de Cundinamarca y elchiq.com<a href=\"https:\/\/www.google.com\/search?q=elchiq&amp;oq=elch&amp;gs_lcrp=EgZjaHJvbWUqDggAEEUYJxg7GIAEGIoFMg4IABBFGCcYOxiABBiKBTIPCAEQLhhDGLEDGIAEGIoFMg8IAhAuGEMYsQMYgAQYigUyBggDEEUYOTIHCAQQABiABDIHCAUQLhiABDIHCAYQABiABDIHCAcQABiABDIJCAgQABgKGIAEMgkICRAAGAoYgATSAQoxNjkwNWowajE1qAIMsAIB8QWjlxl85iD_VA&amp;sourceid=chrome&amp;ie=UTF-8\">https:\/\/www.google.com\/search?q=elchiq&amp;oq=elch&amp;gs_l<\/a><\/p>\n\n\n\n<p class=\"wp-block-paragraph\"><strong>7.706.732 botellas<\/strong>\u00a0producidas para las licoreras de Meta y Nari\u00f1o muestran una faceta menos conocida de la Empresa de Licores de Cundinamarca (ELC): adem\u00e1s de elaborar sus propias marcas, su planta presta servicios de maquila para fabricar productos de otros departamentos y aprovechar su capacidad industrial disponible.<\/p>\n\n\n\n<p class=\"wp-block-paragraph\">La operaci\u00f3n permite producir diferentes referencias de acuerdo con las formulaciones, especificaciones y vol\u00famenes requeridos por cada licorera, mientras la ELC obtiene nuevos ingresos mediante el uso de su infraestructura y conocimiento t\u00e9cnico.<\/p>\n\n\n\n<figure class=\"wp-block-image size-full\"><img loading=\"lazy\" decoding=\"async\" width=\"740\" height=\"625\" src=\"https:\/\/elchiq.com\/wp-content\/uploads\/2026\/09\/Pub-licorera-de-cundinamarca-3.jpg\" alt=\"\" class=\"wp-image-14545\" srcset=\"https:\/\/elchiq.com\/wp-content\/uploads\/2026\/09\/Pub-licorera-de-cundinamarca-3.jpg 740w, https:\/\/elchiq.com\/wp-content\/uploads\/2026\/09\/Pub-licorera-de-cundinamarca-3-300x253.jpg 300w\" sizes=\"auto, (max-width: 740px) 100vw, 740px\" \/><\/figure>\n\n\n\n<p class=\"wp-block-paragraph\">\u201cHoy estamos poniendo ese conocimiento y esa infraestructura al servicio de otros departamentos, pero tambi\u00e9n estamos construyendo una oportunidad para que la Empresa de Licores de Cundinamarca crezca y sea cada vez m\u00e1s sostenible\u201d, afirm\u00f3 Nicol\u00e1s Forero Obreg\u00f3n, gerente de la ELC.<\/p>\n\n\n\n<p class=\"wp-block-paragraph\"><strong>Del Aguardiente Llanero al Aguardiente Nari\u00f1o<\/strong><\/p>\n\n\n\n<p class=\"wp-block-paragraph\">Para el Meta, la planta de Cundinamarca produce&nbsp;<strong>Aguardiente Llanero Ligero<\/strong>, de 24 grados de alcohol, en presentaciones de 375 y 750 ml;&nbsp;<strong>Aguardiente Llanero Edici\u00f3n Especial<\/strong>, de 29 grados, en presentaci\u00f3n de 375 ml; y&nbsp;<strong>Aguardiente Llanero Joropo<\/strong>&nbsp;y&nbsp;<strong>Aguardiente Llanero Coleo<\/strong>, ambos de 29 grados y 750 ml.<\/p>\n\n\n\n<p class=\"wp-block-paragraph\">Para Nari\u00f1o produce&nbsp;<strong>Aguardiente Nari\u00f1o Edici\u00f3n Premium<\/strong>, de 29 grados de alcohol y presentaci\u00f3n de 750 ml.<\/p>\n\n\n\n<p class=\"wp-block-paragraph\">Cada producto conserva las caracter\u00edsticas definidas por la respectiva licorera. La ELC aporta la capacidad de su planta y sus equipos t\u00e9cnicos para adaptar los procesos de fabricaci\u00f3n a los requerimientos de cada mercado.<\/p>\n\n\n\n<figure class=\"wp-block-image size-full\"><img loading=\"lazy\" decoding=\"async\" width=\"495\" height=\"619\" src=\"https:\/\/elchiq.com\/wp-content\/uploads\/2026\/09\/Pub-Abaco-terremoto-2026-15.jpg\" alt=\"\" class=\"wp-image-14546\" srcset=\"https:\/\/elchiq.com\/wp-content\/uploads\/2026\/09\/Pub-Abaco-terremoto-2026-15.jpg 495w, https:\/\/elchiq.com\/wp-content\/uploads\/2026\/09\/Pub-Abaco-terremoto-2026-15-240x300.jpg 240w\" sizes=\"auto, (max-width: 495px) 100vw, 495px\" \/><\/figure>\n\n\n\n<p class=\"wp-block-paragraph\"><strong>Capacidad instalada que genera nuevos negocios<\/strong><\/p>\n\n\n\n<p class=\"wp-block-paragraph\">La maquila permite utilizar capacidad disponible de la planta para desarrollar una actividad comercial adicional a la producci\u00f3n y venta de las marcas propias de la ELC.<\/p>\n\n\n\n<p class=\"wp-block-paragraph\">\u201cLa fortaleza de nuestra planta est\u00e1 en la capacidad que tenemos para responder a diferentes necesidades y entender que cada mercado tiene sus propias caracter\u00edsticas. Queremos que nuestra capacidad industrial se traduzca en nuevos negocios y en resultados que beneficien directamente al departamento\u201d, agreg\u00f3 Forero.<\/p>\n\n\n\n<figure class=\"wp-block-image size-large is-resized\"><img loading=\"lazy\" decoding=\"async\" width=\"1024\" height=\"791\" src=\"https:\/\/elchiq.com\/wp-content\/uploads\/2026\/09\/publ-lote-2-1024x791.jpg\" alt=\"\" class=\"wp-image-14547\" style=\"aspect-ratio:1.2945706666666668;width:584px;height:auto\" srcset=\"https:\/\/elchiq.com\/wp-content\/uploads\/2026\/09\/publ-lote-2-1024x791.jpg 1024w, https:\/\/elchiq.com\/wp-content\/uploads\/2026\/09\/publ-lote-2-300x232.jpg 300w, https:\/\/elchiq.com\/wp-content\/uploads\/2026\/09\/publ-lote-2-767x593.jpg 767w, https:\/\/elchiq.com\/wp-content\/uploads\/2026\/09\/publ-lote-2-1536x1187.jpg 1536w, https:\/\/elchiq.com\/wp-content\/uploads\/2026\/09\/publ-lote-2.jpg 1650w\" sizes=\"auto, (max-width: 1024px) 100vw, 1024px\" \/><\/figure>\n\n\n\n<p class=\"wp-block-paragraph\">La experiencia con Meta y Nari\u00f1o abre adem\u00e1s la posibilidad de buscar nuevos clientes entre otras licoreras y convertir la maquila en una l\u00ednea complementaria de negocio para la empresa.<\/p>\n\n\n\n<p class=\"wp-block-paragraph\">As\u00ed, una infraestructura p\u00fablica de Cundinamarca que ya ha producido&nbsp;<strong>m\u00e1s de 7,7 millones de botellas para otros departamentos<\/strong>&nbsp;puede aprovechar su capacidad instalada para ampliar sus fuentes de ingreso y encontrar nuevas oportunidades comerciales en el mercado licorero nacional.<\/p>\n\n\n\n<p class=\"wp-block-paragraph\">Lea tambi\u00e9n: entre escombros y esperanza: los rescates que conmueven a Colombia tras el terremoto&nbsp;<a href=\"https:\/\/elchiq.com\/index.php\/2026\/08\/13\/entre-escombros-y-esperanza-los-rescates-que-conmueven-a-colombia-tras-el-terremoto\/\">https:\/\/elchiq.com\/index.php\/2026\/08\/13\/entre-escombros-y-esperanza-los-rescates-que-conmueven-a-colombia-tras-el-terremoto\/<\/a><\/p>\n\n\n\n<p class=\"wp-block-paragraph\">www.elchiq.com https:\/\/www.google.com\/search?q=elchiq&amp;oq=elch&amp;gs_l<\/p>\n\n\n\n<p class=\"wp-block-paragraph\">Escuche la decembrina: https:\/\/ladecembrina.radio12345com\/google_vignette<\/p>\n\n\n\n<p class=\"wp-block-paragraph\">S\u00edganos en Facebook, Instagram, Telegram, Twitch, Discord, Linkedin, Flipboard, Mastodon,YouTube, X, Spotify, TikTok, Bluesky y nuestro canal de WhatsApp, para que reciba noticias de \u00faltima hora y m\u00e1s contenidos<\/p>\n","protected":false},"excerpt":{"rendered":"<p>La ELC aprovecha la capacidad instalada de su planta para fabricar cinco referencias de aguardiente para otras licoreras departamentales. La maquila abre una l\u00ednea de negocio que genera ingresos a partir de la infraestructura y el conocimiento t\u00e9cnico de la empresa p\u00fablica. Por: redacci\u00f3n Gobernaci\u00f3n de Cundinamarca y elchiq.comhttps:\/\/www.google.com\/search?q=elchiq&amp;oq=elch&amp;gs_l 7.706.732 botellas\u00a0producidas para las licoreras de [&hellip;]<\/p>\n","protected":false},"author":2,"featured_media":0,"comment_status":"closed","ping_status":"closed","sticky":false,"template":"","format":"standard","meta":{"footnotes":""},"categories":[1],"tags":[],"class_list":["post-14543","post","type-post","status-publish","format-standard","hentry","category-uncategorized"],"_links":{"self":[{"href":"https:\/\/elchiq.com\/index.php\/wp-json\/wp\/v2\/posts\/14543","targetHints":{"allow":["GET"]}}],"collection":[{"href":"https:\/\/elchiq.com\/index.php\/wp-json\/wp\/v2\/posts"}],"about":[{"href":"https:\/\/elchiq.com\/index.php\/wp-json\/wp\/v2\/types\/post"}],"author":[{"embeddable":true,"href":"https:\/\/elchiq.com\/index.php\/wp-json\/wp\/v2\/users\/2"}],"replies":[{"embeddable":true,"href":"https:\/\/elchiq.com\/index.php\/wp-json\/wp\/v2\/comments?post=14543"}],"version-history":[{"count":1,"href":"https:\/\/elchiq.com\/index.php\/wp-json\/wp\/v2\/posts\/14543\/revisions"}],"predecessor-version":[{"id":14548,"href":"https:\/\/elchiq.com\/index.php\/wp-json\/wp\/v2\/posts\/14543\/revisions\/14548"}],"wp:attachment":[{"href":"https:\/\/elchiq.com\/index.php\/wp-json\/wp\/v2\/media?parent=14543"}],"wp:term":[{"taxonomy":"category","embeddable":true,"href":"https:\/\/elchiq.com\/index.php\/wp-json\/wp\/v2\/categories?post=14543"},{"taxonomy":"post_tag","embeddable":true,"href":"https:\/\/elchiq.com\/index.php\/wp-json\/wp\/v2\/tags?post=14543"}],"curies":[{"name":"wp","href":"https:\/\/api.w.org\/{rel}","templated":true}]}}