{"id":14549,"date":"2026-09-04T02:48:58","date_gmt":"2026-09-04T07:48:58","guid":{"rendered":"https:\/\/elchiq.com\/?p=14549"},"modified":"2026-09-04T02:48:58","modified_gmt":"2026-09-04T07:48:58","slug":"devolvere-la-seguridad-por-la-razon-o-por-la-fuerza-de-la-espriella","status":"publish","type":"post","link":"https:\/\/elchiq.com\/index.php\/2026\/09\/04\/devolvere-la-seguridad-por-la-razon-o-por-la-fuerza-de-la-espriella\/","title":{"rendered":"Devolver\u00e9 la seguridad por la raz\u00f3n o por la fuerza\u00bb: De La Espriella"},"content":{"rendered":"\n<p class=\"wp-block-paragraph\">El presidente Abelardo de la Espriella, quien participa en un encuentro internacional sobre ciudades convocado por el Banco Interamericano de Desarrollo (BID), se comprometi\u00f3 a devolverles la seguridad a las ciudades colombianas \u00abpor la raz\u00f3n o por la fuerza\u00bb.<\/p>\n\n\n\n<figure class=\"wp-block-image size-full is-resized\"><img loading=\"lazy\" decoding=\"async\" width=\"350\" height=\"233\" src=\"https:\/\/elchiq.com\/wp-content\/uploads\/2026\/09\/Abelardo-2026-dvm-wkv.jpg\" alt=\"\" class=\"wp-image-14551\" style=\"aspect-ratio:1.5022466635369862;width:792px;height:auto\" srcset=\"https:\/\/elchiq.com\/wp-content\/uploads\/2026\/09\/Abelardo-2026-dvm-wkv.jpg 350w, https:\/\/elchiq.com\/wp-content\/uploads\/2026\/09\/Abelardo-2026-dvm-wkv-300x200.jpg 300w\" sizes=\"auto, (max-width: 350px) 100vw, 350px\" \/><\/figure>\n\n\n\n<p class=\"wp-block-paragraph\">Por: redacci\u00f3n Diario del Magdalena  y elchiq.com<a href=\"https:\/\/www.google.com\/search?q=elchiq&amp;oq=elch&amp;gs_lcrp=EgZjaHJvbWUqDggAEEUYJxg7GIAEGIoFMg4IABBFGCcYOxiABBiKBTIPCAEQLhhDGLEDGIAEGIoFMg8IAhAuGEMYsQMYgAQYigUyBggDEEUYOTIHCAQQABiABDIHCAUQLhiABDIHCAYQABiABDIHCAcQABiABDIJCAgQABgKGIAEMgkICRAAGAoYgATSAQoxNjkwNWowajE1qAIMsAIB8QWjlxl85iD_VA&amp;sourceid=chrome&amp;ie=UTF-8\">https:\/\/www.google.com\/search?q=elchiq&amp;oq=elch&amp;gs_l<\/a>El mandatario cuestion\u00f3 lo que calific\u00f3 como \u00abactitud complaciente\u00bb con los grupos armados ilegales del gobierno anterior y asegur\u00f3 que \u00abla normalizaci\u00f3n del delito es una de las grandes derrotas m\u00e1s graves que puede tener una sociedad\u00bb.<br><br>Asegur\u00f3 que el regreso de la seguridad en las ciudades se dar\u00e1 con el trabajo coordinado de la fuerza p\u00fablica y los mandatarios locales y municipales para acabar con delincuentes y bandas criminales.<br><br>\u00abEn cuatro a\u00f1os entregar\u00e9 una ciudad distinta a la que recib\u00ed, una Colombia convertida en un remanso de paz, donde las familias puedan vivir sin miedo y la autoridad del estado se sienta en cada rinc\u00f3n\u00bb, asegur\u00f3.<\/p>\n\n\n\n<figure class=\"wp-block-image size-full\"><img loading=\"lazy\" decoding=\"async\" width=\"495\" height=\"619\" src=\"https:\/\/elchiq.com\/wp-content\/uploads\/2026\/09\/Pub-Abaco-terremoto-2026-16.jpg\" alt=\"\" class=\"wp-image-14552\" srcset=\"https:\/\/elchiq.com\/wp-content\/uploads\/2026\/09\/Pub-Abaco-terremoto-2026-16.jpg 495w, https:\/\/elchiq.com\/wp-content\/uploads\/2026\/09\/Pub-Abaco-terremoto-2026-16-240x300.jpg 240w\" sizes=\"auto, (max-width: 495px) 100vw, 495px\" \/><\/figure>\n\n\n\n<p class=\"wp-block-paragraph\"><br><br>El presidente insisti\u00f3 en que para alcanzar la paz no va a dialogar con el terrorismo y en cambio lo enfrentar\u00e1 con toda la capacidad del estado y las leyes que la constituci\u00f3n le permite para derrotar al crimen, porque \u00abla paz verdadera se construye con la fuerza de las armas y las leyes\u00bb.<br><br>Adem\u00e1s de la seguridad, el presidente se\u00f1al\u00f3 que otro flagelo que tienen las ciudades del pa\u00eds es la movilidad, que le cuesta horas de tiempo, calidad de vida y la cotidianidad de los ciudadanos.<br><br>En sus declaraciones, se\u00f1al\u00f3 la importancia de que se priorice las obras de infraestructura por encima de los periodos de gobierno, colocando como ejemplo como el Metro de Bogot\u00e1 ha avanzado de la mano de los alcaldes.<br><br>De la Espriella no solo reconoci\u00f3 al alcalde Carlos Fernando Gal\u00e1n por mantener el proyecto, sino que adem\u00e1s se comprometi\u00f3 a culminar la l\u00ednea 1 del metro, as\u00ed como continuar las l\u00edneas 2, 3 y pensar en la 4 para el futuro.<\/p>\n\n\n\n<figure class=\"wp-block-image size-large\"><img loading=\"lazy\" decoding=\"async\" width=\"1024\" height=\"791\" src=\"https:\/\/elchiq.com\/wp-content\/uploads\/2026\/09\/Pub-Santa-Barbara-8-1024x791.jpg\" alt=\"\" class=\"wp-image-14553\" srcset=\"https:\/\/elchiq.com\/wp-content\/uploads\/2026\/09\/Pub-Santa-Barbara-8-1024x791.jpg 1024w, https:\/\/elchiq.com\/wp-content\/uploads\/2026\/09\/Pub-Santa-Barbara-8-300x232.jpg 300w, https:\/\/elchiq.com\/wp-content\/uploads\/2026\/09\/Pub-Santa-Barbara-8-767x593.jpg 767w, https:\/\/elchiq.com\/wp-content\/uploads\/2026\/09\/Pub-Santa-Barbara-8-1536x1187.jpg 1536w, https:\/\/elchiq.com\/wp-content\/uploads\/2026\/09\/Pub-Santa-Barbara-8.jpg 1650w\" sizes=\"auto, (max-width: 1024px) 100vw, 1024px\" \/><\/figure>\n\n\n\n<p class=\"wp-block-paragraph\"><br><br>En ese sentido, se\u00f1al\u00f3 que el gobierno tiene el prop\u00f3sito de trabajar con alcaldes y autoridades locales, respetando sus competencias y trabajar de cerca en las regiones para hacer realidad los proyectos de primera necesidad.<br><br>\u00abLa naci\u00f3n tiene el deber de ayudar desde su capacidad financiera t\u00e9cnica e institucional, pero las soluciones urbanas no pueden ni deben dise\u00f1arse desde el centro del pa\u00eds, debe ser en los territorios con los alcaldes con los gobernadores. Quiero llevar esa misi\u00f3n l\u00f3gica a la relaci\u00f3n con la banca multilateral\u00bb, asever\u00f3.<br><br>Seg\u00fan el mandatario, la cercan\u00eda que tendr\u00e1 con las regiones no solo ser\u00e1 para conocer de cerca las necesidades, sino que adem\u00e1s eliminar los procesos burocr\u00e1ticos como los que existen para obtener cr\u00e9ditos o asistencia t\u00e9cnica con la banca multilateral, antes de que lleguen a los territorios.<\/p>\n\n\n\n<figure class=\"wp-block-image size-large is-resized\"><img loading=\"lazy\" decoding=\"async\" width=\"1024\" height=\"791\" src=\"https:\/\/elchiq.com\/wp-content\/uploads\/2026\/09\/publ-lote-3-1024x791.jpg\" alt=\"\" class=\"wp-image-14554\" style=\"aspect-ratio:1.2945706666666668;width:706px;height:auto\" srcset=\"https:\/\/elchiq.com\/wp-content\/uploads\/2026\/09\/publ-lote-3-1024x791.jpg 1024w, https:\/\/elchiq.com\/wp-content\/uploads\/2026\/09\/publ-lote-3-300x232.jpg 300w, https:\/\/elchiq.com\/wp-content\/uploads\/2026\/09\/publ-lote-3-767x593.jpg 767w, https:\/\/elchiq.com\/wp-content\/uploads\/2026\/09\/publ-lote-3-1536x1187.jpg 1536w, https:\/\/elchiq.com\/wp-content\/uploads\/2026\/09\/publ-lote-3.jpg 1650w\" sizes=\"auto, (max-width: 1024px) 100vw, 1024px\" \/><\/figure>\n\n\n\n<p class=\"wp-block-paragraph\"><br><br>De la Espriella asegur\u00f3 que hoy el desaf\u00edo es abrir caminos para construir espacios urbanos que garanticen seguridad, dignidad y oportunidades, lo cual solo se logra \u00abcon calles seguras, transporte eficiente, buena infraestructura y autoridades capaces de anticiparse a los problemas en vez de limitarse a correr detr\u00e1s de ellos\u00bb.<\/p>\n\n\n\n<p class=\"wp-block-paragraph\">Lea tambi\u00e9n: entre escombros y esperanza: los rescates que conmueven a Colombia tras el terremoto&nbsp;<a href=\"https:\/\/elchiq.com\/index.php\/2026\/08\/13\/entre-escombros-y-esperanza-los-rescates-que-conmueven-a-colombia-tras-el-terremoto\/\">https:\/\/elchiq.com\/index.php\/2026\/08\/13\/entre-escombros-y-esperanza-los-rescates-que-conmueven-a-colombia-tras-el-terremoto\/<\/a><\/p>\n\n\n\n<p class=\"wp-block-paragraph\">www.elchiq.com https:\/\/www.google.com\/search?q=elchiq&amp;oq=elch&amp;gs_l<\/p>\n\n\n\n<p class=\"wp-block-paragraph\">Escuche la decembrina: https:\/\/ladecembrina.radio12345com\/google_vignette<\/p>\n\n\n\n<p class=\"wp-block-paragraph\">S\u00edganos en Facebook, Instagram, Telegram, Twitch, Discord, Linkedin, Flipboard, Mastodon,YouTube, X, Spotify, TikTok, Bluesky y nuestro canal de WhatsApp, para que reciba noticias de \u00faltima hora y m\u00e1s contenidos<\/p>\n","protected":false},"excerpt":{"rendered":"<p>El presidente Abelardo de la Espriella, quien participa en un encuentro internacional sobre ciudades convocado por el Banco Interamericano de Desarrollo (BID), se comprometi\u00f3 a devolverles la seguridad a las ciudades colombianas \u00abpor la raz\u00f3n o por la fuerza\u00bb. Por: redacci\u00f3n Diario del Magdalena y elchiq.comhttps:\/\/www.google.com\/search?q=elchiq&amp;oq=elch&amp;gs_lEl mandatario cuestion\u00f3 lo que calific\u00f3 como \u00abactitud complaciente\u00bb con [&hellip;]<\/p>\n","protected":false},"author":2,"featured_media":0,"comment_status":"closed","ping_status":"closed","sticky":false,"template":"","format":"standard","meta":{"footnotes":""},"categories":[1],"tags":[],"class_list":["post-14549","post","type-post","status-publish","format-standard","hentry","category-uncategorized"],"_links":{"self":[{"href":"https:\/\/elchiq.com\/index.php\/wp-json\/wp\/v2\/posts\/14549","targetHints":{"allow":["GET"]}}],"collection":[{"href":"https:\/\/elchiq.com\/index.php\/wp-json\/wp\/v2\/posts"}],"about":[{"href":"https:\/\/elchiq.com\/index.php\/wp-json\/wp\/v2\/types\/post"}],"author":[{"embeddable":true,"href":"https:\/\/elchiq.com\/index.php\/wp-json\/wp\/v2\/users\/2"}],"replies":[{"embeddable":true,"href":"https:\/\/elchiq.com\/index.php\/wp-json\/wp\/v2\/comments?post=14549"}],"version-history":[{"count":1,"href":"https:\/\/elchiq.com\/index.php\/wp-json\/wp\/v2\/posts\/14549\/revisions"}],"predecessor-version":[{"id":14555,"href":"https:\/\/elchiq.com\/index.php\/wp-json\/wp\/v2\/posts\/14549\/revisions\/14555"}],"wp:attachment":[{"href":"https:\/\/elchiq.com\/index.php\/wp-json\/wp\/v2\/media?parent=14549"}],"wp:term":[{"taxonomy":"category","embeddable":true,"href":"https:\/\/elchiq.com\/index.php\/wp-json\/wp\/v2\/categories?post=14549"},{"taxonomy":"post_tag","embeddable":true,"href":"https:\/\/elchiq.com\/index.php\/wp-json\/wp\/v2\/tags?post=14549"}],"curies":[{"name":"wp","href":"https:\/\/api.w.org\/{rel}","templated":true}]}}