{"id":14559,"date":"2026-09-04T03:35:48","date_gmt":"2026-09-04T08:35:48","guid":{"rendered":"https:\/\/elchiq.com\/?p=14559"},"modified":"2026-09-04T03:35:48","modified_gmt":"2026-09-04T08:35:48","slug":"unp-debera-ofrecer-excusas-publicas-a-la-familia-de-miguel-uribe-turbay-esto-fue-lo-que-resolvio-la-corte-constitucional","status":"publish","type":"post","link":"https:\/\/elchiq.com\/index.php\/2026\/09\/04\/unp-debera-ofrecer-excusas-publicas-a-la-familia-de-miguel-uribe-turbay-esto-fue-lo-que-resolvio-la-corte-constitucional\/","title":{"rendered":"UNP deber\u00e1 ofrecer excusas p\u00fablicas a la familia de Miguel Uribe Turbay: esto fue lo que resolvi\u00f3 la Corte Constitucional"},"content":{"rendered":"\n<p class=\"wp-block-paragraph\">La Corte se\u00f1al\u00f3 en su fallo que el entonces director de la Unidad Nacional de Protecci\u00f3n (UNP), divulg\u00f3 informaci\u00f3n confidencial sobre la operaci\u00f3n del esquema de seguridad, violando los deberes de reserva y de defensa de los derechos fundamentales exigidos por su cargo<\/p>\n\n\n\n<figure class=\"wp-block-image size-full is-resized\"><img loading=\"lazy\" decoding=\"async\" width=\"504\" height=\"284\" src=\"https:\/\/elchiq.com\/wp-content\/uploads\/2026\/09\/image-17.png\" alt=\"\" class=\"wp-image-14560\" style=\"aspect-ratio:1.774690508940853;width:933px;height:auto\" srcset=\"https:\/\/elchiq.com\/wp-content\/uploads\/2026\/09\/image-17.png 504w, https:\/\/elchiq.com\/wp-content\/uploads\/2026\/09\/image-17-300x169.png 300w\" sizes=\"auto, (max-width: 504px) 100vw, 504px\" \/><\/figure>\n\n\n\n<p class=\"wp-block-paragraph\">Por: redacci\u00f3n Infobae y elchiq.com <a href=\"https:\/\/www.google.com\/search?q=elchiq&amp;oq=elch&amp;gs_lcrp=EgZjaHJvbWUqDggAEEUYJxg7GIAEGIoFMg4IABBFGCcYOxiABBiKBTIPCAEQLhhDGLEDGIAEGIoFMg8IAhAuGEMYsQMYgAQYigUyBggDEEUYOTIHCAQQABiABDIHCAUQLhiABDIHCAYQABiABDIHCAcQABiABDIJCAgQABgKGIAEMgkICRAAGAoYgATSAQoxNjkwNWowajE1qAIMsAIB8QWjlxl85iD_VA&amp;sourceid=chrome&amp;ie=UTF-8\">https:\/\/www.google.com\/search?q=elchiq&amp;oq=elch&amp;gs_l<\/a><\/p>\n\n\n\n<p class=\"wp-block-paragraph\">La ma\u00f1ana del mi\u00e9rcoles 2 de septiembre de 2026 se conocieron los detalles del fallo por parte la Corte Constitucional de Colombia, y en el que se concedi\u00f3 el amparo a los derechos de petici\u00f3n, informaci\u00f3n, verdad, intimidad familiar, honra y buen nombre p\u00f3stumos de Miguel Uribe Turbay y su n\u00facleo familiar.<\/p>\n\n\n\n<p class=\"wp-block-paragraph\">La sentencia dictada el 13 de agosto de 2026, se emiti\u00f3 tras analizar declaraciones del entonces director de la Unidad Nacional de Protecci\u00f3n (UNP) Augusto Rodr\u00edguez Ballesteros sobre el atentado que termin\u00f3 con la vida del dirigente pol\u00edtico en junio de 2025.<\/p>\n\n\n\n<figure class=\"wp-block-image size-full\"><img loading=\"lazy\" decoding=\"async\" width=\"495\" height=\"619\" src=\"https:\/\/elchiq.com\/wp-content\/uploads\/2026\/09\/Pub-Abaco-terremoto-2026-18.jpg\" alt=\"\" class=\"wp-image-14561\" srcset=\"https:\/\/elchiq.com\/wp-content\/uploads\/2026\/09\/Pub-Abaco-terremoto-2026-18.jpg 495w, https:\/\/elchiq.com\/wp-content\/uploads\/2026\/09\/Pub-Abaco-terremoto-2026-18-240x300.jpg 240w\" sizes=\"auto, (max-width: 495px) 100vw, 495px\" \/><\/figure>\n\n\n\n<p class=\"wp-block-paragraph\">De acuerdo con los hechos relatados en la sentencia T-258 de 2026,&nbsp;<strong>Mar\u00eda Claudia Tarazona Aguirre, c\u00f3nyuge de Uribe Turbay, interpuso una acci\u00f3n de tutela alegando que Rodr\u00edguez Ballesteros emiti\u00f3 a medios p\u00fablicos varias declaraciones atribuyendo a la gesti\u00f3n personal de Uribe Turbay la fragmentaci\u00f3n de su esquema de seguridad<\/strong>&nbsp;y sugiriendo que la v\u00edctima fue responsable de su propia desprotecci\u00f3n.<\/p>\n\n\n\n<p class=\"wp-block-paragraph\">Estas declaraciones, seg\u00fan la accionante, comprometieron la dignidad, la memoria y el buen nombre p\u00f3stumos de Uribe Turbay y revictimizaron a su familia.<\/p>\n\n\n\n<p class=\"wp-block-paragraph\"><strong>El magnicidio del precandidato presidencial del Centro Democr\u00e1tico se perpetr\u00f3 con un atentado el s\u00e1bado 7 de junio de 2025 en Bogot\u00e1, cuando Miguel Uribe Turbay participaba en un evento p\u00fablico en el parque El Golfito, ubicado en el barrio Modelia&nbsp;<\/strong>(localidad de Fontib\u00f3n, occidente de la capital colombiana).<\/p>\n\n\n\n<p class=\"wp-block-paragraph\">Los detalles del fallo se conocieron la ma\u00f1ana del mi\u00e9rcoles 2 de septiembre de 2026 &#8211; cr\u00e9ditos Cristian Bayona \/ Colprensa | Catalina Olaya \/ Colprensa | @CConstitucional\/X<\/p>\n\n\n\n<p class=\"wp-block-paragraph\"><strong>En ese momento, el esquema de seguridad del exsenador hab\u00eda sido reducido por turnos de descanso&nbsp;<\/strong>y, de acuerdo con la cronolog\u00eda del caso, la protecci\u00f3n estatal asignada no se reforz\u00f3 pese a las reiteradas alertas de riesgo, incluida una solicitud formal del propio Uribe Turbay a la Polic\u00eda Nacional en abril de 2024.<\/p>\n\n\n\n<p class=\"wp-block-paragraph\">Durante los per\u00edodos nocturnos previos al atentado, la seguridad disminuy\u00f3 de siete a dos efectivos, lo cual motiv\u00f3 reiteradas peticiones de fortalecimiento.<\/p>\n\n\n\n<p class=\"wp-block-paragraph\"><strong>Tras su muerte, el director de la UNP ofreci\u00f3 versiones a emisoras como&nbsp;<em>RTVC Noticias<\/em>&nbsp;y&nbsp;<em>Radio Nacional de Colombia&nbsp;<\/em>en las que sostuvo que Uribe Turbay decidi\u00f3 fraccionar su esquema de seguridad para proteger a su familia<\/strong>, que no advirti\u00f3 a la UNP de amenazas recientes y que nunca solicit\u00f3 el reforzamiento correspondiente.<\/p>\n\n\n\n<figure class=\"wp-block-image size-large\"><img loading=\"lazy\" decoding=\"async\" width=\"1024\" height=\"791\" src=\"https:\/\/elchiq.com\/wp-content\/uploads\/2026\/09\/Pub-inm-nuevo-6-1024x791.jpg\" alt=\"\" class=\"wp-image-14562\" srcset=\"https:\/\/elchiq.com\/wp-content\/uploads\/2026\/09\/Pub-inm-nuevo-6-1024x791.jpg 1024w, https:\/\/elchiq.com\/wp-content\/uploads\/2026\/09\/Pub-inm-nuevo-6-300x232.jpg 300w, https:\/\/elchiq.com\/wp-content\/uploads\/2026\/09\/Pub-inm-nuevo-6-767x593.jpg 767w, https:\/\/elchiq.com\/wp-content\/uploads\/2026\/09\/Pub-inm-nuevo-6-1536x1187.jpg 1536w, https:\/\/elchiq.com\/wp-content\/uploads\/2026\/09\/Pub-inm-nuevo-6.jpg 1650w\" sizes=\"auto, (max-width: 1024px) 100vw, 1024px\" \/><\/figure>\n\n\n\n<p class=\"wp-block-paragraph\">Adem\u00e1s, en entrevistas se refiri\u00f3 a una presunta mala interpretaci\u00f3n del manual de protecci\u00f3n y la prescindencia voluntaria de relevos por parte del protegido, opiniones que la demandante consider\u00f3 lesivas y no basadas en pruebas objetivas.<\/p>\n\n\n\n<p class=\"wp-block-paragraph\"><strong>La Corte identific\u00f3 que el funcionario divulg\u00f3 informaci\u00f3n confidencial sobre la operaci\u00f3n del esquema de seguridad, violando los deberes de reserva y de defensa de los derechos fundamentales exigidos por su cargo.<\/strong>&nbsp;Seg\u00fan la sentencia, las declaraciones difundieron detalles sobre la vida familiar de los protegidos y sobre la toma de decisiones internas en torno al uso de los escoltas, lo cual constituy\u00f3 una injerencia no justificada en la intimidad familiar y agrav\u00f3 la situaci\u00f3n de la familia durante el duelo.<\/p>\n\n\n\n<p class=\"wp-block-paragraph\">La Corte Constitucional tuvo en cuenta algunas declaraciones que ofreci\u00f3 Augusto Rodr\u00edguez como director de la UNP a varios medios de comunicaci\u00f3n &#8211; cr\u00e9dito archivo Colprensa \/ Ra\u00fal Palacios<\/p>\n\n\n\n<p class=\"wp-block-paragraph\">El alto tribunal se\u00f1al\u00f3 tambi\u00e9n que las diversas internvenciones en prensa del director de la UNP omitieron considerar los riesgos especiales a los que est\u00e1n expuestos los miembros de la oposici\u00f3n pol\u00edtica y desconocieron la insuficiencia de esquemas efectivos para la protecci\u00f3n de estos grupos, seg\u00fan el mandato constitucional y el Estatuto de la Oposici\u00f3n<\/p>\n\n\n\n<figure class=\"wp-block-image size-large\"><img loading=\"lazy\" decoding=\"async\" width=\"1024\" height=\"791\" src=\"https:\/\/elchiq.com\/wp-content\/uploads\/2026\/09\/Pub-Santa-Barbara-9-1024x791.jpg\" alt=\"\" class=\"wp-image-14563\" srcset=\"https:\/\/elchiq.com\/wp-content\/uploads\/2026\/09\/Pub-Santa-Barbara-9-1024x791.jpg 1024w, https:\/\/elchiq.com\/wp-content\/uploads\/2026\/09\/Pub-Santa-Barbara-9-300x232.jpg 300w, https:\/\/elchiq.com\/wp-content\/uploads\/2026\/09\/Pub-Santa-Barbara-9-767x593.jpg 767w, https:\/\/elchiq.com\/wp-content\/uploads\/2026\/09\/Pub-Santa-Barbara-9-1536x1187.jpg 1536w, https:\/\/elchiq.com\/wp-content\/uploads\/2026\/09\/Pub-Santa-Barbara-9.jpg 1650w\" sizes=\"auto, (max-width: 1024px) 100vw, 1024px\" \/><\/figure>\n\n\n\n<p class=\"wp-block-paragraph\">De igual forma, la Corte puntualiz\u00f3 que, aunque la entidad hizo hincapi\u00e9 en que la fragmentaci\u00f3n del esquema de seguridad era una decisi\u00f3n aut\u00f3noma \u2013basada en la normativa vigente\u2013, no reconoci\u00f3 que esa situaci\u00f3n reflejaba en \u00faltima instancia la falta de mecanismos diferenciales para el sector opositor, lo que contribuy\u00f3 a la vulnerabilidad experimentada por Uribe Turbay y su familia.<\/p>\n\n\n\n<p class=\"wp-block-paragraph\"><strong>En cuanto a la solicitud de rectificaci\u00f3n presentada por la familia el 16 de julio de 2025<\/strong>, se determin\u00f3 que la respuesta de la UNP no fue clara ni suficiente, pues se limit\u00f3 a indicar que los planteamientos ser\u00edan de conocimiento para las autoridades competentes, sin entrar a analizar ni fundamentar la negativa a rectificar.<\/p>\n\n\n\n<p class=\"wp-block-paragraph\">Por lo tanto, el tribunal estableci\u00f3 que, ante el dolor y la indefensi\u00f3n de la familia, la administraci\u00f3n ten\u00eda la obligaci\u00f3n de explicar las razones de su postura, facilitando el acceso a la verdad y al proceso de reparaci\u00f3n, lo que no fue cumplido por la entidad demandada.<\/p>\n\n\n\n<p class=\"wp-block-paragraph\">Adem\u00e1s de Luciano Mar\u00edn Arango, alias Iv\u00e1n M\u00e1rquez, tambi\u00e9n figuran otros seis l\u00edderes criminales que estar\u00edan involucrados en el magnicidio del senador y candidato presidencial Miguel Uribe Turbay, cuyo ataque perpetr\u00f3 un sicario de 15 a\u00f1os el s\u00e1bado 7 de junio de 2025, y poco m\u00e1s de dos meses despu\u00e9s, el 11 de agosto se confirm\u00f3 el deceso del congresista, que se encontraba internado en la UCI de la Fundaci\u00f3n Santa Fe, en Bogot\u00e1 &#8211; cr\u00e9ditos Fiscal\u00eda General de la Naci\u00f3n | @maclaudiat\/IG<\/p>\n\n\n\n<p class=\"wp-block-paragraph\"><strong>La sentencia ordena que el director de la UNP debe, en un plazo de 48 horas tras la notificaci\u00f3n, presentar excusas p\u00fablicas a la familia de Miguel Uribe Turbay&nbsp;<\/strong>en una rueda de prensa con difusi\u00f3n nacional, reconociendo que excedi\u00f3 los l\u00edmites de la libertad de expresi\u00f3n al divulgar informaci\u00f3n reservada y que dicha actuaci\u00f3n impidi\u00f3 el ejercicio del derecho de r\u00e9plica propio de la oposici\u00f3n pol\u00edtica.<\/p>\n\n\n\n<p class=\"wp-block-paragraph\">Adicional a lo anterior, se instruye, adem\u00e1s, que la UNP actualice sus protocolos internos para garantizar la confidencialidad de informaci\u00f3n asociada a esquemas de protecci\u00f3n y se le ordena emitir una respuesta integral de fondo a la solicitud de rectificaci\u00f3n efectuada por la accionante, adoptando medidas para evitar nuevas situaciones de revictimizaci\u00f3n.<\/p>\n\n\n\n<figure class=\"wp-block-image size-large is-resized\"><img loading=\"lazy\" decoding=\"async\" width=\"818\" height=\"1024\" src=\"https:\/\/elchiq.com\/wp-content\/uploads\/2026\/09\/Pub-Aborto-1-818x1024.jpg\" alt=\"\" class=\"wp-image-14564\" style=\"aspect-ratio:0.7988250553139544;width:614px;height:auto\" srcset=\"https:\/\/elchiq.com\/wp-content\/uploads\/2026\/09\/Pub-Aborto-1-818x1024.jpg 818w, https:\/\/elchiq.com\/wp-content\/uploads\/2026\/09\/Pub-Aborto-1-240x300.jpg 240w, https:\/\/elchiq.com\/wp-content\/uploads\/2026\/09\/Pub-Aborto-1-768x961.jpg 768w, https:\/\/elchiq.com\/wp-content\/uploads\/2026\/09\/Pub-Aborto-1-1227x1536.jpg 1227w, https:\/\/elchiq.com\/wp-content\/uploads\/2026\/09\/Pub-Aborto-1.jpg 1636w\" sizes=\"auto, (max-width: 818px) 100vw, 818px\" \/><\/figure>\n\n\n\n<p class=\"wp-block-paragraph\"><strong>El tribunal tambi\u00e9n exhort\u00f3 a la UNP, a la Defensor\u00eda del Pueblo y a la Procuradur\u00eda General de la Naci\u00f3n a coordinar acciones que refuercen la protecci\u00f3n de los miembros de la oposici\u00f3n pol\u00edtica<\/strong>&nbsp;y sus familias en contextos de alto riesgo.<\/p>\n\n\n\n<p class=\"wp-block-paragraph\">Por otra parte, la Corte confirm\u00f3 la decisi\u00f3n previa de declarar improcedente la tutela frente a&nbsp;<em>RTVC Noticias, Radio Nacional de Colombia<\/em>&nbsp;y el director de&nbsp;<em>RTVC<\/em>&nbsp;(Hollman Morris), debido a que la solicitud de rectificaci\u00f3n no fue dirigida a estos medios, no existiendo por tanto requisito de subsidiariedad ni justificaci\u00f3n para ordenar medidas respecto a esas entidades.<\/p>\n\n\n\n<figure class=\"wp-block-image size-full\"><img loading=\"lazy\" decoding=\"async\" width=\"499\" height=\"676\" src=\"https:\/\/elchiq.com\/wp-content\/uploads\/2026\/09\/inm-elchiq-2025-1.jpg\" alt=\"\" class=\"wp-image-14565\" srcset=\"https:\/\/elchiq.com\/wp-content\/uploads\/2026\/09\/inm-elchiq-2025-1.jpg 499w, https:\/\/elchiq.com\/wp-content\/uploads\/2026\/09\/inm-elchiq-2025-1-221x300.jpg 221w\" sizes=\"auto, (max-width: 499px) 100vw, 499px\" \/><\/figure>\n\n\n\n<p class=\"wp-block-paragraph\"><strong>Qu\u00e9 dijo el abogado defensor de la familia Uribe Turbay<\/strong><\/p>\n\n\n\n<p class=\"wp-block-paragraph\">En declaraciones a la revista<em>&nbsp;Semana<\/em>, el abogado defensor de la familia Uribe Turbay, V\u00edctos Mosquera Mar\u00edn celebr\u00f3 el fallo por parte de la Corte Constitucional, al destacar que \u201cnos diera la raz\u00f3n frente a una tutela que presentamos en el 2025 respecto a los discursos realizados por el entonces director de la UNP\u201d.<\/p>\n\n\n\n<p class=\"wp-block-paragraph\"><strong>\u201cEsas manifestaciones realizadas por el entonces director de la UNP revictimizaban a la familia de Miguel Uribe Turbay y hac\u00edan da\u00f1o a la investigaci\u00f3n\u201d<\/strong>, argument\u00f3 el jurista.<\/p>\n\n\n\n<p class=\"wp-block-paragraph\">Por lo anterior, Mosquera Mar\u00edn expres\u00f3 su agradecimiento al alto tribunal y calific\u00f3 como \u201ctrascendental\u201d la \u201cdecisi\u00f3n en la protecci\u00f3n de las v\u00edctimas en el caso de Miguel Uribe Turbay\u201d, a\u00f1adi\u00f3.<\/p>\n\n\n\n<p class=\"wp-block-paragraph\">Lea tambi\u00e9n: entre escombros y esperanza: los rescates que conmueven a Colombia tras el terremoto&nbsp;<a href=\"https:\/\/elchiq.com\/index.php\/2026\/08\/13\/entre-escombros-y-esperanza-los-rescates-que-conmueven-a-colombia-tras-el-terremoto\/\">https:\/\/elchiq.com\/index.php\/2026\/08\/13\/entre-escombros-y-esperanza-los-rescates-que-conmueven-a-colombia-tras-el-terremoto\/<\/a><\/p>\n\n\n\n<p class=\"wp-block-paragraph\">www.elchiq.com https:\/\/www.google.com\/search?q=elchiq&amp;oq=elch&amp;gs_l<\/p>\n\n\n\n<p class=\"wp-block-paragraph\">Escuche la decembrina: https:\/\/ladecembrina.radio12345com\/google_vignette<\/p>\n\n\n\n<p class=\"wp-block-paragraph\">S\u00edganos en Facebook, Instagram, Telegram, Twitch, Discord, Linkedin, Flipboard, Mastodon,YouTube, X, Spotify, TikTok, Bluesky y nuestro canal de WhatsApp, para que reciba noticias de \u00faltima hora y m\u00e1s contenidos<\/p>\n","protected":false},"excerpt":{"rendered":"<p>La Corte se\u00f1al\u00f3 en su fallo que el entonces director de la Unidad Nacional de Protecci\u00f3n (UNP), divulg\u00f3 informaci\u00f3n confidencial sobre la operaci\u00f3n del esquema de seguridad, violando los deberes de reserva y de defensa de los derechos fundamentales exigidos por su cargo Por: redacci\u00f3n Infobae y elchiq.com https:\/\/www.google.com\/search?q=elchiq&amp;oq=elch&amp;gs_l La ma\u00f1ana del mi\u00e9rcoles 2 de [&hellip;]<\/p>\n","protected":false},"author":2,"featured_media":0,"comment_status":"closed","ping_status":"closed","sticky":false,"template":"","format":"standard","meta":{"footnotes":""},"categories":[1],"tags":[],"class_list":["post-14559","post","type-post","status-publish","format-standard","hentry","category-uncategorized"],"_links":{"self":[{"href":"https:\/\/elchiq.com\/index.php\/wp-json\/wp\/v2\/posts\/14559","targetHints":{"allow":["GET"]}}],"collection":[{"href":"https:\/\/elchiq.com\/index.php\/wp-json\/wp\/v2\/posts"}],"about":[{"href":"https:\/\/elchiq.com\/index.php\/wp-json\/wp\/v2\/types\/post"}],"author":[{"embeddable":true,"href":"https:\/\/elchiq.com\/index.php\/wp-json\/wp\/v2\/users\/2"}],"replies":[{"embeddable":true,"href":"https:\/\/elchiq.com\/index.php\/wp-json\/wp\/v2\/comments?post=14559"}],"version-history":[{"count":1,"href":"https:\/\/elchiq.com\/index.php\/wp-json\/wp\/v2\/posts\/14559\/revisions"}],"predecessor-version":[{"id":14566,"href":"https:\/\/elchiq.com\/index.php\/wp-json\/wp\/v2\/posts\/14559\/revisions\/14566"}],"wp:attachment":[{"href":"https:\/\/elchiq.com\/index.php\/wp-json\/wp\/v2\/media?parent=14559"}],"wp:term":[{"taxonomy":"category","embeddable":true,"href":"https:\/\/elchiq.com\/index.php\/wp-json\/wp\/v2\/categories?post=14559"},{"taxonomy":"post_tag","embeddable":true,"href":"https:\/\/elchiq.com\/index.php\/wp-json\/wp\/v2\/tags?post=14559"}],"curies":[{"name":"wp","href":"https:\/\/api.w.org\/{rel}","templated":true}]}}