{"id":14567,"date":"2026-09-04T04:10:54","date_gmt":"2026-09-04T09:10:54","guid":{"rendered":"https:\/\/elchiq.com\/?p=14567"},"modified":"2026-09-04T04:10:54","modified_gmt":"2026-09-04T09:10:54","slug":"la-xxvi-muestra-estudiantil-de-danzas-folcloricas-colombianas-y-el-5-o-encuentro-gastronomico-tipico-caldense","status":"publish","type":"post","link":"https:\/\/elchiq.com\/index.php\/2026\/09\/04\/la-xxvi-muestra-estudiantil-de-danzas-folcloricas-colombianas-y-el-5-o-encuentro-gastronomico-tipico-caldense\/","title":{"rendered":"La XXVI Muestra Estudiantil de Danzas Folcl\u00f3ricas Colombianas y el 5.\u00ba Encuentro Gastron\u00f3mico T\u00edpico Caldense"},"content":{"rendered":"\n<figure class=\"wp-block-image size-full is-resized\"><img loading=\"lazy\" decoding=\"async\" width=\"694\" height=\"522\" src=\"https:\/\/elchiq.com\/wp-content\/uploads\/2026\/09\/Caldas-bailarines-2025.png\" alt=\"\" class=\"wp-image-14568\" style=\"aspect-ratio:1.3295117789684796;width:948px;height:auto\" srcset=\"https:\/\/elchiq.com\/wp-content\/uploads\/2026\/09\/Caldas-bailarines-2025.png 694w, https:\/\/elchiq.com\/wp-content\/uploads\/2026\/09\/Caldas-bailarines-2025-300x226.png 300w\" sizes=\"auto, (max-width: 694px) 100vw, 694px\" \/><\/figure>\n\n\n\n<p class=\"wp-block-paragraph\">Por: redacci\u00f3n Alcad\u00eda de Caldas y elchiq.com <a href=\"https:\/\/www.google.com\/search?q=elchiq&amp;oq=elch&amp;gs_lcrp=EgZjaHJvbWUqDggAEEUYJxg7GIAEGIoFMg4IABBFGCcYOxiABBiKBTIPCAEQLhhDGLEDGIAEGIoFMg8IAhAuGEMYsQMYgAQYigUyBggDEEUYOTIHCAQQABiABDIHCAUQLhiABDIHCAYQABiABDIHCAcQABiABDIJCAgQABgKGIAEMgkICRAAGAoYgATSAQoxNjkwNWowajE1qAIMsAIB8QWjlxl85iD_VA&amp;sourceid=chrome&amp;ie=UTF-8\">https:\/\/www.google.com\/search?q=elchiq&amp;oq=elch&amp;gs_l<\/a><\/p>\n\n\n\n<p class=\"wp-block-paragraph\">Caldas se viste de tradici\u00f3n, folclor y sabor!<\/p>\n\n\n\n<p class=\"wp-block-paragraph\">I El pr\u00f3ximo 18 de septiembre de 2026, viviremos la XXVI Muestra Estudiantil de Danzas Folcl\u00f3ricas Colombianas y el 5.\u00ba Encuentro Gastron\u00f3mico T\u00edpico Caldense.<\/p>\n\n\n\n<p class=\"wp-block-paragraph\">Una jornada para celebrar las ra\u00edces, disfrutar del talento de los estudiantes y deleitarse con los sabores que hacen parte de la identidad cultural de este municipio.<\/p>\n\n\n\n<p class=\"wp-block-paragraph\">Folclor, tradici\u00f3n, m\u00fasica, danza y gastronom\u00eda se unen en esta celebraci\u00f3n.<\/p>\n\n\n\n<figure class=\"wp-block-image size-full\"><img loading=\"lazy\" decoding=\"async\" width=\"495\" height=\"619\" src=\"https:\/\/elchiq.com\/wp-content\/uploads\/2026\/09\/Pub-Abaco-terremoto-2026-19.jpg\" alt=\"\" class=\"wp-image-14569\" srcset=\"https:\/\/elchiq.com\/wp-content\/uploads\/2026\/09\/Pub-Abaco-terremoto-2026-19.jpg 495w, https:\/\/elchiq.com\/wp-content\/uploads\/2026\/09\/Pub-Abaco-terremoto-2026-19-240x300.jpg 240w\" sizes=\"auto, (max-width: 495px) 100vw, 495px\" \/><\/figure>\n\n\n\n<p class=\"wp-block-paragraph\">18 de septiembre de 2026<\/p>\n\n\n\n<p class=\"wp-block-paragraph\">Caldas, Boyac\u00e1<\/p>\n\n\n\n<p class=\"wp-block-paragraph\">\u00a1Caldas tierra de cultura, danza los espera para compartir en familia y mantener vivas sus tradiciones!<\/p>\n\n\n\n<figure class=\"wp-block-image size-large is-resized\"><img loading=\"lazy\" decoding=\"async\" width=\"1024\" height=\"791\" src=\"https:\/\/elchiq.com\/wp-content\/uploads\/2026\/09\/publ-lote-4-1024x791.jpg\" alt=\"\" class=\"wp-image-14570\" style=\"aspect-ratio:1.2945706666666668;width:606px;height:auto\" srcset=\"https:\/\/elchiq.com\/wp-content\/uploads\/2026\/09\/publ-lote-4-1024x791.jpg 1024w, https:\/\/elchiq.com\/wp-content\/uploads\/2026\/09\/publ-lote-4-300x232.jpg 300w, https:\/\/elchiq.com\/wp-content\/uploads\/2026\/09\/publ-lote-4-767x593.jpg 767w, https:\/\/elchiq.com\/wp-content\/uploads\/2026\/09\/publ-lote-4-1536x1187.jpg 1536w, https:\/\/elchiq.com\/wp-content\/uploads\/2026\/09\/publ-lote-4.jpg 1650w\" sizes=\"auto, (max-width: 1024px) 100vw, 1024px\" \/><\/figure>\n\n\n\n<p class=\"wp-block-paragraph\">Lea tambi\u00e9n: entre escombros y esperanza: los rescates que conmueven a Colombia tras el terremoto&nbsp;<a href=\"https:\/\/elchiq.com\/index.php\/2026\/08\/13\/entre-escombros-y-esperanza-los-rescates-que-conmueven-a-colombia-tras-el-terremoto\/\">https:\/\/elchiq.com\/index.php\/2026\/08\/13\/entre-escombros-y-esperanza-los-rescates-que-conmueven-a-colombia-tras-el-terremoto\/<\/a><\/p>\n\n\n\n<p class=\"wp-block-paragraph\">www.elchiq.com https:\/\/www.google.com\/search?q=elchiq&amp;oq=elch&amp;gs_l<\/p>\n\n\n\n<p class=\"wp-block-paragraph\">Escuche la decembrina: https:\/\/ladecembrina.radio12345com\/google_vignette<\/p>\n\n\n\n<p class=\"wp-block-paragraph\">S\u00edganos en Facebook, Instagram, Telegram, Twitch, Discord, Linkedin, Flipboard, Mastodon,YouTube, X, Spotify, TikTok, Bluesky y nuestro canal de WhatsApp, para que reciba noticias de \u00faltima hora y m\u00e1s contenidos<\/p>\n","protected":false},"excerpt":{"rendered":"<p>Por: redacci\u00f3n Alcad\u00eda de Caldas y elchiq.com https:\/\/www.google.com\/search?q=elchiq&amp;oq=elch&amp;gs_l Caldas se viste de tradici\u00f3n, folclor y sabor! I El pr\u00f3ximo 18 de septiembre de 2026, viviremos la XXVI Muestra Estudiantil de Danzas Folcl\u00f3ricas Colombianas y el 5.\u00ba Encuentro Gastron\u00f3mico T\u00edpico Caldense. Una jornada para celebrar las ra\u00edces, disfrutar del talento de los estudiantes y deleitarse con [&hellip;]<\/p>\n","protected":false},"author":2,"featured_media":0,"comment_status":"closed","ping_status":"closed","sticky":false,"template":"","format":"standard","meta":{"footnotes":""},"categories":[1],"tags":[],"class_list":["post-14567","post","type-post","status-publish","format-standard","hentry","category-uncategorized"],"_links":{"self":[{"href":"https:\/\/elchiq.com\/index.php\/wp-json\/wp\/v2\/posts\/14567","targetHints":{"allow":["GET"]}}],"collection":[{"href":"https:\/\/elchiq.com\/index.php\/wp-json\/wp\/v2\/posts"}],"about":[{"href":"https:\/\/elchiq.com\/index.php\/wp-json\/wp\/v2\/types\/post"}],"author":[{"embeddable":true,"href":"https:\/\/elchiq.com\/index.php\/wp-json\/wp\/v2\/users\/2"}],"replies":[{"embeddable":true,"href":"https:\/\/elchiq.com\/index.php\/wp-json\/wp\/v2\/comments?post=14567"}],"version-history":[{"count":1,"href":"https:\/\/elchiq.com\/index.php\/wp-json\/wp\/v2\/posts\/14567\/revisions"}],"predecessor-version":[{"id":14571,"href":"https:\/\/elchiq.com\/index.php\/wp-json\/wp\/v2\/posts\/14567\/revisions\/14571"}],"wp:attachment":[{"href":"https:\/\/elchiq.com\/index.php\/wp-json\/wp\/v2\/media?parent=14567"}],"wp:term":[{"taxonomy":"category","embeddable":true,"href":"https:\/\/elchiq.com\/index.php\/wp-json\/wp\/v2\/categories?post=14567"},{"taxonomy":"post_tag","embeddable":true,"href":"https:\/\/elchiq.com\/index.php\/wp-json\/wp\/v2\/tags?post=14567"}],"curies":[{"name":"wp","href":"https:\/\/api.w.org\/{rel}","templated":true}]}}