{"id":14572,"date":"2026-09-04T06:36:38","date_gmt":"2026-09-04T11:36:38","guid":{"rendered":"https:\/\/elchiq.com\/?p=14572"},"modified":"2026-09-04T06:36:38","modified_gmt":"2026-09-04T11:36:38","slug":"consejo-de-estado-establece-que-derecho-a-la-protesta-no-es-absoluto-y-manifestantes-deben-responder-por-danos-economicos","status":"publish","type":"post","link":"https:\/\/elchiq.com\/index.php\/2026\/09\/04\/consejo-de-estado-establece-que-derecho-a-la-protesta-no-es-absoluto-y-manifestantes-deben-responder-por-danos-economicos\/","title":{"rendered":"Consejo de Estado establece que derecho a la protesta no es absoluto y manifestantes deben responder por da\u00f1os econ\u00f3micos"},"content":{"rendered":"\n<p class=\"wp-block-paragraph\">El fallo judicial ordena que organizadores de bloqueos que causen p\u00e9rdidas econ\u00f3micas deben asumir responsabilidad por los perjuicios ocasionados a terceros.<\/p>\n\n\n\n<figure class=\"wp-block-image size-full is-resized\"><img loading=\"lazy\" decoding=\"async\" width=\"541\" height=\"304\" src=\"https:\/\/elchiq.com\/wp-content\/uploads\/2026\/09\/image-18.png\" alt=\"\" class=\"wp-image-14573\" style=\"aspect-ratio:1.77964533538936;width:948px;height:auto\" srcset=\"https:\/\/elchiq.com\/wp-content\/uploads\/2026\/09\/image-18.png 541w, https:\/\/elchiq.com\/wp-content\/uploads\/2026\/09\/image-18-300x169.png 300w\" sizes=\"auto, (max-width: 541px) 100vw, 541px\" \/><\/figure>\n\n\n\n<p class=\"wp-block-paragraph\">Por: redacci\u00f3n RCN y elchiq.com<a href=\"https:\/\/www.google.com\/search?q=elchiq&amp;oq=elch&amp;gs_lcrp=EgZjaHJvbWUqDggAEEUYJxg7GIAEGIoFMg4IABBFGCcYOxiABBiKBTIPCAEQLhhDGLEDGIAEGIoFMg8IAhAuGEMYsQMYgAQYigUyBggDEEUYOTIHCAQQABiABDIHCAUQLhiABDIHCAYQABiABDIHCAcQABiABDIJCAgQABgKGIAEMgkICRAAGAoYgATSAQoxNjkwNWowajE1qAIMsAIB8QWjlxl85iD_VA&amp;sourceid=chrome&amp;ie=UTF-8\">https:\/\/www.google.com\/search?q=elchiq&amp;oq=elch&amp;gs_l<\/a><\/p>\n\n\n\n<p class=\"wp-block-paragraph\"><strong>Consejo de Estado establece l\u00edmites a la protesta<\/strong><\/p>\n\n\n\n<p class=\"wp-block-paragraph\">La decisi\u00f3n surge de un bloqueo realizado en 2017 que ocasion\u00f3 millonarias p\u00e9rdidas a Ecopetrol, empresa que reclama m\u00e1s de 4.000 millones de pesos en compensaci\u00f3n.<\/p>\n\n\n\n<p class=\"wp-block-paragraph\">La alta corte administrativa fue contundente al se\u00f1alar que \u00abla protesta siempre va a ser v\u00e1lida, pero que debe tener l\u00edmites\u00bb.<\/p>\n\n\n\n<figure class=\"wp-block-image size-large\"><img loading=\"lazy\" decoding=\"async\" width=\"1024\" height=\"791\" src=\"https:\/\/elchiq.com\/wp-content\/uploads\/2026\/09\/Pub-inm-nuevo-7-1024x791.jpg\" alt=\"\" class=\"wp-image-14574\" srcset=\"https:\/\/elchiq.com\/wp-content\/uploads\/2026\/09\/Pub-inm-nuevo-7-1024x791.jpg 1024w, https:\/\/elchiq.com\/wp-content\/uploads\/2026\/09\/Pub-inm-nuevo-7-300x232.jpg 300w, https:\/\/elchiq.com\/wp-content\/uploads\/2026\/09\/Pub-inm-nuevo-7-767x593.jpg 767w, https:\/\/elchiq.com\/wp-content\/uploads\/2026\/09\/Pub-inm-nuevo-7-1536x1187.jpg 1536w, https:\/\/elchiq.com\/wp-content\/uploads\/2026\/09\/Pub-inm-nuevo-7.jpg 1650w\" sizes=\"auto, (max-width: 1024px) 100vw, 1024px\" \/><\/figure>\n\n\n\n<p class=\"wp-block-paragraph\">Seg\u00fan el fallo, cuando las movilizaciones toman \u00ablas v\u00edas de hechos\u00bb y afectan derechos de terceros, los responsables deben asumir las consecuencias patrimoniales de los perjuicios causados.<\/p>\n\n\n\n<p class=\"wp-block-paragraph\">Daniel Mej\u00eda, exsecretario de Seguridad y Convivencia de Bogot\u00e1, calific\u00f3 la decisi\u00f3n como \u00abun fallo muy importante del Consejo de Estado porque hab\u00eda venido haciendo carrera la idea de que el derecho a la protesta era un derecho sin l\u00edmites\u00bb.<\/p>\n\n\n\n<p class=\"wp-block-paragraph\">El experto explic\u00f3 que esta sentencia permite que \u00ablas personas que quer\u00edan protestar pod\u00edan terminar afectando no solo el derecho de otros ciudadanos, sino incluso bienes patrimoniales, ingresos de una empresa y de sus accionistas\u00bb.<\/p>\n\n\n\n<p class=\"wp-block-paragraph\">La decisi\u00f3n abre interrogantes sobre su aplicaci\u00f3n en otros contextos. Mej\u00eda considera que podr\u00eda sentar jurisprudencia para situaciones como bloqueos al sistema Transmilenio o protestas de maestros que afecten el derecho a la educaci\u00f3n, siempre que se demuestre una afectaci\u00f3n a los derechos de otros ciudadanos, a la movilidad, a llegar a su trabajo, a llegar a una cita m\u00e9dica.<\/p>\n\n\n\n<figure class=\"wp-block-image size-large\"><img loading=\"lazy\" decoding=\"async\" width=\"1024\" height=\"791\" src=\"https:\/\/elchiq.com\/wp-content\/uploads\/2026\/09\/Pub-Santa-Barbara-10-1024x791.jpg\" alt=\"\" class=\"wp-image-14575\" srcset=\"https:\/\/elchiq.com\/wp-content\/uploads\/2026\/09\/Pub-Santa-Barbara-10-1024x791.jpg 1024w, https:\/\/elchiq.com\/wp-content\/uploads\/2026\/09\/Pub-Santa-Barbara-10-300x232.jpg 300w, https:\/\/elchiq.com\/wp-content\/uploads\/2026\/09\/Pub-Santa-Barbara-10-767x593.jpg 767w, https:\/\/elchiq.com\/wp-content\/uploads\/2026\/09\/Pub-Santa-Barbara-10-1536x1187.jpg 1536w, https:\/\/elchiq.com\/wp-content\/uploads\/2026\/09\/Pub-Santa-Barbara-10.jpg 1650w\" sizes=\"auto, (max-width: 1024px) 100vw, 1024px\" \/><\/figure>\n\n\n\n<p class=\"wp-block-paragraph\">\u201cEs un fallo importante que adem\u00e1s ojal\u00e1 siente jurisprudencia para otro tipo de protestas que afectan otras dimensiones de la vida social y econ\u00f3mica de muchos ciudadanos. Me refiero, por ejemplo, a protestas de maestros que afectan el derecho a la educaci\u00f3n de los ni\u00f1os\u201d, indic\u00f3.<\/p>\n\n\n\n<p class=\"wp-block-paragraph\">El experto explic\u00f3 la diferencia entre una \u00abprotesta pac\u00edfica que bloquea un carril de una avenida\u00bb coordinada con autoridades y aquellas que \u00abbloquean totalmente una avenida, vandalizan estaciones de Transmilenio, vandalizan los articulados, atentan contra los gestores de convivencia\u00bb.<\/p>\n\n\n\n<p class=\"wp-block-paragraph\">Estas \u00faltimas, seg\u00fan Mej\u00eda, \u00abes indefendible, nadie cree que eso es protesta pac\u00edfica ni que eso est\u00e1 protegido por la Constituci\u00f3n\u00bb.<\/p>\n\n\n\n<figure class=\"wp-block-image size-large\"><img loading=\"lazy\" decoding=\"async\" width=\"633\" height=\"1024\" src=\"https:\/\/elchiq.com\/wp-content\/uploads\/2026\/09\/Pub-Risaton-5-633x1024.jpg\" alt=\"\" class=\"wp-image-14576\" srcset=\"https:\/\/elchiq.com\/wp-content\/uploads\/2026\/09\/Pub-Risaton-5-633x1024.jpg 633w, https:\/\/elchiq.com\/wp-content\/uploads\/2026\/09\/Pub-Risaton-5-185x300.jpg 185w, https:\/\/elchiq.com\/wp-content\/uploads\/2026\/09\/Pub-Risaton-5-768x1242.jpg 768w, https:\/\/elchiq.com\/wp-content\/uploads\/2026\/09\/Pub-Risaton-5.jpg 791w\" sizes=\"auto, (max-width: 633px) 100vw, 633px\" \/><\/figure>\n\n\n\n<p class=\"wp-block-paragraph\">La sentencia se suma a precedentes como la condena contra la influencer conocida como Epa Colombia por vandalizar estaciones de Transmilenio, construyendo as\u00ed una jurisprudencia en materia administrativa y penal sobre responsabilidad en protestas.<\/p>\n\n\n\n<p class=\"wp-block-paragraph\"><strong>Proyecto buscar\u00eda prohibir el uso de capuchas en protestas<\/strong><\/p>\n\n\n\n<p class=\"wp-block-paragraph\">Sobre el proyecto de ley para prohibir capuchas en manifestaciones, Mej\u00eda dijo que \u201csi una persona se quiere poner una capucha y no causa ning\u00fan da\u00f1o, pues si est\u00e1 haciendo una protesta pac\u00edfica, yo no le veo ning\u00fan problema (\u2026) El problema es cuando empieza la protesta violenta, la vandalizaci\u00f3n y los ataques a, por ejemplo, personal de la Polic\u00eda de Bogot\u00e1 o de cualquier ciudad del pa\u00eds, contra los sectores de convivencia, contra las personas que trabajan en las personer\u00edas. Y eso es inadmisible y deber\u00eda ser castigado de manera m\u00e1s continuada\u201d.<\/p>\n\n\n\n<p class=\"wp-block-paragraph\">Lea tambi\u00e9n: entre escombros y esperanza: los rescates que conmueven a Colombia tras el terremoto&nbsp;<a href=\"https:\/\/elchiq.com\/index.php\/2026\/08\/13\/entre-escombros-y-esperanza-los-rescates-que-conmueven-a-colombia-tras-el-terremoto\/\">https:\/\/elchiq.com\/index.php\/2026\/08\/13\/entre-escombros-y-esperanza-los-rescates-que-conmueven-a-colombia-tras-el-terremoto\/<\/a><\/p>\n\n\n\n<p class=\"wp-block-paragraph\">www.elchiq.com https:\/\/www.google.com\/search?q=elchiq&amp;oq=elch&amp;gs_l<\/p>\n\n\n\n<p class=\"wp-block-paragraph\">Escuche la decembrina: https:\/\/ladecembrina.radio12345com\/google_vignette<\/p>\n\n\n\n<p class=\"wp-block-paragraph\">S\u00edganos en Facebook, Instagram, Telegram, Twitch, Discord, Linkedin, Flipboard, Mastodon,YouTube, X, Spotify, TikTok, Bluesky y nuestro canal de WhatsApp, para que reciba noticias de \u00faltima hora y m\u00e1s contenidos<\/p>\n","protected":false},"excerpt":{"rendered":"<p>El fallo judicial ordena que organizadores de bloqueos que causen p\u00e9rdidas econ\u00f3micas deben asumir responsabilidad por los perjuicios ocasionados a terceros. Por: redacci\u00f3n RCN y elchiq.comhttps:\/\/www.google.com\/search?q=elchiq&amp;oq=elch&amp;gs_l Consejo de Estado establece l\u00edmites a la protesta La decisi\u00f3n surge de un bloqueo realizado en 2017 que ocasion\u00f3 millonarias p\u00e9rdidas a Ecopetrol, empresa que reclama m\u00e1s de 4.000 [&hellip;]<\/p>\n","protected":false},"author":2,"featured_media":0,"comment_status":"closed","ping_status":"closed","sticky":false,"template":"","format":"standard","meta":{"footnotes":""},"categories":[1],"tags":[],"class_list":["post-14572","post","type-post","status-publish","format-standard","hentry","category-uncategorized"],"_links":{"self":[{"href":"https:\/\/elchiq.com\/index.php\/wp-json\/wp\/v2\/posts\/14572","targetHints":{"allow":["GET"]}}],"collection":[{"href":"https:\/\/elchiq.com\/index.php\/wp-json\/wp\/v2\/posts"}],"about":[{"href":"https:\/\/elchiq.com\/index.php\/wp-json\/wp\/v2\/types\/post"}],"author":[{"embeddable":true,"href":"https:\/\/elchiq.com\/index.php\/wp-json\/wp\/v2\/users\/2"}],"replies":[{"embeddable":true,"href":"https:\/\/elchiq.com\/index.php\/wp-json\/wp\/v2\/comments?post=14572"}],"version-history":[{"count":1,"href":"https:\/\/elchiq.com\/index.php\/wp-json\/wp\/v2\/posts\/14572\/revisions"}],"predecessor-version":[{"id":14577,"href":"https:\/\/elchiq.com\/index.php\/wp-json\/wp\/v2\/posts\/14572\/revisions\/14577"}],"wp:attachment":[{"href":"https:\/\/elchiq.com\/index.php\/wp-json\/wp\/v2\/media?parent=14572"}],"wp:term":[{"taxonomy":"category","embeddable":true,"href":"https:\/\/elchiq.com\/index.php\/wp-json\/wp\/v2\/categories?post=14572"},{"taxonomy":"post_tag","embeddable":true,"href":"https:\/\/elchiq.com\/index.php\/wp-json\/wp\/v2\/tags?post=14572"}],"curies":[{"name":"wp","href":"https:\/\/api.w.org\/{rel}","templated":true}]}}