{"id":14578,"date":"2026-09-04T06:44:12","date_gmt":"2026-09-04T11:44:12","guid":{"rendered":"https:\/\/elchiq.com\/?p=14578"},"modified":"2026-09-04T06:44:12","modified_gmt":"2026-09-04T11:44:12","slug":"esta-es-la-programacion-de-la-feria-bonita-de-bucaramanga-en-2026-conciertos-eventos-y-mas","status":"publish","type":"post","link":"https:\/\/elchiq.com\/index.php\/2026\/09\/04\/esta-es-la-programacion-de-la-feria-bonita-de-bucaramanga-en-2026-conciertos-eventos-y-mas\/","title":{"rendered":"Esta es la programaci\u00f3n de la Feria Bonita de Bucaramanga en 2026: Conciertos, eventos y m\u00e1s"},"content":{"rendered":"\n<p class=\"wp-block-paragraph\">La tradicional celebraci\u00f3n de Bucaramanga regresa con su edici\u00f3n n\u00famero 77, que se realizar\u00e1 del 3 de septiembre al 13 de septiembre de 2026 de manera oficial. Estos son algunos de los eventos m\u00e1s importantes que har\u00e1n parte de la programaci\u00f3n oficial<\/p>\n\n\n\n<figure class=\"wp-block-image size-full is-resized\"><img loading=\"lazy\" decoding=\"async\" width=\"768\" height=\"576\" src=\"https:\/\/elchiq.com\/wp-content\/uploads\/2026\/09\/image-19.png\" alt=\"\" class=\"wp-image-14579\" style=\"aspect-ratio:1.333342375823997;width:888px;height:auto\" srcset=\"https:\/\/elchiq.com\/wp-content\/uploads\/2026\/09\/image-19.png 768w, https:\/\/elchiq.com\/wp-content\/uploads\/2026\/09\/image-19-300x225.png 300w\" sizes=\"auto, (max-width: 768px) 100vw, 768px\" \/><\/figure>\n\n\n\n<p class=\"wp-block-paragraph\">Por: redacci\u00f3n Caracol y elchiq.com<a href=\"https:\/\/www.google.com\/search?q=elchiq&amp;oq=elch&amp;gs_lcrp=EgZjaHJvbWUqDggAEEUYJxg7GIAEGIoFMg4IABBFGCcYOxiABBiKBTIPCAEQLhhDGLEDGIAEGIoFMg8IAhAuGEMYsQMYgAQYigUyBggDEEUYOTIHCAQQABiABDIHCAUQLhiABDIHCAYQABiABDIHCAcQABiABDIJCAgQABgKGIAEMgkICRAAGAoYgATSAQoxNjkwNWowajE1qAIMsAIB8QWjlxl85iD_VA&amp;sourceid=chrome&amp;ie=UTF-8\">https:\/\/www.google.com\/search?q=elchiq&amp;oq=elch&amp;gs_l<\/a><\/p>\n\n\n\n<p class=\"wp-block-paragraph\">La&nbsp;<strong>Feria Bonita de Bucaramanga est\u00e1 a pocos d\u00edas de dar inicio oficial a su edici\u00f3n n\u00famero 69<\/strong>, consolid\u00e1ndose una vez m\u00e1s como uno de los eventos culturales y tur\u00edsticos m\u00e1s grandes del pa\u00eds, pues a pesar de que a\u00fan no se ha dado inicio, est\u00e1 acompa\u00f1ada de eventos previos y posteriores.&nbsp;<strong>Durante 10 d\u00edas<\/strong>,&nbsp;<a href=\"https:\/\/caracol.com.co\/2026\/08\/31\/gas-pimienta-y-cosquilleo-denuncias-tras-concierto-de-ryan-castro-en-bucaramanga\/\"><strong>Bucaramanga abrir\u00e1 sus puertas<\/strong><\/a><strong>&nbsp;a miles de visitantes nacionales e internacionales&nbsp;<\/strong>para disfrutar de una programaci\u00f3n que incluye desfiles, conciertos, muestras culturales y actividades para toda la familia.<\/p>\n\n\n\n<p class=\"wp-block-paragraph\">Bajo&nbsp;<strong>el lema \u201cLa feria solidaria\u201d,<\/strong>&nbsp;la celebraci\u00f3n se llevar\u00e1 a cabo&nbsp;<strong>desde el 3 de septiembre hasta el 13 de septiembre de 2026<\/strong>, convirtiendo a la capital santandereana en un escenario lleno de cultura, m\u00fasica y tradici\u00f3n.<\/p>\n\n\n\n<figure class=\"wp-block-image size-full\"><img loading=\"lazy\" decoding=\"async\" width=\"512\" height=\"640\" src=\"https:\/\/elchiq.com\/wp-content\/uploads\/2026\/09\/pUB-mINUTO-COL-6.jpg\" alt=\"\" class=\"wp-image-14580\" srcset=\"https:\/\/elchiq.com\/wp-content\/uploads\/2026\/09\/pUB-mINUTO-COL-6.jpg 512w, https:\/\/elchiq.com\/wp-content\/uploads\/2026\/09\/pUB-mINUTO-COL-6-240x300.jpg 240w\" sizes=\"auto, (max-width: 512px) 100vw, 512px\" \/><\/figure>\n\n\n\n<p class=\"wp-block-paragraph\"><strong>Programaci\u00f3n Feria Bonita de Bucaramanga 2026<\/strong><\/p>\n\n\n\n<p class=\"wp-block-paragraph\"><strong>Eventos previos<\/strong><\/p>\n\n\n\n<p class=\"wp-block-paragraph\">Los eventos previos a la feria&nbsp;<strong>estuvieron en desarrollo hasta hoy 1 de septiembre<\/strong>&nbsp;con el Bucaramanga Internacional Junior Colombia &#8211;&nbsp;<strong>B\u00e1dminton 2026 de 08:00 A.M &#8211; 08:00 P.M&nbsp;<\/strong>en el Coliseo Bicentenario.<\/p>\n\n\n\n<p class=\"wp-block-paragraph\"><strong>Feria Bonita de Bucaramanga 2026<\/strong><\/p>\n\n\n\n<p class=\"wp-block-paragraph\">La feria tendr\u00e1 lugar desde el&nbsp;<strong>3 de septiembre hasta el 13 de septiembre de 2026<\/strong>, en los que destaca los siguientes eventos:<\/p>\n\n\n\n<figure class=\"wp-block-image size-full\"><img loading=\"lazy\" decoding=\"async\" width=\"768\" height=\"432\" src=\"https:\/\/elchiq.com\/wp-content\/uploads\/2026\/09\/Loteria-de-Santander.png\" alt=\"\" class=\"wp-image-14581\" srcset=\"https:\/\/elchiq.com\/wp-content\/uploads\/2026\/09\/Loteria-de-Santander.png 768w, https:\/\/elchiq.com\/wp-content\/uploads\/2026\/09\/Loteria-de-Santander-300x169.png 300w\" sizes=\"auto, (max-width: 768px) 100vw, 768px\" \/><\/figure>\n\n\n\n<ol class=\"wp-block-list\">\n<li><strong>3 de septiembre (09:00 A.M &#8211; 05:00 P.M):\u00a0<\/strong>Vive la Fiesta\u2026 V\u00edstete de Feria en la Alcald\u00eda de Bucaramanga , con entrada libre.<\/li>\n\n\n\n<li><strong>3 de septiembre (07:00 P.M &#8211; 10:00 P.M):<\/strong>\u00a0La noche bonita en la Discoteca Sirvalo Pues, con entrada libre.<\/li>\n\n\n\n<li><strong>4 de septiembre (07:00 P.M &#8211; 10:00 P.M):<\/strong>\u00a0Colombia Sonidos que nos Unen en la Sala Luis Per\u00fa de la Croix con entrada libre.<\/li>\n\n\n\n<li><strong>4 de septiembre (05:00 P.M &#8211; 10:00 P.M):<\/strong>\u00a0Encuentro de la Salsa Cale\u00f1a en la Calison Calle 33 # 31 &#8211; 25 con entrada libre.<\/li>\n\n\n\n<li><strong>5 de septiembre (08:00 A.M &#8211; 08:00 P.M):<\/strong>\u00a0Negocios Verdes en la Plaza C\u00edvica Luis Carlos Gal\u00e1n Sarmiento con entrada libre.<\/li>\n\n\n\n<li><strong>5 de septiembre (03:00 P.M apertura de puertas):<\/strong>\u00a0Super Concierto en el Estadio Am\u00e9rico Montanini evento gratuito con boleter\u00eda:<\/li>\n\n\n\n<li>Silvestre Dangond.<\/li>\n\n\n\n<li>Kevin Fl\u00f3rez.<\/li>\n\n\n\n<li>Mauricio Riviera.<\/li>\n\n\n\n<li>Los internacionales Rayos de M\u00e9xico.<\/li>\n\n\n\n<li>Cristian Ahumada.<\/li>\n\n\n\n<li><strong>6 de septiembre (07:00 P.M):<\/strong>\u00a0Final de Tiple en el Teatro Santander con entrada libre.<\/li>\n\n\n\n<li><strong>8 y 9 de septiembre (primera funci\u00f3n: 03:00 P.M &#8211; segunda funci\u00f3n: 06:00 P.M):\u00a0<\/strong>Antonia en Santander y Sus Provincias en el Teatro Santander con entrada gratuita con boleter\u00eda.<\/li>\n\n\n\n<li><strong>Del 8 al 10 de septiembre (06:00 P.M &#8211; 08:30 P.M):<\/strong>\u00a0Hecho a Mano en la Bonita en el Centro de Convenciones Neomundo con entrada libre.<\/li>\n\n\n\n<li><strong>Del 10 al 14 de septiembre (11:00 A.M):<\/strong>\u00a016\u00b0 Sabores de Bucaramanga junto al Parque Garc\u00eda Rovira con entrada libre.<\/li>\n\n\n\n<li><strong>10 de septiembre (11:00 A.M apertura de puertas):<\/strong>\u00a0Bucararock &#8211; Bucarafest en la Plaza C\u00edvica Luis Carlos Gal\u00e1n Sarmiento con entrada libre con boleter\u00eda:<\/li>\n\n\n\n<li>Nepentes.<\/li>\n\n\n\n<li>The Mills.<\/li>\n\n\n\n<li>Don Tetto.<\/li>\n\n\n\n<li>Allison.<\/li>\n\n\n\n<li><strong>11 de septiembre (11:00 A.M apertura de puertas):\u00a0<\/strong>Tropifest &#8211; Bucarafest en la Plaza C\u00edvica Luis Carlos Gal\u00e1n Sarmiento con entrada libre con boleter\u00eda:<\/li>\n\n\n\n<li>Shangua.<\/li>\n\n\n\n<li>Katamar\u00e1n.<\/li>\n\n\n\n<li>Sanalejo.<\/li>\n\n\n\n<li>Sin \u00e1nimo de Lucro.<\/li>\n\n\n\n<li>Jerau.<\/li>\n\n\n\n<li>Drag\u00f3n y Caballero.<\/li>\n\n\n\n<li>Mauricio y Palodeagua.<\/li>\n\n\n\n<li><strong>Del 11 al 13 de septiembre (11:00 A.M &#8211; 03:00 A.M):<\/strong>\u00a0Polafest en el \u00d3valo Estadio Am\u00e9rico Montanini con entrada libre.<\/li>\n\n\n\n<li><strong>12 de septiembre (06:00 A.M &#8211; 10:00 P.M):\u00a0<\/strong>6\u00b0 Festival del Criollo en Centroabastos con entrada libre.<\/li>\n\n\n\n<li><strong>12 de septiembre (11:00 A.M apertura de puertas a las 02:00 P.M):<\/strong>\u00a0Reggaetonfest &#8211; Bucarafest en la Plaza C\u00edvica Luis Carlos Gal\u00e1n Sarmiento con entrada libre con boleter\u00eda:<\/li>\n\n\n\n<li>Golpe a Golpe.<\/li>\n\n\n\n<li>D\u00e1lmata.<\/li>\n\n\n\n<li>Aldo Ranks.<\/li>\n\n\n\n<li>Alexis y Fido.<\/li>\n\n\n\n<li>Reykon.<\/li>\n\n\n\n<li>Khriz y Angel.<\/li>\n\n\n\n<li><strong>13 de septiembre (10:00 A.M &#8211; 06:00 P.M):<\/strong>\u00a0Desfile de los Pico de Oro en el Carrera 27 con entrada libre.<\/li>\n\n\n\n<li><strong>13 de septiembre (02:00 P.M &#8211; 04:00 P.M):<\/strong>\u00a0Torbellin\u00f3dromo en la Plaza C\u00edvica Luis Carlos Gal\u00e1n Sarmiento con entrada libre.<\/li>\n<\/ol>\n\n\n\n<p class=\"wp-block-paragraph\"><strong>Eventos posteriores<\/strong><\/p>\n\n\n\n<figure class=\"wp-block-image size-large\"><img loading=\"lazy\" decoding=\"async\" width=\"791\" height=\"1024\" src=\"https:\/\/elchiq.com\/wp-content\/uploads\/2026\/09\/publi-bodega-2024-fwg-3-791x1024.jpg\" alt=\"\" class=\"wp-image-14582\" srcset=\"https:\/\/elchiq.com\/wp-content\/uploads\/2026\/09\/publi-bodega-2024-fwg-3-791x1024.jpg 791w, https:\/\/elchiq.com\/wp-content\/uploads\/2026\/09\/publi-bodega-2024-fwg-3-232x300.jpg 232w, https:\/\/elchiq.com\/wp-content\/uploads\/2026\/09\/publi-bodega-2024-fwg-3-767x993.jpg 767w, https:\/\/elchiq.com\/wp-content\/uploads\/2026\/09\/publi-bodega-2024-fwg-3-1187x1536.jpg 1187w, https:\/\/elchiq.com\/wp-content\/uploads\/2026\/09\/publi-bodega-2024-fwg-3.jpg 1275w\" sizes=\"auto, (max-width: 791px) 100vw, 791px\" \/><\/figure>\n\n\n\n<p class=\"wp-block-paragraph\">Los eventos posteriores a la feria estar\u00e1n en&nbsp;<strong>desarrollo hasta el 8 de octubre<\/strong>&nbsp;con eventos como:<\/p>\n\n\n\n<ol class=\"wp-block-list\">\n<li><strong>17 de septiembre ( 07:00 P.M):<\/strong>\u00a0Festival Sirvaland (Luister) en S\u00edrvalo Pues con boleter\u00eda.<\/li>\n\n\n\n<li><strong>Del 26 al 27 de septiembre (07:00 A.M &#8211; 12:00 P.M):\u00a0<\/strong>Move On Fest en el Centro de Convenciones Neomundo con boleter\u00eda.<\/li>\n\n\n\n<li><strong>8 de octubre (08:00 A.M &#8211; 06:00 P.M):<\/strong>\u00a0Conexiones BGA en el Centro de Convenciones Neomundo con entrada por definir.<\/li>\n<\/ol>\n\n\n\n<p class=\"wp-block-paragraph\">Lea tambi\u00e9n: entre escombros y esperanza: los rescates que conmueven a Colombia tras el terremoto&nbsp;<a href=\"https:\/\/elchiq.com\/index.php\/2026\/08\/13\/entre-escombros-y-esperanza-los-rescates-que-conmueven-a-colombia-tras-el-terremoto\/\">https:\/\/elchiq.com\/index.php\/2026\/08\/13\/entre-escombros-y-esperanza-los-rescates-que-conmueven-a-colombia-tras-el-terremoto\/<\/a><\/p>\n\n\n\n<p class=\"wp-block-paragraph\">www.elchiq.com https:\/\/www.google.com\/search?q=elchiq&amp;oq=elch&amp;gs_l<\/p>\n\n\n\n<p class=\"wp-block-paragraph\">Escuche la decembrina: https:\/\/ladecembrina.radio12345com\/google_vignette<\/p>\n\n\n\n<p class=\"wp-block-paragraph\">S\u00edganos en Facebook, Instagram, Telegram, Twitch, Discord, Linkedin, Flipboard, Mastodon,YouTube, X, Spotify, TikTok, Bluesky y nuestro canal de WhatsApp, para que reciba noticias de \u00faltima hora y m\u00e1s contenidos<\/p>\n","protected":false},"excerpt":{"rendered":"<p>La tradicional celebraci\u00f3n de Bucaramanga regresa con su edici\u00f3n n\u00famero 77, que se realizar\u00e1 del 3 de septiembre al 13 de septiembre de 2026 de manera oficial. Estos son algunos de los eventos m\u00e1s importantes que har\u00e1n parte de la programaci\u00f3n oficial Por: redacci\u00f3n Caracol y elchiq.comhttps:\/\/www.google.com\/search?q=elchiq&amp;oq=elch&amp;gs_l La&nbsp;Feria Bonita de Bucaramanga est\u00e1 a pocos d\u00edas [&hellip;]<\/p>\n","protected":false},"author":2,"featured_media":0,"comment_status":"closed","ping_status":"closed","sticky":false,"template":"","format":"standard","meta":{"footnotes":""},"categories":[1],"tags":[],"class_list":["post-14578","post","type-post","status-publish","format-standard","hentry","category-uncategorized"],"_links":{"self":[{"href":"https:\/\/elchiq.com\/index.php\/wp-json\/wp\/v2\/posts\/14578","targetHints":{"allow":["GET"]}}],"collection":[{"href":"https:\/\/elchiq.com\/index.php\/wp-json\/wp\/v2\/posts"}],"about":[{"href":"https:\/\/elchiq.com\/index.php\/wp-json\/wp\/v2\/types\/post"}],"author":[{"embeddable":true,"href":"https:\/\/elchiq.com\/index.php\/wp-json\/wp\/v2\/users\/2"}],"replies":[{"embeddable":true,"href":"https:\/\/elchiq.com\/index.php\/wp-json\/wp\/v2\/comments?post=14578"}],"version-history":[{"count":1,"href":"https:\/\/elchiq.com\/index.php\/wp-json\/wp\/v2\/posts\/14578\/revisions"}],"predecessor-version":[{"id":14583,"href":"https:\/\/elchiq.com\/index.php\/wp-json\/wp\/v2\/posts\/14578\/revisions\/14583"}],"wp:attachment":[{"href":"https:\/\/elchiq.com\/index.php\/wp-json\/wp\/v2\/media?parent=14578"}],"wp:term":[{"taxonomy":"category","embeddable":true,"href":"https:\/\/elchiq.com\/index.php\/wp-json\/wp\/v2\/categories?post=14578"},{"taxonomy":"post_tag","embeddable":true,"href":"https:\/\/elchiq.com\/index.php\/wp-json\/wp\/v2\/tags?post=14578"}],"curies":[{"name":"wp","href":"https:\/\/api.w.org\/{rel}","templated":true}]}}