{"id":14584,"date":"2026-09-04T08:37:43","date_gmt":"2026-09-04T13:37:43","guid":{"rendered":"https:\/\/elchiq.com\/?p=14584"},"modified":"2026-09-04T08:37:43","modified_gmt":"2026-09-04T13:37:43","slug":"vi-congreso-internacional-de-teologia-mariana-que-se-llevara-a-cabo-del-3-al-5-de-septiembre-de-2026-en-chiquinquira-boyaca","status":"publish","type":"post","link":"https:\/\/elchiq.com\/index.php\/2026\/09\/04\/vi-congreso-internacional-de-teologia-mariana-que-se-llevara-a-cabo-del-3-al-5-de-septiembre-de-2026-en-chiquinquira-boyaca\/","title":{"rendered":"VI Congreso Internacional de Teolog\u00eda Mariana, que se llevar\u00e1 a cabo del 3 al 5 de septiembre de 2026 en Chiquinquir\u00e1, Boyac\u00e1*"},"content":{"rendered":"\n<p class=\"wp-block-paragraph\">Este importante encuentro acad\u00e9mico y espiritual tendr\u00e1 como eje central la conmemoraci\u00f3n de los 440 a\u00f1os de la Renovaci\u00f3n del Lienzo Milagroso de la Virgen de Chiquinquir\u00e1, bajo el lema \u00abMemoria, identidad y esperanza\u00bb.<\/p>\n\n\n\n<figure class=\"wp-block-image size-full\"><img loading=\"lazy\" decoding=\"async\" width=\"800\" height=\"536\" src=\"https:\/\/elchiq.com\/wp-content\/uploads\/2026\/09\/cuadro-virgen.jpg\" alt=\"\" class=\"wp-image-14585\" srcset=\"https:\/\/elchiq.com\/wp-content\/uploads\/2026\/09\/cuadro-virgen.jpg 800w, https:\/\/elchiq.com\/wp-content\/uploads\/2026\/09\/cuadro-virgen-300x201.jpg 300w, https:\/\/elchiq.com\/wp-content\/uploads\/2026\/09\/cuadro-virgen-767x514.jpg 767w\" sizes=\"auto, (max-width: 800px) 100vw, 800px\" \/><\/figure>\n\n\n\n<p class=\"wp-block-paragraph\">&nbsp;Por: redacci\u00f3n Bas\u00edlica&nbsp;&nbsp;&nbsp; de Nuestra Se\u00f1ora de Chiquinquir\u00e1&nbsp; y elchiq.com<a href=\"https:\/\/www.google.com\/search?q=elchiq&amp;oq=elch&amp;gs_lcrp=EgZjaHJvbWUqDggAEEUYJxg7GIAEGIoFMg4IABBFGCcYOxiABBiKBTIPCAEQLhhDGLEDGIAEGIoFMg8IAhAuGEMYsQMYgAQYigUyBggDEEUYOTIHCAQQABiABDIHCAUQLhiABDIHCAYQABiABDIHCAcQABiABDIJCAgQABgKGIAEMgkICRAAGAoYgATSAQoxNjkwNWowajE1qAIMsAIB8QWjlxl85iD_VA&amp;sourceid=chrome&amp;ie=UTF-8\">https:\/\/www.google.com\/search?q=elchiq&amp;oq=elch&amp;gs_l<\/a><\/p>\n\n\n\n<p class=\"wp-block-paragraph\">Asimismo, se enmarca en la celebraci\u00f3n de los 390 a\u00f1os de la presencia dominicana en Chiquinquir\u00e1, los 40 a\u00f1os de la visita de San Juan Pablo II y el Jubileo de las Cofrad\u00edas.<\/p>\n\n\n\n<figure class=\"wp-block-image size-large\"><img loading=\"lazy\" decoding=\"async\" width=\"633\" height=\"1024\" src=\"https:\/\/elchiq.com\/wp-content\/uploads\/2026\/09\/Pub-Risaton-6-633x1024.jpg\" alt=\"\" class=\"wp-image-14586\" srcset=\"https:\/\/elchiq.com\/wp-content\/uploads\/2026\/09\/Pub-Risaton-6-633x1024.jpg 633w, https:\/\/elchiq.com\/wp-content\/uploads\/2026\/09\/Pub-Risaton-6-185x300.jpg 185w, https:\/\/elchiq.com\/wp-content\/uploads\/2026\/09\/Pub-Risaton-6-768x1242.jpg 768w, https:\/\/elchiq.com\/wp-content\/uploads\/2026\/09\/Pub-Risaton-6.jpg 791w\" sizes=\"auto, (max-width: 633px) 100vw, 633px\" \/><\/figure>\n\n\n\n<p class=\"wp-block-paragraph\">Ser\u00e1 un espacio de reflexi\u00f3n, formaci\u00f3n e intercambio de conocimientos en torno a la Teolog\u00eda Mariana y la profunda tradici\u00f3n de fe que representa la Virgen de Chiquinquir\u00e1 para Colombia y el mundo.<\/p>\n\n\n\n<p class=\"wp-block-paragraph\">440 a\u00f1os de memoria, identidad y esperanza.<\/p>\n\n\n\n<figure class=\"wp-block-image size-large\"><img loading=\"lazy\" decoding=\"async\" width=\"508\" height=\"1024\" src=\"https:\/\/elchiq.com\/wp-content\/uploads\/2026\/09\/Pub-Sorteo-extra-chiq-1-508x1024.jpg\" alt=\"\" class=\"wp-image-14587\" srcset=\"https:\/\/elchiq.com\/wp-content\/uploads\/2026\/09\/Pub-Sorteo-extra-chiq-1-508x1024.jpg 508w, https:\/\/elchiq.com\/wp-content\/uploads\/2026\/09\/Pub-Sorteo-extra-chiq-1-149x300.jpg 149w, https:\/\/elchiq.com\/wp-content\/uploads\/2026\/09\/Pub-Sorteo-extra-chiq-1-768x1548.jpg 768w, https:\/\/elchiq.com\/wp-content\/uploads\/2026\/09\/Pub-Sorteo-extra-chiq-1-762x1536.jpg 762w, https:\/\/elchiq.com\/wp-content\/uploads\/2026\/09\/Pub-Sorteo-extra-chiq-1-1016x2048.jpg 1016w, https:\/\/elchiq.com\/wp-content\/uploads\/2026\/09\/Pub-Sorteo-extra-chiq-1.jpg 1270w\" sizes=\"auto, (max-width: 508px) 100vw, 508px\" \/><\/figure>\n\n\n\n<p class=\"wp-block-paragraph\">Lea tambi\u00e9n: entre escombros y esperanza: los rescates que conmueven a Colombia tras el terremoto&nbsp;<a href=\"https:\/\/elchiq.com\/index.php\/2026\/08\/13\/entre-escombros-y-esperanza-los-rescates-que-conmueven-a-colombia-tras-el-terremoto\/\">https:\/\/elchiq.com\/index.php\/2026\/08\/13\/entre-escombros-y-esperanza-los-rescates-que-conmueven-a-colombia-tras-el-terremoto\/<\/a><\/p>\n\n\n\n<p class=\"wp-block-paragraph\">www.elchiq.com https:\/\/www.google.com\/search?q=elchiq&amp;oq=elch&amp;gs_l<\/p>\n\n\n\n<p class=\"wp-block-paragraph\">Escuche la decembrina: https:\/\/ladecembrina.radio12345com\/google_vignette<\/p>\n\n\n\n<p class=\"wp-block-paragraph\">S\u00edganos en Facebook, Instagram, Telegram, Twitch, Discord, Linkedin, Flipboard, Mastodon,YouTube, X, Spotify, TikTok, Bluesky y nuestro canal de WhatsApp, para que reciba noticias de \u00faltima hora y m\u00e1s contenidos<\/p>\n","protected":false},"excerpt":{"rendered":"<p>Este importante encuentro acad\u00e9mico y espiritual tendr\u00e1 como eje central la conmemoraci\u00f3n de los 440 a\u00f1os de la Renovaci\u00f3n del Lienzo Milagroso de la Virgen de Chiquinquir\u00e1, bajo el lema \u00abMemoria, identidad y esperanza\u00bb. &nbsp;Por: redacci\u00f3n Bas\u00edlica&nbsp;&nbsp;&nbsp; de Nuestra Se\u00f1ora de Chiquinquir\u00e1&nbsp; y elchiq.comhttps:\/\/www.google.com\/search?q=elchiq&amp;oq=elch&amp;gs_l Asimismo, se enmarca en la celebraci\u00f3n de los 390 a\u00f1os de [&hellip;]<\/p>\n","protected":false},"author":2,"featured_media":0,"comment_status":"closed","ping_status":"closed","sticky":false,"template":"","format":"standard","meta":{"footnotes":""},"categories":[1],"tags":[],"class_list":["post-14584","post","type-post","status-publish","format-standard","hentry","category-uncategorized"],"_links":{"self":[{"href":"https:\/\/elchiq.com\/index.php\/wp-json\/wp\/v2\/posts\/14584","targetHints":{"allow":["GET"]}}],"collection":[{"href":"https:\/\/elchiq.com\/index.php\/wp-json\/wp\/v2\/posts"}],"about":[{"href":"https:\/\/elchiq.com\/index.php\/wp-json\/wp\/v2\/types\/post"}],"author":[{"embeddable":true,"href":"https:\/\/elchiq.com\/index.php\/wp-json\/wp\/v2\/users\/2"}],"replies":[{"embeddable":true,"href":"https:\/\/elchiq.com\/index.php\/wp-json\/wp\/v2\/comments?post=14584"}],"version-history":[{"count":1,"href":"https:\/\/elchiq.com\/index.php\/wp-json\/wp\/v2\/posts\/14584\/revisions"}],"predecessor-version":[{"id":14588,"href":"https:\/\/elchiq.com\/index.php\/wp-json\/wp\/v2\/posts\/14584\/revisions\/14588"}],"wp:attachment":[{"href":"https:\/\/elchiq.com\/index.php\/wp-json\/wp\/v2\/media?parent=14584"}],"wp:term":[{"taxonomy":"category","embeddable":true,"href":"https:\/\/elchiq.com\/index.php\/wp-json\/wp\/v2\/categories?post=14584"},{"taxonomy":"post_tag","embeddable":true,"href":"https:\/\/elchiq.com\/index.php\/wp-json\/wp\/v2\/tags?post=14584"}],"curies":[{"name":"wp","href":"https:\/\/api.w.org\/{rel}","templated":true}]}}