{"id":14592,"date":"2026-09-05T04:48:50","date_gmt":"2026-09-05T09:48:50","guid":{"rendered":"https:\/\/elchiq.com\/?p=14592"},"modified":"2026-09-05T04:48:50","modified_gmt":"2026-09-05T09:48:50","slug":"marco-rubio-viajara-a-colombia-asi-sera-su-reunion-con-abelardo-de-la-espriella-en-barranquilla","status":"publish","type":"post","link":"https:\/\/elchiq.com\/index.php\/2026\/09\/05\/marco-rubio-viajara-a-colombia-asi-sera-su-reunion-con-abelardo-de-la-espriella-en-barranquilla\/","title":{"rendered":"Marco Rubio viajar\u00e1 a Colombia: as\u00ed ser\u00e1 su reuni\u00f3n con Abelardo de la Espriella en Barranquilla"},"content":{"rendered":"\n<p class=\"wp-block-paragraph\">El funcionario estadounidense llegar\u00eda la semana entrante para tratar aranceles, seguridad regional y cooperaci\u00f3n.<\/p>\n\n\n\n<figure class=\"wp-block-image size-large\"><img loading=\"lazy\" decoding=\"async\" width=\"1024\" height=\"512\" src=\"https:\/\/elchiq.com\/wp-content\/uploads\/2026\/09\/image-20-1024x512.png\" alt=\"\" class=\"wp-image-14593\" srcset=\"https:\/\/elchiq.com\/wp-content\/uploads\/2026\/09\/image-20-1024x512.png 1024w, https:\/\/elchiq.com\/wp-content\/uploads\/2026\/09\/image-20-300x150.png 300w, https:\/\/elchiq.com\/wp-content\/uploads\/2026\/09\/image-20-768x384.png 768w, https:\/\/elchiq.com\/wp-content\/uploads\/2026\/09\/image-20.png 1200w\" sizes=\"auto, (max-width: 1024px) 100vw, 1024px\" \/><\/figure>\n\n\n\n<p class=\"wp-block-paragraph\">Por: redacci\u00f3n El Portafolio&nbsp; y elchiq.com&nbsp; <a href=\"https:\/\/www.google.com\/search?q=elchiq&amp;oq=elch&amp;gs_lcrp=EgZjaHJvbWUqDggAEEUYJxg7GIAEGIoFMg4IABBFGCcYOxiABBiKBTIPCAEQLhhDGLEDGIAEGIoFMg8IAhAuGEMYsQMYgAQYigUyBggDEEUYOTIHCAQQABiABDIHCAUQLhiABDIHCAYQABiABDIHCAcQABiABDIJCAgQABgKGIAEMgkICRAAGAoYgATSAQoxNjkwNWowajE1qAIMsAIB8QWjlxl85iD_VA&amp;sourceid=chrome&amp;ie=UTF-8\">https:\/\/www.google.com\/search?q=elchiq&amp;oq=elch&amp;gs_l<\/a><\/p>\n\n\n\n<p class=\"wp-block-paragraph\">El secretario de Estado de Estados Unidos, Marco Rubio,&nbsp;<strong>viajar\u00e1 a Colombia la pr\u00f3xima semana para reunirse con el presidente Abelardo de la Espriella en Barranquilla<\/strong>, en lo que ser\u00e1 la visita de m\u00e1s alto nivel de la administraci\u00f3n de Donald Trump en casi un mes de mandato del jefe de Estado colombiano. El encuentro marca la primera llegada de Rubio al pa\u00eds como integrante del gobierno Trump.<\/p>\n\n\n\n<figure class=\"wp-block-image size-large\"><img loading=\"lazy\" decoding=\"async\" width=\"1024\" height=\"791\" src=\"https:\/\/elchiq.com\/wp-content\/uploads\/2026\/09\/pub-china-1024x791-1.jpg\" alt=\"\" class=\"wp-image-14595\" srcset=\"https:\/\/elchiq.com\/wp-content\/uploads\/2026\/09\/pub-china-1024x791-1.jpg 1024w, https:\/\/elchiq.com\/wp-content\/uploads\/2026\/09\/pub-china-300x232-1.jpg 300w, https:\/\/elchiq.com\/wp-content\/uploads\/2026\/09\/pub-china-767x593-1.jpg 767w, https:\/\/elchiq.com\/wp-content\/uploads\/2026\/09\/pub-china-1536x1187-1.jpg 1536w, https:\/\/elchiq.com\/wp-content\/uploads\/2026\/09\/pub-china-.jpg 1650w\" sizes=\"auto, (max-width: 1024px) 100vw, 1024px\" \/><\/figure>\n\n\n\n<p class=\"wp-block-paragraph\"><strong>Agenda de seguridad y comercio: qu\u00e9 se espera de la reuni\u00f3n en Barranquilla<\/strong><\/p>\n\n\n\n<p class=\"wp-block-paragraph\">El encuentro se realizar\u00e1 en la sede de la Presidencia en Barranquilla y estar\u00e1 marcado por asuntos diplom\u00e1ticos, seguridad regional e intercambios comerciales entre ambos pa\u00edses. La visita estaba prevista inicialmente para el martes 8 de septiembre, aunque<strong>&nbsp;la Casa Blanca y el Departamento de Estado a\u00fan deben formalizar el itinerario<\/strong>, que podr\u00eda incluir otros pa\u00edses de Am\u00e9rica Latina. Tampoco se ha definido si Rubio pasar\u00e1 la noche en territorio colombiano o continuar\u00e1 ese mismo d\u00eda con la gira regional.<\/p>\n\n\n\n<p class=\"wp-block-paragraph\">Estos temas han sido prioritarios para Washington desde las \u00faltimas elecciones presidenciales, en las que Estados Unidos respald\u00f3 a De la Espriella. Tras su posesi\u00f3n,&nbsp;<strong>el gobierno estadounidense anunci\u00f3 un paquete de USD 1.000 millones en fondos<\/strong>&nbsp;para Colombia, destinado a cubrir pr\u00e1cticamente la misma agenda que se filtr\u00f3 para la reuni\u00f3n de la pr\u00f3xima semana: seguridad, cooperaci\u00f3n y comercio bilateral.<\/p>\n\n\n\n<p class=\"wp-block-paragraph\"><strong>Aranceles y cooperaci\u00f3n: la petici\u00f3n de De la Espriella a Rubio<\/strong><\/p>\n\n\n\n<p class=\"wp-block-paragraph\">El posible viaje de Rubio ocurre despu\u00e9s de una llamada telef\u00f3nica que sostuvo con De la Espriella el 18 de agosto, pocos d\u00edas despu\u00e9s de la posesi\u00f3n presidencial del 7 de agosto. En esa conversaci\u00f3n,<strong>&nbsp;el mandatario colombiano le pidi\u00f3 al funcionario estadounidense suspender temporalmente los aranceles que afectan a productos colombianos<\/strong>, solicitud que har\u00eda parte de los asuntos que ambos gobiernos buscan encauzar en las primeras semanas de la nueva administraci\u00f3n.<\/p>\n\n\n\n<p class=\"wp-block-paragraph\">\u201c<em>Tuve una muy fruct\u00edfera conversaci\u00f3n telef\u00f3nica con el secretario de Estado de los Estados Unidos, Marco Rubio. Le reiter\u00e9 mi solicitud para que sean suspendidos temporalmente los aranceles que afectan a los productos colombianos<\/em>\u201d, afirm\u00f3 entonces De la Espriella en sus redes sociales. El mandatario agreg\u00f3 que ese pedido requer\u00eda un tr\u00e1mite y se\u00f1al\u00f3 que exist\u00eda disposici\u00f3n por parte del Gobierno estadounidense para avanzar en el prop\u00f3sito.<\/p>\n\n\n\n<p class=\"wp-block-paragraph\">La agenda bilateral tambi\u00e9n incluye la cooperaci\u00f3n tras el terremoto del 10 de agosto, para el cual Estados Unidos envi\u00f3 asistencia humanitaria y equipos de b\u00fasqueda y rescate. De la Espriella ha insistido en que&nbsp;<strong>el acercamiento con Washington debe ampliarse m\u00e1s all\u00e1 de lo comercial<\/strong>. \u201c<em>Hoy, m\u00e1s que nunca, Colombia y Estados Unidos deben estar unidos<\/em>\u201d, expres\u00f3 el mandatario tras su di\u00e1logo telef\u00f3nico con Rubio.<\/p>\n\n\n\n<p class=\"wp-block-paragraph\">slide&nbsp;1&nbsp;of 1<\/p>\n\n\n\n<p class=\"wp-block-paragraph\"><strong>Del Escudo de las Am\u00e9ricas a la frontera con Ecuador: los antecedentes de la relaci\u00f3n bilateral<\/strong><\/p>\n\n\n\n<p class=\"wp-block-paragraph\">La visita tiene como antecedente directo una reuni\u00f3n presencial entre Rubio y el vicepresidente Jos\u00e9 Manuel Restrepo, celebrada a mediados de julio en Washington D. C., antes de la posesi\u00f3n presidencial.&nbsp;<strong>All\u00ed se abord\u00f3 la cooperaci\u00f3n en seguridad entre ambos pa\u00edses&nbsp;<\/strong>y la posibilidad de que Colombia ingrese formalmente al Escudo de las Am\u00e9ricas, iniciativa orientada a fortalecer los mecanismos regionales de seguridad. Seg\u00fan Restrepo, esos temas se plantearon \u201c<em>siempre con absoluto respeto por la soberan\u00eda nacional<\/em>\u201d.<\/p>\n\n\n\n<p class=\"wp-block-paragraph\">Ese proceso avanz\u00f3 con la firma, por parte del secretario de Guerra estadounidense, Pete Hegseth, y el ministro de Defensa colombiano, Jorge Mora, de la entrada del pa\u00eds al Escudo de las Am\u00e9ricas, aunque&nbsp;<strong>todav\u00eda est\u00e1n por definirse los par\u00e1metros para eventuales operaciones conjuntas en territorio colombiano<\/strong>. La semana pasada, el general Francis L. Donovan, comandante del Comando Sur de Estados Unidos, visit\u00f3 la frontera entre Ecuador y Colombia, donde se reuni\u00f3 con Mora y con el comandante de las Fuerzas Militares, general \u00c9rick Rodr\u00edguez.<\/p>\n\n\n\n<p class=\"wp-block-paragraph\">De concretarse, el viaje ser\u00e1 la primera visita de Marco Rubio a Colombia en m\u00e1s de una d\u00e9cada: la anterior fue en 2014, cuando ejerc\u00eda como senador por el estado de Florida,&nbsp;<strong>cargo para el que fue reelegido hasta enero de 2025<\/strong>, cuando Trump lo design\u00f3 secretario de Estado.<\/p>\n","protected":false},"excerpt":{"rendered":"<p>El funcionario estadounidense llegar\u00eda la semana entrante para tratar aranceles, seguridad regional y cooperaci\u00f3n. Por: redacci\u00f3n El Portafolio&nbsp; y elchiq.com&nbsp; https:\/\/www.google.com\/search?q=elchiq&amp;oq=elch&amp;gs_l El secretario de Estado de Estados Unidos, Marco Rubio,&nbsp;viajar\u00e1 a Colombia la pr\u00f3xima semana para reunirse con el presidente Abelardo de la Espriella en Barranquilla, en lo que ser\u00e1 la visita de m\u00e1s alto [&hellip;]<\/p>\n","protected":false},"author":2,"featured_media":0,"comment_status":"closed","ping_status":"closed","sticky":false,"template":"","format":"standard","meta":{"footnotes":""},"categories":[1],"tags":[],"class_list":["post-14592","post","type-post","status-publish","format-standard","hentry","category-uncategorized"],"_links":{"self":[{"href":"https:\/\/elchiq.com\/index.php\/wp-json\/wp\/v2\/posts\/14592","targetHints":{"allow":["GET"]}}],"collection":[{"href":"https:\/\/elchiq.com\/index.php\/wp-json\/wp\/v2\/posts"}],"about":[{"href":"https:\/\/elchiq.com\/index.php\/wp-json\/wp\/v2\/types\/post"}],"author":[{"embeddable":true,"href":"https:\/\/elchiq.com\/index.php\/wp-json\/wp\/v2\/users\/2"}],"replies":[{"embeddable":true,"href":"https:\/\/elchiq.com\/index.php\/wp-json\/wp\/v2\/comments?post=14592"}],"version-history":[{"count":1,"href":"https:\/\/elchiq.com\/index.php\/wp-json\/wp\/v2\/posts\/14592\/revisions"}],"predecessor-version":[{"id":14596,"href":"https:\/\/elchiq.com\/index.php\/wp-json\/wp\/v2\/posts\/14592\/revisions\/14596"}],"wp:attachment":[{"href":"https:\/\/elchiq.com\/index.php\/wp-json\/wp\/v2\/media?parent=14592"}],"wp:term":[{"taxonomy":"category","embeddable":true,"href":"https:\/\/elchiq.com\/index.php\/wp-json\/wp\/v2\/categories?post=14592"},{"taxonomy":"post_tag","embeddable":true,"href":"https:\/\/elchiq.com\/index.php\/wp-json\/wp\/v2\/tags?post=14592"}],"curies":[{"name":"wp","href":"https:\/\/api.w.org\/{rel}","templated":true}]}}