{"id":14598,"date":"2026-09-05T04:59:31","date_gmt":"2026-09-05T09:59:31","guid":{"rendered":"https:\/\/elchiq.com\/?p=14598"},"modified":"2026-09-05T04:59:31","modified_gmt":"2026-09-05T09:59:31","slug":"que-pasara-con-los-pasaportes-tras-la-suspension-del-convenio-de-petro","status":"publish","type":"post","link":"https:\/\/elchiq.com\/index.php\/2026\/09\/05\/que-pasara-con-los-pasaportes-tras-la-suspension-del-convenio-de-petro\/","title":{"rendered":"\u00bfQu\u00e9 pasar\u00e1 con los pasaportes tras la suspensi\u00f3n del convenio de Petro?"},"content":{"rendered":"\n<p class=\"wp-block-paragraph\">El canciller Omar Bula confirm\u00f3 que el servicio continuar\u00e1 con normalidad tras la decisi\u00f3n del Tribunal Administrativo de Cundinamarca. La Procuradur\u00eda ya hab\u00eda hecho varias alertas.<\/p>\n\n\n\n<figure class=\"wp-block-image size-full is-resized\"><img loading=\"lazy\" decoding=\"async\" width=\"780\" height=\"565\" src=\"https:\/\/elchiq.com\/wp-content\/uploads\/2026\/09\/pasaportes-colprensa_.webp\" alt=\"\" class=\"wp-image-14599\" style=\"width:948px;height:auto\" srcset=\"https:\/\/elchiq.com\/wp-content\/uploads\/2026\/09\/pasaportes-colprensa_.webp 780w, https:\/\/elchiq.com\/wp-content\/uploads\/2026\/09\/pasaportes-colprensa_-300x217.webp 300w, https:\/\/elchiq.com\/wp-content\/uploads\/2026\/09\/pasaportes-colprensa_-768x556.webp 768w\" sizes=\"auto, (max-width: 780px) 100vw, 780px\" \/><\/figure>\n\n\n\n<p class=\"wp-block-paragraph\">Por: redacci\u00f3n El Colombiano y elchiq.com<a href=\"https:\/\/www.google.com\/search?q=elchiq&amp;oq=elch&amp;gs_lcrp=EgZjaHJvbWUqDggAEEUYJxg7GIAEGIoFMg4IABBFGCcYOxiABBiKBTIPCAEQLhhDGLEDGIAEGIoFMg8IAhAuGEMYsQMYgAQYigUyBggDEEUYOTIHCAQQABiABDIHCAUQLhiABDIHCAYQABiABDIHCAcQABiABDIJCAgQABgKGIAEMgkICRAAGAoYgATSAQoxNjkwNWowajE1qAIMsAIB8QWjlxl85iD_VA&amp;sourceid=chrome&amp;ie=UTF-8\">https:\/\/www.google.com\/search?q=elchiq&amp;oq=elch&amp;gs_l<\/a><\/p>\n\n\n\n<p class=\"wp-block-paragraph\">El Gobierno sali\u00f3 este jueves a dar un parte de tranquilidad frente a la expedici\u00f3n de pasaportes, luego de que el Tribunal Administrativo de Cundinamarca suspendiera provisionalmente dos convenios que hacen parte del nuevo modelo implementado durante la administraci\u00f3n de Gustavo Petro.<br>El canciller Omar Bula Escobar y el ministro del Interior, Rodrigo Lara Restrepo, aseguraron que la decisi\u00f3n judicial no provocar\u00e1 una interrupci\u00f3n en la expedici\u00f3n de pasaportes y pidieron a los ciudadanos no acudir masivamente a las oficinas de atenci\u00f3n ni a los consulados por temor a quedarse sin el documento.<\/p>\n\n\n\n<figure class=\"wp-block-image size-large\"><img loading=\"lazy\" decoding=\"async\" width=\"1024\" height=\"791\" src=\"https:\/\/elchiq.com\/wp-content\/uploads\/2026\/09\/pub-chinq-2-1024x791.jpg\" alt=\"\" class=\"wp-image-14600\" srcset=\"https:\/\/elchiq.com\/wp-content\/uploads\/2026\/09\/pub-chinq-2-1024x791.jpg 1024w, https:\/\/elchiq.com\/wp-content\/uploads\/2026\/09\/pub-chinq-2-300x232.jpg 300w, https:\/\/elchiq.com\/wp-content\/uploads\/2026\/09\/pub-chinq-2-767x593.jpg 767w, https:\/\/elchiq.com\/wp-content\/uploads\/2026\/09\/pub-chinq-2-1536x1187.jpg 1536w, https:\/\/elchiq.com\/wp-content\/uploads\/2026\/09\/pub-chinq-2.jpg 1650w\" sizes=\"auto, (max-width: 1024px) 100vw, 1024px\" \/><\/figure>\n\n\n\n<p class=\"wp-block-paragraph\">Bula explic\u00f3 que el pa\u00eds cuenta actualmente con un inventario de 600.000 pasaportes, de los cuales unos 410.000 est\u00e1n disponibles de inmediato y otros 190.000 llegar\u00e1n el pr\u00f3ximo 10 de septiembre. Seg\u00fan el canciller, este volumen permite garantizar la prestaci\u00f3n del servicio durante m\u00e1s de cuatro meses.<br>\u201cQueremos mandar un mensaje sobre todo de calma. No se va a interrumpir la emisi\u00f3n de pasaportes, la ciudadan\u00eda debe estar tranquila\u201d, afirm\u00f3 Bula, quien insisti\u00f3 en que no existe motivo para que los ciudadanos corran a tramitar sus documentos ante una eventual suspensi\u00f3n del servicio.<br>A su turno, Rodrigo Lara, quien adem\u00e1s se encuentra como gerente encargado de la Imprenta Nacional tras la salida de Viviana Le\u00f3n, se\u00f1al\u00f3 que los equipos t\u00e9cnicos y jur\u00eddicos de esa entidad y de la Canciller\u00eda ya revisan los alcances de la decisi\u00f3n del Tribunal para determinar las actuaciones que correspondan y presentar las respectivas aclaraciones dentro del proceso judicial.<\/p>\n\n\n\n<figure class=\"wp-block-image size-large\"><img loading=\"lazy\" decoding=\"async\" width=\"633\" height=\"1024\" src=\"https:\/\/elchiq.com\/wp-content\/uploads\/2026\/09\/Pub-Risaton-7-633x1024.jpg\" alt=\"\" class=\"wp-image-14601\" srcset=\"https:\/\/elchiq.com\/wp-content\/uploads\/2026\/09\/Pub-Risaton-7-633x1024.jpg 633w, https:\/\/elchiq.com\/wp-content\/uploads\/2026\/09\/Pub-Risaton-7-185x300.jpg 185w, https:\/\/elchiq.com\/wp-content\/uploads\/2026\/09\/Pub-Risaton-7-768x1242.jpg 768w, https:\/\/elchiq.com\/wp-content\/uploads\/2026\/09\/Pub-Risaton-7.jpg 791w\" sizes=\"auto, (max-width: 633px) 100vw, 633px\" \/><\/figure>\n\n\n\n<p class=\"wp-block-paragraph\"><br>El pronunciamiento del Gobierno se dio despu\u00e9s de que el Tribunal Administrativo de Cundinamarca ordenara suspender provisionalmente el Convenio Interadministrativo Espec\u00edfico 001 de 2025 y el CI-005 de 2026, suscritos dentro del esquema mediante el cual se puso en marcha el nuevo modelo de pasaportes.<br>La decisi\u00f3n, sin embargo, no implica que desde este momento se deje de expedir el documento. De hecho, el propio Tribunal orden\u00f3 adoptar las medidas necesarias para garantizar que los pasaportes contin\u00faen siendo expedidos durante la suspensi\u00f3n.<br>\u00bfQu\u00e9 encontr\u00f3 el Tribunal?<br>Aunque el Gobierno busca transmitir tranquilidad sobre la continuidad del servicio, la decisi\u00f3n judicial deja expuestas varias dudas sobre la forma en que fue implementado el nuevo modelo. El Tribunal encontr\u00f3 una \u201csucesi\u00f3n de cronogramas incumplidos\u201d, informes institucionales contradictorios, ausencia de soportes verificables sobre infraestructura, personal y avance de la operaci\u00f3n, adem\u00e1s de dudas sobre el cumplimiento de requisitos presupuestales.<br>El despacho tambi\u00e9n advirti\u00f3, entre otras, que esa incertidumbre no es meramente hipot\u00e9tica, pues podr\u00eda comprometer el suministro de las libretas y eventualmente afectar la continuidad del servicio. Por eso orden\u00f3 que la Canciller\u00eda, el Fondo Rotatorio, la Imprenta Nacional y la Casa de la Moneda de Portugal entreguen un informe detallado en un plazo de 20 d\u00edas h\u00e1biles.<br>En ese contexto, ayer el periodista Melquisedec Torres, columnista en EL COLOMBIANO, revel\u00f3 que el Gobierno Petro habr\u00eda incluido un \u201cmico\u201d en el decreto de presupuesto de 2026 para insistir en validar el nuevo modelo de pasaportes.<\/p>\n\n\n\n<figure class=\"wp-block-image size-full\"><img loading=\"lazy\" decoding=\"async\" width=\"512\" height=\"640\" src=\"https:\/\/elchiq.com\/wp-content\/uploads\/2026\/09\/pUB-mINUTO-COL-7.jpg\" alt=\"\" class=\"wp-image-14602\" srcset=\"https:\/\/elchiq.com\/wp-content\/uploads\/2026\/09\/pUB-mINUTO-COL-7.jpg 512w, https:\/\/elchiq.com\/wp-content\/uploads\/2026\/09\/pUB-mINUTO-COL-7-240x300.jpg 240w\" sizes=\"auto, (max-width: 512px) 100vw, 512px\" \/><\/figure>\n\n\n\n<p class=\"wp-block-paragraph\"><br>Seg\u00fan su denuncia, el art\u00edculo 72 del documento presupuestal busc\u00f3 exceptuar a empresas estatales de los tr\u00e1mites de Conpes y Confis, pese a que el negocio con Portugal y Francia compromet\u00eda vigencias futuras por cerca de $1,5 billones.<br>La maniobra, sin embargo, fue detectada por el demandante y el Tribunal Administrativo de Cundinamarca, que cuestion\u00f3 que esa disposici\u00f3n pudiera sustituir los requisitos legales y constitucionales para comprometer esos recursos.<br>Alertas de Procuradur\u00eda<br>Las dudas del Tribunal se suman a las advertencias que la Procuradur\u00eda General de la Naci\u00f3n hab\u00eda planteado dentro del mismo proceso judicial y que cuestionan de fondo la manera como el Gobierno estructur\u00f3 el nuevo modelo.<br>El Ministerio P\u00fablico ha se\u00f1alado que el convenio, por m\u00e1s de $1,3 billones, presenta serios problemas de planeaci\u00f3n. Entre sus reparos est\u00e1 que no habr\u00eda contado con estudios de mercado, an\u00e1lisis financieros s\u00f3lidos ni evaluaciones que permitieran determinar la razonabilidad del precio pactado.<br>Seg\u00fan la Procuradur\u00eda, la estructura utilizada para vincular a la Imprensa Nacional y la Casa da Moeda de Portugal habr\u00eda permitido acudir a una contrataci\u00f3n directa bajo la figura de cooperaci\u00f3n internacional, pese a que, seg\u00fan su an\u00e1lisis, la empresa portuguesa es una sociedad an\u00f3nima sometida al derecho privado y no un organismo internacional o una entidad extranjera de derecho p\u00fablico.<br>Para el ente de control, adem\u00e1s, la participaci\u00f3n financiera de la entidad portuguesa representar\u00eda apenas cerca del 21% del valor del convenio, muy por debajo del 50% que, seg\u00fan su interpretaci\u00f3n, ser\u00eda necesario para aplicar la excepci\u00f3n de contrataci\u00f3n invocada.<br>En otras palabras, la Procuradur\u00eda cuestion\u00f3 que la Imprenta Nacional opere como intermediaria mientras la empresa portuguesa asume buena parte de la ejecuci\u00f3n. Las alertas tambi\u00e9n alcanzan la estructura financiera del convenio, vigente de abril de 2026 a marzo de 2036.<\/p>\n\n\n\n<figure class=\"wp-block-image size-large is-resized\"><img loading=\"lazy\" decoding=\"async\" width=\"791\" height=\"1024\" src=\"https:\/\/elchiq.com\/wp-content\/uploads\/2026\/09\/publi-bodega-2024-fwg-4-791x1024.jpg\" alt=\"\" class=\"wp-image-14603\" style=\"aspect-ratio:0.772457465476463;width:549px;height:auto\" srcset=\"https:\/\/elchiq.com\/wp-content\/uploads\/2026\/09\/publi-bodega-2024-fwg-4-791x1024.jpg 791w, https:\/\/elchiq.com\/wp-content\/uploads\/2026\/09\/publi-bodega-2024-fwg-4-232x300.jpg 232w, https:\/\/elchiq.com\/wp-content\/uploads\/2026\/09\/publi-bodega-2024-fwg-4-767x993.jpg 767w, https:\/\/elchiq.com\/wp-content\/uploads\/2026\/09\/publi-bodega-2024-fwg-4-1187x1536.jpg 1187w, https:\/\/elchiq.com\/wp-content\/uploads\/2026\/09\/publi-bodega-2024-fwg-4.jpg 1275w\" sizes=\"auto, (max-width: 791px) 100vw, 791px\" \/><\/figure>\n\n\n\n<p class=\"wp-block-paragraph\"><br>Colombia debe garantizar la compra m\u00ednima de 1,5 millones de libretas al a\u00f1o, independientemente de la demanda, a 17 euros cada una, lo que supone un compromiso m\u00ednimo de 255 millones de euros durante la d\u00e9cada.<br>La Procuradur\u00eda advirti\u00f3 tambi\u00e9n un d\u00e9ficit presupuestal inicial de m\u00e1s de $375 millones y riesgos por la obligaci\u00f3n de pagar en euros, debido a las fluctuaciones cambiarias.<br>Preguntas y respuestas<br>\u00bfSe seguir\u00e1n expidiendo pasaportes despu\u00e9s de la decisi\u00f3n del Tribunal Administrativo de Cundinamarca?<br>S\u00ed. La expedici\u00f3n de pasaportes continuar\u00e1 durante la suspensi\u00f3n provisional de los convenios. El Tribunal orden\u00f3 adoptar las medidas necesarias para garantizar la continuidad del servicio.<br>\u00bfCu\u00e1ntos pasaportes tiene disponibles actualmente Colombia?<br>El pa\u00eds cuenta con un inventario de 600.000 pasaportes: unos 410.000 est\u00e1n disponibles de inmediato y otros 190.000 llegar\u00e1n el 10 de septiembre de 2026. Seg\u00fan la Canciller\u00eda, este inventario permitir\u00eda mantener el servicio durante m\u00e1s de cuatro meses.<br>\u00bfQu\u00e9 convenios de pasaportes suspendi\u00f3 provisionalmente el Tribunal de Cundinamarca?<br>El Tribunal suspendi\u00f3 provisionalmente el Convenio Interadministrativo Espec\u00edfico 001 de 2025 y el CI-005 de 2026, acuerdos que hacen parte del esquema utilizado para implementar el nuevo modelo de expedici\u00f3n de pasaportes.<\/p>\n\n\n\n<p class=\"wp-block-paragraph\">Lea tambi\u00e9n: entre escombros y esperanza: los rescates que conmueven a Colombia tras el terremoto&nbsp;<a href=\"https:\/\/elchiq.com\/index.php\/2026\/08\/13\/entre-escombros-y-esperanza-los-rescates-que-conmueven-a-colombia-tras-el-terremoto\/\">https:\/\/elchiq.com\/index.php\/2026\/08\/13\/entre-escombros-y-esperanza-los-rescates-que-conmueven-a-colombia-tras-el-terremoto\/<\/a><\/p>\n\n\n\n<p class=\"wp-block-paragraph\">www.elchiq.com https:\/\/www.google.com\/search?q=elchiq&amp;oq=elch&amp;gs_l<\/p>\n\n\n\n<p class=\"wp-block-paragraph\">Escuche la decembrina: https:\/\/ladecembrina.radio12345com\/google_vignette<\/p>\n\n\n\n<p class=\"wp-block-paragraph\">S\u00edganos en Facebook, Instagram, Telegram, Twitch, Discord, Linkedin, Flipboard, Mastodon,YouTube, X, Spotify, TikTok, Bluesky y nuestro canal de WhatsApp, para que reciba noticias de \u00faltima hora y m\u00e1s contenidos<\/p>\n","protected":false},"excerpt":{"rendered":"<p>El canciller Omar Bula confirm\u00f3 que el servicio continuar\u00e1 con normalidad tras la decisi\u00f3n del Tribunal Administrativo de Cundinamarca. La Procuradur\u00eda ya hab\u00eda hecho varias alertas. Por: redacci\u00f3n El Colombiano y elchiq.comhttps:\/\/www.google.com\/search?q=elchiq&amp;oq=elch&amp;gs_l El Gobierno sali\u00f3 este jueves a dar un parte de tranquilidad frente a la expedici\u00f3n de pasaportes, luego de que el Tribunal Administrativo [&hellip;]<\/p>\n","protected":false},"author":2,"featured_media":0,"comment_status":"closed","ping_status":"closed","sticky":false,"template":"","format":"standard","meta":{"footnotes":""},"categories":[1],"tags":[],"class_list":["post-14598","post","type-post","status-publish","format-standard","hentry","category-uncategorized"],"_links":{"self":[{"href":"https:\/\/elchiq.com\/index.php\/wp-json\/wp\/v2\/posts\/14598","targetHints":{"allow":["GET"]}}],"collection":[{"href":"https:\/\/elchiq.com\/index.php\/wp-json\/wp\/v2\/posts"}],"about":[{"href":"https:\/\/elchiq.com\/index.php\/wp-json\/wp\/v2\/types\/post"}],"author":[{"embeddable":true,"href":"https:\/\/elchiq.com\/index.php\/wp-json\/wp\/v2\/users\/2"}],"replies":[{"embeddable":true,"href":"https:\/\/elchiq.com\/index.php\/wp-json\/wp\/v2\/comments?post=14598"}],"version-history":[{"count":1,"href":"https:\/\/elchiq.com\/index.php\/wp-json\/wp\/v2\/posts\/14598\/revisions"}],"predecessor-version":[{"id":14604,"href":"https:\/\/elchiq.com\/index.php\/wp-json\/wp\/v2\/posts\/14598\/revisions\/14604"}],"wp:attachment":[{"href":"https:\/\/elchiq.com\/index.php\/wp-json\/wp\/v2\/media?parent=14598"}],"wp:term":[{"taxonomy":"category","embeddable":true,"href":"https:\/\/elchiq.com\/index.php\/wp-json\/wp\/v2\/categories?post=14598"},{"taxonomy":"post_tag","embeddable":true,"href":"https:\/\/elchiq.com\/index.php\/wp-json\/wp\/v2\/tags?post=14598"}],"curies":[{"name":"wp","href":"https:\/\/api.w.org\/{rel}","templated":true}]}}