{"id":14627,"date":"2026-09-05T05:22:39","date_gmt":"2026-09-05T10:22:39","guid":{"rendered":"https:\/\/elchiq.com\/?p=14627"},"modified":"2026-09-05T05:22:39","modified_gmt":"2026-09-05T10:22:39","slug":"asi-fue-el-minuto-a-minuto-de-los-atentados-del-11s-de-los-que-se-cumplen-ahora-25-anos","status":"publish","type":"post","link":"https:\/\/elchiq.com\/index.php\/2026\/09\/05\/asi-fue-el-minuto-a-minuto-de-los-atentados-del-11s-de-los-que-se-cumplen-ahora-25-anos\/","title":{"rendered":"As\u00ed fue el minuto a minuto de los atentados del 11S, de los que se cumplen ahora 25 a\u00f1os"},"content":{"rendered":"\n<figure class=\"wp-block-image size-full\"><img loading=\"lazy\" decoding=\"async\" width=\"788\" height=\"457\" src=\"https:\/\/elchiq.com\/wp-content\/uploads\/2026\/09\/S-11.png\" alt=\"\" class=\"wp-image-14628\" srcset=\"https:\/\/elchiq.com\/wp-content\/uploads\/2026\/09\/S-11.png 788w, https:\/\/elchiq.com\/wp-content\/uploads\/2026\/09\/S-11-300x174.png 300w, https:\/\/elchiq.com\/wp-content\/uploads\/2026\/09\/S-11-767x445.png 767w\" sizes=\"auto, (max-width: 788px) 100vw, 788px\" \/><\/figure>\n\n\n\n<p class=\"wp-block-paragraph\">Por: redacci\u00f3n EFE y elchiq.com<a href=\"https:\/\/www.google.com\/search?q=elchiq&amp;oq=elch&amp;gs_lcrp=EgZjaHJvbWUqDggAEEUYJxg7GIAEGIoFMg4IABBFGCcYOxiABBiKBTIPCAEQLhhDGLEDGIAEGIoFMg8IAhAuGEMYsQMYgAQYigUyBggDEEUYOTIHCAQQABiABDIHCAUQLhiABDIHCAYQABiABDIHCAcQABiABDIJCAgQABgKGIAEMgkICRAAGAoYgATSAQoxNjkwNWowajE1qAIMsAIB8QWjlxl85iD_VA&amp;sourceid=chrome&amp;ie=UTF-8\">https:\/\/www.google.com\/search?q=elchiq&amp;oq=elch&amp;gs_l<\/a><\/p>\n\n\n\n<p class=\"wp-block-paragraph\">El pr\u00f3ximo 11 de septiembre se cumplen 25 a\u00f1os del 11S, el atentado terrorista m\u00e1s grave registrado en Estados Unidos, en el que murieron casi 3.000 personas.<\/p>\n\n\n\n<p class=\"wp-block-paragraph\">\u00c9sta es la cronolog\u00eda, minuto a minuto, de aquel d\u00eda, en horario local, seg\u00fan la informaci\u00f3n que ofrece la web del Museo y Monumento conmemorativo de los ataques:<\/p>\n\n\n\n<p class=\"wp-block-paragraph\">&#8211; 8:46 horas: Cinco secuestradores estrellan un Boeing 767 de American Airlines contra una de las&nbsp;Torres Gemelas de Nueva York, sede del emblem\u00e1tico centro financiero&nbsp;World Trade Center, donde trabajaban alrededor de 50.000 personas. El avi\u00f3n llevaba 76 pasajeros a bordo y 11 tripulantes. El impacto provoc\u00f3 un espectacular agujero en los \u00faltimos pisos del edificio, de 110 plantas, y un enorme incendio.<\/p>\n\n\n\n<figure class=\"wp-block-image size-full\"><img loading=\"lazy\" decoding=\"async\" width=\"635\" height=\"794\" src=\"https:\/\/elchiq.com\/wp-content\/uploads\/2026\/09\/Pub-sorteo-2-3.jpg\" alt=\"\" class=\"wp-image-14629\" srcset=\"https:\/\/elchiq.com\/wp-content\/uploads\/2026\/09\/Pub-sorteo-2-3.jpg 635w, https:\/\/elchiq.com\/wp-content\/uploads\/2026\/09\/Pub-sorteo-2-3-240x300.jpg 240w\" sizes=\"auto, (max-width: 635px) 100vw, 635px\" \/><\/figure>\n\n\n\n<p class=\"wp-block-paragraph\">&#8211; 9:03 horas: Cinco secuestradores estrellan un segundo avi\u00f3n, un boeing 757 de&nbsp;United Airlines&nbsp;que parti\u00f3 de&nbsp;Boston&nbsp;con destino a&nbsp;Los Angeles&nbsp;con 51 pasajeros y 9 tripulantes a bordo, contra la torre sur, la segunda de las&nbsp;Torres Gemelas.<\/p>\n\n\n\n<p class=\"wp-block-paragraph\">&#8211; 9:05 horas: El presidente de Estados Unidos,&nbsp;George W. Bush, es informado de los \u00faltimos acontecimientos durante su visita a una escuela de&nbsp;Sarasota&nbsp;(Florida), donde 25 minutos despu\u00e9s hace su primera declaraci\u00f3n p\u00fablica.&nbsp;Habla de&nbsp;una tragedia nacional y advierte de que lo sucedido parece \u00abun ataque terrorista\u00bb.<\/p>\n\n\n\n<p class=\"wp-block-paragraph\">&#8211; 9:37 horas: Cinco secuestradores estrellan un avi\u00f3n de American Airlines contra el Pent\u00e1gono. Cubr\u00eda la ruta Washington-Los \u00c1ngeles con 53 pasajeros y 6 tripulantes a bordo.<\/p>\n\n\n\n<p class=\"wp-block-paragraph\">&#8211; 09:42 horas: La Aviaci\u00f3n Civil estadounidense ordena aterrizar a todos los vuelos comerciales y proh\u00edbe todas las operaciones a\u00e9reas en los aeropuertos.<\/p>\n\n\n\n<p class=\"wp-block-paragraph\">&#8211; 9:45 horas: La&nbsp;Casa Blanca&nbsp;es evacuada y se decide el cierre de las bolsas estadounidenses.<\/p>\n\n\n\n<figure class=\"wp-block-image size-full\"><img loading=\"lazy\" decoding=\"async\" width=\"740\" height=\"625\" src=\"https:\/\/elchiq.com\/wp-content\/uploads\/2026\/09\/Pub-licorera-de-cundinamarca-4.jpg\" alt=\"\" class=\"wp-image-14630\" srcset=\"https:\/\/elchiq.com\/wp-content\/uploads\/2026\/09\/Pub-licorera-de-cundinamarca-4.jpg 740w, https:\/\/elchiq.com\/wp-content\/uploads\/2026\/09\/Pub-licorera-de-cundinamarca-4-300x253.jpg 300w\" sizes=\"auto, (max-width: 740px) 100vw, 740px\" \/><\/figure>\n\n\n\n<p class=\"wp-block-paragraph\">&#8211; 09:59 horas: La torre sur del complejo&nbsp;World Trade Center&nbsp;se derrumba.<\/p>\n\n\n\n<p class=\"wp-block-paragraph\">&#8211; 10:03 horas: Un vuelo de&nbsp;United Airlines&nbsp;de&nbsp;Newark&nbsp;a&nbsp;San Francisco&nbsp;se estrella en&nbsp;Somerset&nbsp;(Pennsilvania), con 33 pasajeros y 7 tripulantes. Las investigaciones determinaron que el objetivo de los terroristas era el Capitolio y que probablemente los pasajeros lucharon con los cuatro secuestradores por el control del aparato, antes de que este cayera.<\/p>\n\n\n\n<p class=\"wp-block-paragraph\">&#8211; 10:28 horas: La torre norte se derrumba. El p\u00e1nico se extiende por la isla de&nbsp;Manhattan.<\/p>\n\n\n\n<p class=\"wp-block-paragraph\">&#8211; 11:02 horas: El alcalde de&nbsp;Nueva York,&nbsp;Rudolph Giuliani, ordena la evacuaci\u00f3n del sur de la isla de&nbsp;Manhattan.<\/p>\n\n\n\n<p class=\"wp-block-paragraph\">&#8211; 12:16 horas: Tras el aterrizaje del \u00faltimo vuelo que permanec\u00eda en el aire, queda cerrado el espacio a\u00e9reo estadounidense.<\/p>\n\n\n\n<p class=\"wp-block-paragraph\">&#8211; 13:20 horas: Bush declara desde la Base de Barksdale (Louisiana) que la libertad ha sido atacada \u00abpor un cobarde sin cara\u00bb y anuncia que se han adoptado las medidas necesarias para garantizar la seguridad.<\/p>\n\n\n\n<p class=\"wp-block-paragraph\">&#8211; 15:10 horas: El presidente de EEUU llega al Cuartel General del Mando A\u00e9reo Estrat\u00e9gico, situado en la base a\u00e9rea de Offutt (Nebraska).<\/p>\n\n\n\n<figure class=\"wp-block-image size-full\"><img loading=\"lazy\" decoding=\"async\" width=\"970\" height=\"90\" src=\"https:\/\/elchiq.com\/wp-content\/uploads\/2026\/09\/Pub-bet-play-2026-agosto.jpg\" alt=\"\" class=\"wp-image-14631\" srcset=\"https:\/\/elchiq.com\/wp-content\/uploads\/2026\/09\/Pub-bet-play-2026-agosto.jpg 970w, https:\/\/elchiq.com\/wp-content\/uploads\/2026\/09\/Pub-bet-play-2026-agosto-300x28.jpg 300w, https:\/\/elchiq.com\/wp-content\/uploads\/2026\/09\/Pub-bet-play-2026-agosto-765x71.jpg 765w\" sizes=\"auto, (max-width: 970px) 100vw, 970px\" \/><\/figure>\n\n\n\n<p class=\"wp-block-paragraph\">&#8211; 17:25 horas: El edificio n\u00famero 7 del complejo&nbsp;World Trade Center, con 47 pisos de altura, se derrumba a causa de la onda expansiva de los atentados contra las&nbsp;Torres Gemelas.<\/p>\n\n\n\n<p class=\"wp-block-paragraph\">&#8211; 18:05 horas:&nbsp;Kabul&nbsp;es atacada por misiles en plena noche. Un portavoz del Pent\u00e1gono asegura que Estados Unidos no est\u00e1 detr\u00e1s de esta operaci\u00f3n, que se atribuye la oposici\u00f3n afgana antitalib\u00e1n de la Alianza del Norte.<\/p>\n\n\n\n<p class=\"wp-block-paragraph\">&#8211; 18:45 horas: El presidente de EE.UU. llega a la&nbsp;Casa Blanca.<\/p>\n\n\n\n<figure class=\"wp-block-image size-large\"><img loading=\"lazy\" decoding=\"async\" width=\"791\" height=\"1024\" src=\"https:\/\/elchiq.com\/wp-content\/uploads\/2026\/09\/publi-bodega-2024-fwg-5-791x1024.jpg\" alt=\"\" class=\"wp-image-14632\" srcset=\"https:\/\/elchiq.com\/wp-content\/uploads\/2026\/09\/publi-bodega-2024-fwg-5-791x1024.jpg 791w, https:\/\/elchiq.com\/wp-content\/uploads\/2026\/09\/publi-bodega-2024-fwg-5-232x300.jpg 232w, https:\/\/elchiq.com\/wp-content\/uploads\/2026\/09\/publi-bodega-2024-fwg-5-767x993.jpg 767w, https:\/\/elchiq.com\/wp-content\/uploads\/2026\/09\/publi-bodega-2024-fwg-5-1187x1536.jpg 1187w, https:\/\/elchiq.com\/wp-content\/uploads\/2026\/09\/publi-bodega-2024-fwg-5.jpg 1275w\" sizes=\"auto, (max-width: 791px) 100vw, 791px\" \/><\/figure>\n\n\n\n<p class=\"wp-block-paragraph\">&#8211; 20:30 horas: Bush se dirige a la naci\u00f3n desde la&nbsp;Casa Blanca y&nbsp;asegura que Estados Unidos \u00abno distinguir\u00e1 entre los terroristas que cometieron estos actos y quienes les amparan\u00bb. EFE<\/p>\n\n\n\n<p class=\"wp-block-paragraph\">Lea tambi\u00e9n: entre escombros y esperanza: los rescates que conmueven a Colombia tras el terremoto&nbsp;<a href=\"https:\/\/elchiq.com\/index.php\/2026\/08\/13\/entre-escombros-y-esperanza-los-rescates-que-conmueven-a-colombia-tras-el-terremoto\/\">https:\/\/elchiq.com\/index.php\/2026\/08\/13\/entre-escombros-y-esperanza-los-rescates-que-conmueven-a-colombia-tras-el-terremoto\/<\/a><\/p>\n\n\n\n<p class=\"wp-block-paragraph\">www.elchiq.com https:\/\/www.google.com\/search?q=elchiq&amp;oq=elch&amp;gs_l<\/p>\n\n\n\n<p class=\"wp-block-paragraph\">Escuche la decembrina: https:\/\/ladecembrina.radio12345com\/google_vignette<\/p>\n\n\n\n<p class=\"wp-block-paragraph\">S\u00edganos en Facebook, Instagram, Telegram, Twitch, Discord, Linkedin, Flipboard, Mastodon,YouTube, X, Spotify, TikTok, Bluesky y nuestro canal de WhatsApp, para que reciba noticias de \u00faltima hora y m\u00e1s contenidos<\/p>\n","protected":false},"excerpt":{"rendered":"<p>Por: redacci\u00f3n EFE y elchiq.comhttps:\/\/www.google.com\/search?q=elchiq&amp;oq=elch&amp;gs_l El pr\u00f3ximo 11 de septiembre se cumplen 25 a\u00f1os del 11S, el atentado terrorista m\u00e1s grave registrado en Estados Unidos, en el que murieron casi 3.000 personas. \u00c9sta es la cronolog\u00eda, minuto a minuto, de aquel d\u00eda, en horario local, seg\u00fan la informaci\u00f3n que ofrece la web del Museo y [&hellip;]<\/p>\n","protected":false},"author":2,"featured_media":0,"comment_status":"closed","ping_status":"closed","sticky":false,"template":"","format":"standard","meta":{"footnotes":""},"categories":[1],"tags":[],"class_list":["post-14627","post","type-post","status-publish","format-standard","hentry","category-uncategorized"],"_links":{"self":[{"href":"https:\/\/elchiq.com\/index.php\/wp-json\/wp\/v2\/posts\/14627","targetHints":{"allow":["GET"]}}],"collection":[{"href":"https:\/\/elchiq.com\/index.php\/wp-json\/wp\/v2\/posts"}],"about":[{"href":"https:\/\/elchiq.com\/index.php\/wp-json\/wp\/v2\/types\/post"}],"author":[{"embeddable":true,"href":"https:\/\/elchiq.com\/index.php\/wp-json\/wp\/v2\/users\/2"}],"replies":[{"embeddable":true,"href":"https:\/\/elchiq.com\/index.php\/wp-json\/wp\/v2\/comments?post=14627"}],"version-history":[{"count":1,"href":"https:\/\/elchiq.com\/index.php\/wp-json\/wp\/v2\/posts\/14627\/revisions"}],"predecessor-version":[{"id":14633,"href":"https:\/\/elchiq.com\/index.php\/wp-json\/wp\/v2\/posts\/14627\/revisions\/14633"}],"wp:attachment":[{"href":"https:\/\/elchiq.com\/index.php\/wp-json\/wp\/v2\/media?parent=14627"}],"wp:term":[{"taxonomy":"category","embeddable":true,"href":"https:\/\/elchiq.com\/index.php\/wp-json\/wp\/v2\/categories?post=14627"},{"taxonomy":"post_tag","embeddable":true,"href":"https:\/\/elchiq.com\/index.php\/wp-json\/wp\/v2\/tags?post=14627"}],"curies":[{"name":"wp","href":"https:\/\/api.w.org\/{rel}","templated":true}]}}