{"id":14640,"date":"2026-09-05T05:44:57","date_gmt":"2026-09-05T10:44:57","guid":{"rendered":"https:\/\/elchiq.com\/?p=14640"},"modified":"2026-09-05T05:44:57","modified_gmt":"2026-09-05T10:44:57","slug":"ataque-con-drones-explosivos-deja-un-capitan-y-un-soldado-muertos-y-otro-uniformado-herido-en-ocana","status":"publish","type":"post","link":"https:\/\/elchiq.com\/index.php\/2026\/09\/05\/ataque-con-drones-explosivos-deja-un-capitan-y-un-soldado-muertos-y-otro-uniformado-herido-en-ocana\/","title":{"rendered":"Ataque con drones explosivos deja un capit\u00e1n y un soldado muertos, y otro uniformado herido en Oca\u00f1a"},"content":{"rendered":"\n<p class=\"wp-block-paragraph\">Autoridades decretaron toque de queda ante la situaci\u00f3n de orden p\u00fablico del municipio.<\/p>\n\n\n\n<figure class=\"wp-block-image size-full\"><img loading=\"lazy\" decoding=\"async\" width=\"747\" height=\"427\" src=\"https:\/\/elchiq.com\/wp-content\/uploads\/2026\/09\/image-28.png\" alt=\"\" class=\"wp-image-14641\" srcset=\"https:\/\/elchiq.com\/wp-content\/uploads\/2026\/09\/image-28.png 747w, https:\/\/elchiq.com\/wp-content\/uploads\/2026\/09\/image-28-300x171.png 300w\" sizes=\"auto, (max-width: 747px) 100vw, 747px\" \/><\/figure>\n\n\n\n<p class=\"wp-block-paragraph\">Por: redacci\u00f3n La Opini\u00f3n  y Elchiq.com<a href=\"https:\/\/www.google.com\/search?q=elchiq&amp;oq=elch&amp;gs_lcrp=EgZjaHJvbWUqDggAEEUYJxg7GIAEGIoFMg4IABBFGCcYOxiABBiKBTIPCAEQLhhDGLEDGIAEGIoFMg8IAhAuGEMYsQMYgAQYigUyBggDEEUYOTIHCAQQABiABDIHCAUQLhiABDIHCAYQABiABDIHCAcQABiABDIJCAgQABgKGIAEMgkICRAAGAoYgATSAQoxNjkwNWowajE1qAIMsAIB8QWjlxl85iD_VA&amp;sourceid=chrome&amp;ie=UTF-8\">https:\/\/www.google.com\/search?q=elchiq&amp;oq=elch&amp;gs_l<\/a><\/p>\n\n\n\n<p class=\"wp-block-paragraph\">En la noche de este viernes,&nbsp;se registr\u00f3&nbsp;una alteraci\u00f3n del orden p\u00fablico en inmediaciones del&nbsp;<strong>Batall\u00f3n de Infanter\u00eda No. 15 General Francisco de Paula Santander, en Oca\u00f1a.<\/strong><\/p>\n\n\n\n<p class=\"wp-block-paragraph\">La Segunda Divisi\u00f3n del Ej\u00e9rcito Nacional confirm\u00f3 que se trat\u00f3 de un ataque con&nbsp;<strong>aeronaves no tripuladas, acondicionadas con artefactos explosivos<\/strong>, contra las instalaciones del Cant\u00f3n Militar Trapiche.<\/p>\n\n\n\n<figure class=\"wp-block-image size-large\"><img loading=\"lazy\" decoding=\"async\" width=\"1024\" height=\"791\" src=\"https:\/\/elchiq.com\/wp-content\/uploads\/2026\/09\/pub-chinq-2-4-1024x791.jpg\" alt=\"\" class=\"wp-image-14642\" srcset=\"https:\/\/elchiq.com\/wp-content\/uploads\/2026\/09\/pub-chinq-2-4-1024x791.jpg 1024w, https:\/\/elchiq.com\/wp-content\/uploads\/2026\/09\/pub-chinq-2-4-300x232.jpg 300w, https:\/\/elchiq.com\/wp-content\/uploads\/2026\/09\/pub-chinq-2-4-767x593.jpg 767w, https:\/\/elchiq.com\/wp-content\/uploads\/2026\/09\/pub-chinq-2-4-1536x1187.jpg 1536w, https:\/\/elchiq.com\/wp-content\/uploads\/2026\/09\/pub-chinq-2-4.jpg 1650w\" sizes=\"auto, (max-width: 1024px) 100vw, 1024px\" \/><\/figure>\n\n\n\n<p class=\"wp-block-paragraph\">En el hecho muri\u00f3 el capit\u00e1n Marco David Pirajon Montezuma y el soldado Joel Alberto &nbsp;Jim\u00e9nez Jaramillo. Entre el personal herido se encuentra el soldado Jhon Carlos Marrugo Majares.<\/p>\n\n\n\n<p class=\"wp-block-paragraph\">Ante la situaci\u00f3n, fueron activados los protocolos de seguridad establecidos y las autoridades verifican las posibles afectaciones causadas.<\/p>\n\n\n\n<p class=\"wp-block-paragraph\">En medio de los hechos, se reportan disparos en el sector. Desde la Universidad Francisco de Paula Santander Seccional Oca\u00f1a , estudiantes se resguardaron y las directivas ordenaron&nbsp;<strong>evacuar el campus<\/strong>, siguiendo los protocolos y cuidados pertinentes.<\/p>\n\n\n\n<figure class=\"wp-block-image size-large\"><img loading=\"lazy\" decoding=\"async\" width=\"633\" height=\"1024\" src=\"https:\/\/elchiq.com\/wp-content\/uploads\/2026\/09\/Pub-Risaton-9-633x1024.jpg\" alt=\"\" class=\"wp-image-14643\" srcset=\"https:\/\/elchiq.com\/wp-content\/uploads\/2026\/09\/Pub-Risaton-9-633x1024.jpg 633w, https:\/\/elchiq.com\/wp-content\/uploads\/2026\/09\/Pub-Risaton-9-185x300.jpg 185w, https:\/\/elchiq.com\/wp-content\/uploads\/2026\/09\/Pub-Risaton-9-768x1242.jpg 768w, https:\/\/elchiq.com\/wp-content\/uploads\/2026\/09\/Pub-Risaton-9.jpg 791w\" sizes=\"auto, (max-width: 633px) 100vw, 633px\" \/><\/figure>\n\n\n\n<p class=\"wp-block-paragraph\">Al respecto, la universidad inform\u00f3 que ma\u00f1ana, s\u00e1bado 5 de septiembre de 2026, no se desarrollar\u00e1n actividades acad\u00e9micas en la instituci\u00f3n.<\/p>\n\n\n\n<p class=\"wp-block-paragraph\">A trav\u00e9s de un comunicado, la Alcald\u00eda de Oca\u00f1a rechaz\u00f3 el hostigamiento registrado durante la noche de este viernes contra las instalaciones del Batall\u00f3n de Infanter\u00eda N.\u00b0 15 \u201cGeneral Francisco de Paula Santander\u201d.<\/p>\n\n\n\n<p class=\"wp-block-paragraph\">Asimismo, expres\u00f3&nbsp;su solidaridad con los soldados del Ej\u00e9rcito Nacional e hizo un llamado a la ciudadan\u00eda a mantener la calma y atender \u00fanicamente la informaci\u00f3n emitida por fuentes oficiales.<\/p>\n\n\n\n<figure class=\"wp-block-image size-large\"><img loading=\"lazy\" decoding=\"async\" width=\"1024\" height=\"73\" src=\"https:\/\/elchiq.com\/wp-content\/uploads\/2026\/09\/Pub-Cruz-Roja-1-1024x73.jpg\" alt=\"\" class=\"wp-image-14644\" srcset=\"https:\/\/elchiq.com\/wp-content\/uploads\/2026\/09\/Pub-Cruz-Roja-1-1024x73.jpg 1024w, https:\/\/elchiq.com\/wp-content\/uploads\/2026\/09\/Pub-Cruz-Roja-1-300x21.jpg 300w, https:\/\/elchiq.com\/wp-content\/uploads\/2026\/09\/Pub-Cruz-Roja-1-756x54.jpg 756w, https:\/\/elchiq.com\/wp-content\/uploads\/2026\/09\/Pub-Cruz-Roja-1.jpg 1260w\" sizes=\"auto, (max-width: 1024px) 100vw, 1024px\" \/><\/figure>\n\n\n\n<p class=\"wp-block-paragraph\">En las medidas, la Administraci\u00f3n Municipal anunci\u00f3 el Decreto 192 del 4 de septiembre de 2026, mediante el cual se establece el toque de queda.<\/p>\n\n\n\n<p class=\"wp-block-paragraph\">Lea tambi\u00e9n: entre escombros y esperanza: los rescates que conmueven a Colombia tras el terremoto&nbsp;<a href=\"https:\/\/elchiq.com\/index.php\/2026\/08\/13\/entre-escombros-y-esperanza-los-rescates-que-conmueven-a-colombia-tras-el-terremoto\/\">https:\/\/elchiq.com\/index.php\/2026\/08\/13\/entre-escombros-y-esperanza-los-rescates-que-conmueven-a-colombia-tras-el-terremoto\/<\/a><\/p>\n\n\n\n<p class=\"wp-block-paragraph\">www.elchiq.com https:\/\/www.google.com\/search?q=elchiq&amp;oq=elch&amp;gs_l<\/p>\n\n\n\n<p class=\"wp-block-paragraph\">Escuche la decembrina: https:\/\/ladecembrina.radio12345com\/google_vignette<\/p>\n\n\n\n<p class=\"wp-block-paragraph\">S\u00edganos en Facebook, Instagram, Telegram, Twitch, Discord, Linkedin, Flipboard, Mastodon,YouTube, X, Spotify, TikTok, Bluesky y nuestro canal de WhatsApp, para que reciba noticias de \u00faltima hora y m\u00e1s contenidos<\/p>\n","protected":false},"excerpt":{"rendered":"<p>Autoridades decretaron toque de queda ante la situaci\u00f3n de orden p\u00fablico del municipio. Por: redacci\u00f3n La Opini\u00f3n y Elchiq.comhttps:\/\/www.google.com\/search?q=elchiq&amp;oq=elch&amp;gs_l En la noche de este viernes,&nbsp;se registr\u00f3&nbsp;una alteraci\u00f3n del orden p\u00fablico en inmediaciones del&nbsp;Batall\u00f3n de Infanter\u00eda No. 15 General Francisco de Paula Santander, en Oca\u00f1a. La Segunda Divisi\u00f3n del Ej\u00e9rcito Nacional confirm\u00f3 que se trat\u00f3 de [&hellip;]<\/p>\n","protected":false},"author":2,"featured_media":0,"comment_status":"closed","ping_status":"closed","sticky":false,"template":"","format":"standard","meta":{"footnotes":""},"categories":[1],"tags":[],"class_list":["post-14640","post","type-post","status-publish","format-standard","hentry","category-uncategorized"],"_links":{"self":[{"href":"https:\/\/elchiq.com\/index.php\/wp-json\/wp\/v2\/posts\/14640","targetHints":{"allow":["GET"]}}],"collection":[{"href":"https:\/\/elchiq.com\/index.php\/wp-json\/wp\/v2\/posts"}],"about":[{"href":"https:\/\/elchiq.com\/index.php\/wp-json\/wp\/v2\/types\/post"}],"author":[{"embeddable":true,"href":"https:\/\/elchiq.com\/index.php\/wp-json\/wp\/v2\/users\/2"}],"replies":[{"embeddable":true,"href":"https:\/\/elchiq.com\/index.php\/wp-json\/wp\/v2\/comments?post=14640"}],"version-history":[{"count":1,"href":"https:\/\/elchiq.com\/index.php\/wp-json\/wp\/v2\/posts\/14640\/revisions"}],"predecessor-version":[{"id":14645,"href":"https:\/\/elchiq.com\/index.php\/wp-json\/wp\/v2\/posts\/14640\/revisions\/14645"}],"wp:attachment":[{"href":"https:\/\/elchiq.com\/index.php\/wp-json\/wp\/v2\/media?parent=14640"}],"wp:term":[{"taxonomy":"category","embeddable":true,"href":"https:\/\/elchiq.com\/index.php\/wp-json\/wp\/v2\/categories?post=14640"},{"taxonomy":"post_tag","embeddable":true,"href":"https:\/\/elchiq.com\/index.php\/wp-json\/wp\/v2\/tags?post=14640"}],"curies":[{"name":"wp","href":"https:\/\/api.w.org\/{rel}","templated":true}]}}