{"id":14646,"date":"2026-09-05T08:28:46","date_gmt":"2026-09-05T13:28:46","guid":{"rendered":"https:\/\/elchiq.com\/?p=14646"},"modified":"2026-09-05T08:28:46","modified_gmt":"2026-09-05T13:28:46","slug":"entrega-de-los-tanques-del-programa-cosecha-de-agua-susa-y-chiquinqura","status":"publish","type":"post","link":"https:\/\/elchiq.com\/index.php\/2026\/09\/05\/entrega-de-los-tanques-del-programa-cosecha-de-agua-susa-y-chiquinqura\/","title":{"rendered":"Entrega de los tanques del programa Cosecha de agua, Susa y Chiquinqur\u00e1"},"content":{"rendered":"\n<p class=\"wp-block-paragraph\">Seguimos fortaleciendo el cuidado del agua en Chiquinquir\u00e1&nbsp; y Susa<\/p>\n\n\n\n<figure class=\"wp-block-image size-full\"><img loading=\"lazy\" decoding=\"async\" width=\"739\" height=\"415\" src=\"https:\/\/elchiq.com\/wp-content\/uploads\/2026\/09\/image-29.png\" alt=\"\" class=\"wp-image-14647\" srcset=\"https:\/\/elchiq.com\/wp-content\/uploads\/2026\/09\/image-29.png 739w, https:\/\/elchiq.com\/wp-content\/uploads\/2026\/09\/image-29-300x168.png 300w\" sizes=\"auto, (max-width: 739px) 100vw, 739px\" \/><\/figure>\n\n\n\n<p class=\"wp-block-paragraph\">Por: redacci\u00f3n Alcald\u00eda de Chiquinquir, Susa y Elchiq.com<a href=\"https:\/\/www.google.com\/search?q=elchiq&amp;oq=elch&amp;gs_lcrp=EgZjaHJvbWUqDggAEEUYJxg7GIAEGIoFMg4IABBFGCcYOxiABBiKBTIPCAEQLhhDGLEDGIAEGIoFMg8IAhAuGEMYsQMYgAQYigUyBggDEEUYOTIHCAQQABiABDIHCAUQLhiABDIHCAYQABiABDIHCAcQABiABDIJCAgQABgKGIAEMgkICRAAGAoYgATSAQoxNjkwNWowajE1qAIMsAIB8QWjlxl85iD_VA&amp;sourceid=chrome&amp;ie=UTF-8\">https:\/\/www.google.com\/search?q=elchiq&amp;oq=elch&amp;gs_l<\/a><\/p>\n\n\n\n<p class=\"wp-block-paragraph\">El d\u00eda de ayer \u00a0se llev\u00f3 a cabo la entrega de tanques del programa \u201cCosecha de Agua Comunitaria\u201d, una iniciativa de la Corporaci\u00f3n Aut\u00f3noma Regional \u2013 CAR, en cabeza del director general Alfred Ignacio Ballesteros, Alcald\u00eda de Susa y la Alcald\u00eda de Chiquinquir\u00e1, que promueve la captaci\u00f3n, aprovechamiento y almacenamiento de agua lluvia.<\/p>\n\n\n\n<figure class=\"wp-block-image size-full\"><img loading=\"lazy\" decoding=\"async\" width=\"495\" height=\"619\" src=\"https:\/\/elchiq.com\/wp-content\/uploads\/2026\/09\/Pub-Abaco-terremoto-2026-23.jpg\" alt=\"\" class=\"wp-image-14648\" srcset=\"https:\/\/elchiq.com\/wp-content\/uploads\/2026\/09\/Pub-Abaco-terremoto-2026-23.jpg 495w, https:\/\/elchiq.com\/wp-content\/uploads\/2026\/09\/Pub-Abaco-terremoto-2026-23-240x300.jpg 240w\" sizes=\"auto, (max-width: 495px) 100vw, 495px\" \/><\/figure>\n\n\n\n<p class=\"wp-block-paragraph\">En total, fueron entregados 80 tanques de 1.000 litros para la zona rural y 20 tanques de 500 litros para la zona urbana, cada uno con su respectivo kit de canales, accesorios y elementos necesarios para su instalaci\u00f3n. Igualmente &nbsp;en Susa, fueron entregados 100 tanques de 1.000 litros para la zona rural y 20 tanques de 500 litros para la zona urbana, cada uno con su respectivo kit de canales, accesorios y elementos necesarios para su instalaci\u00f3n.<\/p>\n\n\n\n<p class=\"wp-block-paragraph\">Con esta estrategia se busca fortalecer el uso eficiente del recurso h\u00eddrico y apoyar a las familias durante temporadas de baja disponibilidad de agua, contribuyendo a la mitigaci\u00f3n de los efectos asociados al fen\u00f3meno de El Ni\u00f1o y los periodos de escasez.<\/p>\n\n\n\n<figure class=\"wp-block-image size-full\"><img loading=\"lazy\" decoding=\"async\" width=\"740\" height=\"625\" src=\"https:\/\/elchiq.com\/wp-content\/uploads\/2026\/09\/Pub-licorera-de-cundinamarca-5.jpg\" alt=\"\" class=\"wp-image-14649\" srcset=\"https:\/\/elchiq.com\/wp-content\/uploads\/2026\/09\/Pub-licorera-de-cundinamarca-5.jpg 740w, https:\/\/elchiq.com\/wp-content\/uploads\/2026\/09\/Pub-licorera-de-cundinamarca-5-300x253.jpg 300w\" sizes=\"auto, (max-width: 740px) 100vw, 740px\" \/><\/figure>\n\n\n\n<p class=\"wp-block-paragraph\">Cuidar el agua es cuidar la vida y el futuro de nuestra comunidad.<\/p>\n\n\n\n<p class=\"wp-block-paragraph\">Lea tambi\u00e9n: entre escombros y esperanza: los rescates que conmueven a Colombia tras el terremoto&nbsp;<a href=\"https:\/\/elchiq.com\/index.php\/2026\/08\/13\/entre-escombros-y-esperanza-los-rescates-que-conmueven-a-colombia-tras-el-terremoto\/\">https:\/\/elchiq.com\/index.php\/2026\/08\/13\/entre-escombros-y-esperanza-los-rescates-que-conmueven-a-colombia-tras-el-terremoto\/<\/a><\/p>\n\n\n\n<p class=\"wp-block-paragraph\">www.elchiq.com https:\/\/www.google.com\/search?q=elchiq&amp;oq=elch&amp;gs_l<\/p>\n\n\n\n<p class=\"wp-block-paragraph\">Escuche la decembrina: https:\/\/ladecembrina.radio12345com\/google_vignette<\/p>\n\n\n\n<p class=\"wp-block-paragraph\">S\u00edganos en Facebook, Instagram, Telegram, Twitch, Discord, Linkedin, Flipboard, Mastodon,YouTube, X, Spotify, TikTok, Bluesky y nuestro canal de WhatsApp, para que reciba noticias de \u00faltima hora y m\u00e1s contenidos<\/p>\n\n\n","protected":false},"excerpt":{"rendered":"<p>Seguimos fortaleciendo el cuidado del agua en Chiquinquir\u00e1&nbsp; y Susa Por: redacci\u00f3n Alcald\u00eda de Chiquinquir, Susa y Elchiq.comhttps:\/\/www.google.com\/search?q=elchiq&amp;oq=elch&amp;gs_l El d\u00eda de ayer \u00a0se llev\u00f3 a cabo la entrega de tanques del programa \u201cCosecha de Agua Comunitaria\u201d, una iniciativa de la Corporaci\u00f3n Aut\u00f3noma Regional \u2013 CAR, en cabeza del director general Alfred Ignacio Ballesteros, Alcald\u00eda de [&hellip;]<\/p>\n","protected":false},"author":2,"featured_media":0,"comment_status":"closed","ping_status":"closed","sticky":false,"template":"","format":"standard","meta":{"footnotes":""},"categories":[1],"tags":[],"class_list":["post-14646","post","type-post","status-publish","format-standard","hentry","category-uncategorized"],"_links":{"self":[{"href":"https:\/\/elchiq.com\/index.php\/wp-json\/wp\/v2\/posts\/14646","targetHints":{"allow":["GET"]}}],"collection":[{"href":"https:\/\/elchiq.com\/index.php\/wp-json\/wp\/v2\/posts"}],"about":[{"href":"https:\/\/elchiq.com\/index.php\/wp-json\/wp\/v2\/types\/post"}],"author":[{"embeddable":true,"href":"https:\/\/elchiq.com\/index.php\/wp-json\/wp\/v2\/users\/2"}],"replies":[{"embeddable":true,"href":"https:\/\/elchiq.com\/index.php\/wp-json\/wp\/v2\/comments?post=14646"}],"version-history":[{"count":1,"href":"https:\/\/elchiq.com\/index.php\/wp-json\/wp\/v2\/posts\/14646\/revisions"}],"predecessor-version":[{"id":14650,"href":"https:\/\/elchiq.com\/index.php\/wp-json\/wp\/v2\/posts\/14646\/revisions\/14650"}],"wp:attachment":[{"href":"https:\/\/elchiq.com\/index.php\/wp-json\/wp\/v2\/media?parent=14646"}],"wp:term":[{"taxonomy":"category","embeddable":true,"href":"https:\/\/elchiq.com\/index.php\/wp-json\/wp\/v2\/categories?post=14646"},{"taxonomy":"post_tag","embeddable":true,"href":"https:\/\/elchiq.com\/index.php\/wp-json\/wp\/v2\/tags?post=14646"}],"curies":[{"name":"wp","href":"https:\/\/api.w.org\/{rel}","templated":true}]}}