{"id":14683,"date":"2026-09-05T21:05:48","date_gmt":"2026-09-06T02:05:48","guid":{"rendered":"https:\/\/elchiq.com\/?p=14683"},"modified":"2026-09-05T21:05:48","modified_gmt":"2026-09-06T02:05:48","slug":"el-merengue-fest-llegara-a-chia-con-cinco-referentes-del-genero","status":"publish","type":"post","link":"https:\/\/elchiq.com\/index.php\/2026\/09\/05\/el-merengue-fest-llegara-a-chia-con-cinco-referentes-del-genero\/","title":{"rendered":"El Merengue Fest llegar\u00e1 a Ch\u00eda con cinco referentes del g\u00e9nero"},"content":{"rendered":"\n<p class=\"wp-block-paragraph\"><strong>Eddy Herrera, Sergio Vargas, Los Hermanos Rosario, Jossie Esteban y Rikarena har\u00e1n parte del concierto programado para el 5 de septiembre en el Centro de Eventos Autopista Norte, en Ch\u00eda. El evento hace parte de la agenda musical de la regi\u00f3n para el segundo semestre de 2026.<\/strong><\/p>\n\n\n\n<figure class=\"wp-block-image size-full\"><img loading=\"lazy\" decoding=\"async\" width=\"990\" height=\"556\" src=\"https:\/\/elchiq.com\/wp-content\/uploads\/2026\/09\/image-32.png\" alt=\"\" class=\"wp-image-14684\" srcset=\"https:\/\/elchiq.com\/wp-content\/uploads\/2026\/09\/image-32.png 990w, https:\/\/elchiq.com\/wp-content\/uploads\/2026\/09\/image-32-300x168.png 300w, https:\/\/elchiq.com\/wp-content\/uploads\/2026\/09\/image-32-767x431.png 767w\" sizes=\"auto, (max-width: 990px) 100vw, 990px\" \/><\/figure>\n\n\n\n<p class=\"wp-block-paragraph\">Por: redacci\u00f3n Guia Cundinamarca y Elchiq.com<a href=\"https:\/\/www.google.com\/search?q=elchiq&amp;oq=elch&amp;gs_lcrp=EgZjaHJvbWUqDggAEEUYJxg7GIAEGIoFMg4IABBFGCcYOxiABBiKBTIPCAEQLhhDGLEDGIAEGIoFMg8IAhAuGEMYsQMYgAQYigUyBggDEEUYOTIHCAQQABiABDIHCAUQLhiABDIHCAYQABiABDIHCAcQABiABDIJCAgQABgKGIAEMgkICRAAGAoYgATSAQoxNjkwNWowajE1qAIMsAIB8QWjlxl85iD_VA&amp;sourceid=chrome&amp;ie=UTF-8\">https:\/\/www.google.com\/search?q=elchiq&amp;oq=elch&amp;gs_l<\/a><\/p>\n\n\n\n<p class=\"wp-block-paragraph\">El&nbsp;<strong>merengue tendr\u00e1 una nueva cita en Cundinamarca<\/strong>. El pr\u00f3ximo&nbsp;<strong>s\u00e1bado 5 de septiembre de 2026<\/strong>, el Centro de Eventos Autopista Norte, en&nbsp;<strong>Ch\u00eda<\/strong>, recibir\u00e1 el Merengue Fest, concierto que reunir\u00e1 a cinco artistas y agrupaciones vinculadas a la trayectoria de este g\u00e9nero caribe\u00f1o.<\/p>\n\n\n\n<p class=\"wp-block-paragraph\">El cartel est\u00e1 integrado por&nbsp;<strong>Eddy Herrera, Sergio Vargas, Los Hermanos Rosario, Jossie Esteban y Rikarena<\/strong>, quienes compartir\u00e1n escenario durante una jornada programada para las 8:00 p. m. La apertura de puertas ser\u00e1 a las 7:00 p. m. y el evento est\u00e1 dirigido a mayores de 18 a\u00f1os.<\/p>\n\n\n\n<figure class=\"wp-block-image size-large\"><img loading=\"lazy\" decoding=\"async\" width=\"1024\" height=\"791\" src=\"https:\/\/elchiq.com\/wp-content\/uploads\/2026\/09\/pub-chinq-2-7-1024x791.jpg\" alt=\"\" class=\"wp-image-14685\" srcset=\"https:\/\/elchiq.com\/wp-content\/uploads\/2026\/09\/pub-chinq-2-7-1024x791.jpg 1024w, https:\/\/elchiq.com\/wp-content\/uploads\/2026\/09\/pub-chinq-2-7-300x232.jpg 300w, https:\/\/elchiq.com\/wp-content\/uploads\/2026\/09\/pub-chinq-2-7-767x593.jpg 767w, https:\/\/elchiq.com\/wp-content\/uploads\/2026\/09\/pub-chinq-2-7-1536x1187.jpg 1536w, https:\/\/elchiq.com\/wp-content\/uploads\/2026\/09\/pub-chinq-2-7.jpg 1650w\" sizes=\"auto, (max-width: 1024px) 100vw, 1024px\" \/><\/figure>\n\n\n\n<p class=\"wp-block-paragraph\"><strong>Un cartel con trayectoria en el merengue<\/strong><\/p>\n\n\n\n<p class=\"wp-block-paragraph\">Entre los artistas anunciados se encuentra&nbsp;<strong>Eddy Herrera<\/strong>, int\u00e9rprete dominicano reconocido por temas como&nbsp;<em>Qu\u00e9 Pena<\/em>&nbsp;y&nbsp;<em>Me Estoy Muriendo<\/em>, quien llegar\u00e1 al escenario junto a&nbsp;<strong>Sergio Vargas<\/strong>, tambi\u00e9n de Rep\u00fablica Dominicana y con una trayectoria de varias d\u00e9cadas dentro del g\u00e9nero.<\/p>\n\n\n\n<p class=\"wp-block-paragraph\">El espect\u00e1culo contar\u00e1 adem\u00e1s con la participaci\u00f3n de&nbsp;<strong>Los Hermanos Rosario<\/strong>, agrupaci\u00f3n dominicana vinculada a algunos de los temas m\u00e1s reconocidos del merengue, y&nbsp;<strong>Jossie Esteban<\/strong>, artista relacionado con la historia del merengue de las d\u00e9cadas de 1980 y 1990.<\/p>\n\n\n\n<figure class=\"wp-block-image size-large\"><img loading=\"lazy\" decoding=\"async\" width=\"633\" height=\"1024\" src=\"https:\/\/elchiq.com\/wp-content\/uploads\/2026\/09\/Pub-Risaton-10-633x1024.jpg\" alt=\"\" class=\"wp-image-14686\" srcset=\"https:\/\/elchiq.com\/wp-content\/uploads\/2026\/09\/Pub-Risaton-10-633x1024.jpg 633w, https:\/\/elchiq.com\/wp-content\/uploads\/2026\/09\/Pub-Risaton-10-185x300.jpg 185w, https:\/\/elchiq.com\/wp-content\/uploads\/2026\/09\/Pub-Risaton-10-768x1242.jpg 768w, https:\/\/elchiq.com\/wp-content\/uploads\/2026\/09\/Pub-Risaton-10.jpg 791w\" sizes=\"auto, (max-width: 633px) 100vw, 633px\" \/><\/figure>\n\n\n\n<p class=\"wp-block-paragraph\">El cartel lo completa&nbsp;<strong>Rikarena<\/strong>, agrupaci\u00f3n puertorrique\u00f1a que tambi\u00e9n hace parte de la historia del merengue y que tendr\u00e1 presencia en esta jornada musical.<\/p>\n\n\n\n<p class=\"wp-block-paragraph\">De acuerdo con la informaci\u00f3n publicada por la plataforma oficial de boleter\u00eda, el repertorio estar\u00e1 orientado a canciones representativas de las trayectorias de los artistas participantes.<\/p>\n\n\n\n<p class=\"wp-block-paragraph\"><strong>Ch\u00eda ser\u00e1 el escenario del concierto<\/strong><\/p>\n\n\n\n<p class=\"wp-block-paragraph\">Aunque la promoci\u00f3n inicial del evento lo presenta como un concierto en Bogot\u00e1,&nbsp;<strong>Tuboleta registra oficialmente a Ch\u00eda como la ciudad del evento<\/strong>, con el Centro de Eventos Autopista Norte como escenario.<\/p>\n\n\n\n<p class=\"wp-block-paragraph\">Esta ubicaci\u00f3n hace que el concierto tambi\u00e9n forme parte de la agenda de entretenimiento de&nbsp;<strong>Cundinamarca<\/strong>, particularmente de la zona Sabana Centro, y lo sit\u00faa en un punto de conexi\u00f3n para p\u00fablicos provenientes de municipios cercanos y de Bogot\u00e1.<\/p>\n\n\n\n<p class=\"wp-block-paragraph\">El Centro de Eventos Autopista Norte ha sido escenario de diferentes actividades y conciertos, aprovechando su ubicaci\u00f3n sobre uno de los principales corredores de conexi\u00f3n entre la capital y los municipios del norte de Cundinamarca.<\/p>\n\n\n\n<figure class=\"wp-block-image size-full\"><img loading=\"lazy\" decoding=\"async\" width=\"512\" height=\"640\" src=\"https:\/\/elchiq.com\/wp-content\/uploads\/2026\/09\/pUB-mINUTO-COL-10.jpg\" alt=\"\" class=\"wp-image-14687\" srcset=\"https:\/\/elchiq.com\/wp-content\/uploads\/2026\/09\/pUB-mINUTO-COL-10.jpg 512w, https:\/\/elchiq.com\/wp-content\/uploads\/2026\/09\/pUB-mINUTO-COL-10-240x300.jpg 240w\" sizes=\"auto, (max-width: 512px) 100vw, 512px\" \/><\/figure>\n\n\n\n<p class=\"wp-block-paragraph\"><strong>Fecha y horarios<\/strong><\/p>\n\n\n\n<p class=\"wp-block-paragraph\">El Merengue Fest est\u00e1 programado para el&nbsp;<strong>s\u00e1bado 5 de septiembre de 2026<\/strong>.<\/p>\n\n\n\n<ul class=\"wp-block-list\">\n<li><strong>Lugar:<\/strong>\u00a0Centro de Eventos Autopista Norte, Ch\u00eda, Cundinamarca.<\/li>\n\n\n\n<li><strong>Apertura de puertas:<\/strong>\u00a07:00 p. m.<\/li>\n\n\n\n<li><strong>Inicio del concierto:<\/strong>\u00a08:00 p. m.<\/li>\n\n\n\n<li><strong>Edad m\u00ednima:<\/strong>\u00a018 a\u00f1os.<\/li>\n\n\n\n<li><strong>Artistas:<\/strong>\u00a0Eddy Herrera, Sergio Vargas, Los Hermanos Rosario, Jossie Esteban y Rikarena.<\/li>\n<\/ul>\n\n\n\n<p class=\"wp-block-paragraph\">La boleter\u00eda se encuentra disponible a trav\u00e9s de&nbsp;<strong>Tuboleta<\/strong>, con diferentes localidades y modalidades de ingreso.<\/p>\n\n\n\n<p class=\"wp-block-paragraph\">As\u00ed,&nbsp;<strong>Ch\u00eda ser\u00e1 el punto de encuentro para una jornada dedicada al merengue el pr\u00f3ximo 5 de septiembre<\/strong>, en un evento que suma una propuesta musical de alcance internacional a la agenda cultural y de entretenimiento de Cundinamarca.<\/p>\n\n\n\n<p class=\"wp-block-paragraph\">Lea tambi\u00e9n: Espa\u00f1a, campeona del mundo por segunda vez gracias a un gol de Ferran en el minuto 106&nbsp;<a href=\"https:\/\/elchiq.com\/index.php\/2026\/07\/20\/espana-campeona-del-mundo-por-segunda-vez-gracias-a-un-gol-de-ferran-en-el-minuto-106\/\">https:\/\/elchiq.com\/index.php\/2026\/07\/20\/espana-campeona-del-mundo-por-segunda-vez-gracias-a-un-gol-de-ferran-en-el-minuto-106\/<\/a><\/p>\n\n\n\n<p class=\"wp-block-paragraph\">www.elchiq.com https:\/\/www.google.com\/search?q=elchiq&amp;oq=elch&amp;gs_l<\/p>\n\n\n\n<p class=\"wp-block-paragraph\">Escuche la decembrina: https:\/\/ladecembrina.radio12345com\/google_vignette<\/p>\n\n\n\n<p class=\"wp-block-paragraph\">S\u00edganos en Facebook, Instagram, Telegram, Twitch, Discord, Linkedin, Flipboard, Mastodon,YouTube, X, Spotify, TikTok, Bluesky y nuestro canal de WhatsApp, para que reciba noticias de \u00faltima hora y m\u00e1s contenidos<\/p>\n","protected":false},"excerpt":{"rendered":"<p>Eddy Herrera, Sergio Vargas, Los Hermanos Rosario, Jossie Esteban y Rikarena har\u00e1n parte del concierto programado para el 5 de septiembre en el Centro de Eventos Autopista Norte, en Ch\u00eda. El evento hace parte de la agenda musical de la regi\u00f3n para el segundo semestre de 2026. Por: redacci\u00f3n Guia Cundinamarca y Elchiq.comhttps:\/\/www.google.com\/search?q=elchiq&amp;oq=elch&amp;gs_l El&nbsp;merengue tendr\u00e1 [&hellip;]<\/p>\n","protected":false},"author":2,"featured_media":0,"comment_status":"closed","ping_status":"closed","sticky":false,"template":"","format":"standard","meta":{"footnotes":""},"categories":[1],"tags":[],"class_list":["post-14683","post","type-post","status-publish","format-standard","hentry","category-uncategorized"],"_links":{"self":[{"href":"https:\/\/elchiq.com\/index.php\/wp-json\/wp\/v2\/posts\/14683","targetHints":{"allow":["GET"]}}],"collection":[{"href":"https:\/\/elchiq.com\/index.php\/wp-json\/wp\/v2\/posts"}],"about":[{"href":"https:\/\/elchiq.com\/index.php\/wp-json\/wp\/v2\/types\/post"}],"author":[{"embeddable":true,"href":"https:\/\/elchiq.com\/index.php\/wp-json\/wp\/v2\/users\/2"}],"replies":[{"embeddable":true,"href":"https:\/\/elchiq.com\/index.php\/wp-json\/wp\/v2\/comments?post=14683"}],"version-history":[{"count":1,"href":"https:\/\/elchiq.com\/index.php\/wp-json\/wp\/v2\/posts\/14683\/revisions"}],"predecessor-version":[{"id":14688,"href":"https:\/\/elchiq.com\/index.php\/wp-json\/wp\/v2\/posts\/14683\/revisions\/14688"}],"wp:attachment":[{"href":"https:\/\/elchiq.com\/index.php\/wp-json\/wp\/v2\/media?parent=14683"}],"wp:term":[{"taxonomy":"category","embeddable":true,"href":"https:\/\/elchiq.com\/index.php\/wp-json\/wp\/v2\/categories?post=14683"},{"taxonomy":"post_tag","embeddable":true,"href":"https:\/\/elchiq.com\/index.php\/wp-json\/wp\/v2\/tags?post=14683"}],"curies":[{"name":"wp","href":"https:\/\/api.w.org\/{rel}","templated":true}]}}