{"id":8075,"date":"2026-04-13T14:49:07","date_gmt":"2026-04-13T19:49:07","guid":{"rendered":"https:\/\/elchiq.com\/?p=8075"},"modified":"2026-04-13T14:49:07","modified_gmt":"2026-04-13T19:49:07","slug":"politica-12","status":"publish","type":"post","link":"https:\/\/elchiq.com\/index.php\/2026\/04\/13\/politica-12\/","title":{"rendered":"Pol\u00edtica"},"content":{"rendered":"\n<p><strong>Bancada del partido de la U anuncia respaldo a candidatura presidencial de Paloma Valencia y Juan Daniel Oviedo<\/strong><\/p>\n\n\n\n<p>La semana pasada la colectividad hab\u00eda asegurado que no apoyar\u00eda a Iv\u00e1n Cepeda. Por su parte, Abelardo de la Espriella dijo que no aceptar\u00eda su posible respaldo.<\/p>\n\n\n\n<figure class=\"wp-block-image size-large\"><img loading=\"lazy\" decoding=\"async\" width=\"1024\" height=\"576\" src=\"https:\/\/elchiq.com\/wp-content\/uploads\/2026\/04\/Daniel-Oviedo-y-Paloma-1024x576.jpg\" alt=\"\" class=\"wp-image-8076\" srcset=\"https:\/\/elchiq.com\/wp-content\/uploads\/2026\/04\/Daniel-Oviedo-y-Paloma-1024x576.jpg 1024w, https:\/\/elchiq.com\/wp-content\/uploads\/2026\/04\/Daniel-Oviedo-y-Paloma-300x169.jpg 300w, https:\/\/elchiq.com\/wp-content\/uploads\/2026\/04\/Daniel-Oviedo-y-Paloma-768x432.jpg 768w, https:\/\/elchiq.com\/wp-content\/uploads\/2026\/04\/Daniel-Oviedo-y-Paloma.jpg 1200w\" sizes=\"auto, (max-width: 1024px) 100vw, 1024px\" \/><\/figure>\n\n\n\n<p>Por: redacci\u00f3n El Heraldo y elchiq.com<a href=\"https:\/\/www.google.com\/search?q=elchiq&amp;oq=elch&amp;gs_lcrp=EgZjaHJvbWUqDggAEEUYJxg7GIAEGIoFMg4IABBFGCcYOxiABBiKBTIPCAEQLhhDGLEDGIAEGIoFMg8IAhAuGEMYsQMYgAQYigUyBggDEEUYOTIHCAQQABiABDIHCAUQLhiABDIHCAYQABiABDIHCAcQABiABDIJCAgQABgKGIAEMgkICRAAGAoYgATSAQoxNjkwNWowajE1qAIMsAIB8QWjlxl85iD_VA&amp;sourceid=chrome&amp;ie=UTF-8\">https:\/\/www.google.com\/search?q=elchiq&amp;oq=elch&amp;gs_l<\/a><\/p>\n\n\n\n<p>La&nbsp;<strong>bancada&nbsp;<\/strong>de congresistas actuales y electos del&nbsp;<strong>partido de la U<\/strong>&nbsp;anunci\u00f3 en la ma\u00f1ana de este lunes, a trav\u00e9s de un comunicado, que apoyar\u00e1 la&nbsp;<strong>candidatura presidencial&nbsp;<\/strong>de&nbsp;<strong>Paloma Valencia<\/strong>&nbsp;y<strong>&nbsp;Juan Daniel Oviedo<\/strong>&nbsp;de cara a las&nbsp;<strong>elecciones&nbsp;<\/strong>del 31 de mayo.<\/p>\n\n\n\n<p>&nbsp;\u201cLa Direcci\u00f3n Colegiada del Partido de La U informa que la bancada de congresistas, tanto actuales como electos, ha decidido mayoritariamente acompa\u00f1ar la candidatura presidencial que mejor representa al centro, como es la encabezada por la doctora Paloma Valencia y el doctor Juan Daniel Oviedo\u201d, se lee en el comunicado.<\/p>\n\n\n\n<figure class=\"wp-block-image size-full\"><img loading=\"lazy\" decoding=\"async\" width=\"499\" height=\"676\" src=\"https:\/\/elchiq.com\/wp-content\/uploads\/2026\/04\/inm-elchiq-2025-12.jpg\" alt=\"\" class=\"wp-image-8077\" srcset=\"https:\/\/elchiq.com\/wp-content\/uploads\/2026\/04\/inm-elchiq-2025-12.jpg 499w, https:\/\/elchiq.com\/wp-content\/uploads\/2026\/04\/inm-elchiq-2025-12-221x300.jpg 221w\" sizes=\"auto, (max-width: 499px) 100vw, 499px\" \/><\/figure>\n\n\n\n<p>Agrega que esta decisi\u00f3n responde a la \u201cresponsabilidad\u201d del partido \u201ccon los colombianos de respaldar una opci\u00f3n que garantice la estabilidad institucional del Estado\u201d.<\/p>\n\n\n\n<p>Asimismo, enfatiz\u00f3 la colectividad, la f\u00f3rmula de Valencia-Oviedo garantiza \u201cla seguridad y la mejora en la calidad de vida de la poblaci\u00f3n, reafirmando nuestro compromiso con el fortalecimiento de las instituciones, el respeto por la democracia y la construcci\u00f3n de un pa\u00eds con oportunidades para todos\u201d.<\/p>\n\n\n\n<p>Cabe recordar que hace algunos d\u00edas, luego de un debate interno marcado por divisiones, la colectividad logr\u00f3 un consenso parcial: no respaldar la candidatura del senador Iv\u00e1n Cepeda, representante del Pacto Hist\u00f3rico y actual l\u00edder de las encuestas electorales en Colombia.<\/p>\n\n\n\n<p>Por su parte, el candidato presidencial Abelardo de la Espriella, segundo con mayor intenci\u00f3n de votos seg\u00fan encuestas, dijo que no aceptar\u00eda el apoyo del partido de la U a su campa\u00f1a.<\/p>\n\n\n\n<p>\u201cLos de SIEMPRE se juntan: el partido de Santos, el que fue partido de gobierno de Petro, deshojando margaritas. Se las pongo f\u00e1cil: conmigo no cuenten\u201d, public\u00f3 De la Espriella el pasado mi\u00e9rcoles en su cuenta de X (antes Twitter) como reacci\u00f3n al anuncio del partido de la U de no apoyar la candidatura de Cepeda.<\/p>\n\n\n\n<p>El anuncio de apoyo a Paloma Valencia fue formalizado a trav\u00e9s de un comunicado oficial firmado por la Direcci\u00f3n Colegiada del partido, representada por Clara Luz Rold\u00e1n y Alexander Vega Rocha, y por la bancada de congresistas. El documento se\u00f1ala que en el encuentro \u201cprim\u00f3 el di\u00e1logo democr\u00e1tico y constructivo sobre el panorama pol\u00edtico nacional y los retos que enfrenta el pa\u00eds\u201d.<\/p>\n\n\n\n<p>Lea tambi\u00e9n: FEDEMUNICIPIOS ACUSA AL GOBIERNO DE IRRESPONSABILIDAD MIENTRAS SE FIRMAN PRIMEROS ACUERDOS POR CRISIS DEL PREDIAL&nbsp;<a href=\"https:\/\/elchiq.com\/index.php\/2026\/04\/12\/fedemunicipios-acusa-al-gobierno-de-irresponsabilidad-mientras-se-firman-primeros-acuerdos-por-crisis-del-predial\/\">https:\/\/elchiq.com\/index.php\/2026\/04\/12\/fedemunicipios-acusa-al-gobierno-de-irresponsabilidad-mientras-se-firman-primeros-acuerdos-por-crisis-del-predial\/<\/a><\/p>\n\n\n\n<p>www.elchiq.com&nbsp;<a href=\"https:\/\/www.google.com\/search?q=elchiq&amp;oq=elch&amp;gs_lcrp=EgZjaHJvbWUqDggAEEUYJxg7GIAEGIoFMg4IABBFGCcYOxiABBiKBTIPCAEQLhhDGLEDGIAEGIoFMg8IAhAuGEMYsQMYgAQYigUyBggDEEUYOTIHCAQQABiABDIHCAUQLhiABDIHCAYQABiABDIHCAcQABiABDIJCAgQABgKGIAEMgkICRAAGAoYgATSAQoxNjkwNWowajE1qAIMsAIB8QWjlxl85iD_VA&amp;sourceid=chrome&amp;ie=UTF-8\">https:\/\/www.google.com\/search?q=elchiq&amp;oq=elch&amp;gs_l<\/a><\/p>\n\n\n\n<p>Escuche la decembrina: https:\/\/ladecembrina.radio12345com\/google_vignette<\/p>\n\n\n\n<p><em>S\u00edganos en&nbsp;<\/em><a href=\"https:\/\/www.facebook.com\/lapatria.manizales\/\"><em><strong>Facebook<\/strong><\/em><\/a><em>,&nbsp;<\/em><a href=\"https:\/\/www.instagram.com\/lapatriacom\/\"><em><strong>Instagram<\/strong><\/em><\/a><em>,&nbsp;<u>Telegram, Twitch, Discord, Linkedin, Flipboard, Mastodon,<\/u><\/em><a href=\"https:\/\/www.youtube.com\/c\/lapatriamanizales\"><em><strong>YouTube<\/strong><\/em><\/a><em>,&nbsp;<\/em><a href=\"https:\/\/x.com\/lapatriacom\"><em><strong>X<\/strong><\/em><\/a><em>,&nbsp;<\/em><a href=\"https:\/\/open.spotify.com\/show\/6g6JYPUSpJ9ko2aXYSW58c?si=03f8e849c81b44c3\"><em><strong>Spotify<\/strong><\/em><\/a><em>,&nbsp;<\/em><a href=\"https:\/\/www.tiktok.com\/@lapatriacom\"><em><strong>TikTok<\/strong><\/em><\/a><em>, Bluesky&nbsp;y&nbsp;nuestro&nbsp;<\/em><a href=\"https:\/\/whatsapp.com\/channel\/0029VZzvCmI4inoxaRFQWt2v\"><em><strong>canal de WhatsApp<\/strong><\/em><\/a><em>, para que reciba noticias de \u00faltima hora y m\u00e1s contenidos<\/em><\/p>\n\n\n\n<p><a href=\"https:\/\/elchiq.com\/index.php\/category\/uncategorized\/\">Uncategorized<\/a><\/p>\n","protected":false},"excerpt":{"rendered":"<p>Bancada del partido de la U anuncia respaldo a candidatura presidencial de Paloma Valencia y Juan Daniel Oviedo La semana pasada la colectividad hab\u00eda asegurado que no apoyar\u00eda a Iv\u00e1n Cepeda. Por su parte, Abelardo de la Espriella dijo que no aceptar\u00eda su posible respaldo. Por: redacci\u00f3n El Heraldo y elchiq.comhttps:\/\/www.google.com\/search?q=elchiq&amp;oq=elch&amp;gs_l La&nbsp;bancada&nbsp;de congresistas actuales y [&hellip;]<\/p>\n","protected":false},"author":2,"featured_media":0,"comment_status":"closed","ping_status":"closed","sticky":false,"template":"","format":"standard","meta":{"footnotes":""},"categories":[1],"tags":[],"class_list":["post-8075","post","type-post","status-publish","format-standard","hentry","category-uncategorized"],"_links":{"self":[{"href":"https:\/\/elchiq.com\/index.php\/wp-json\/wp\/v2\/posts\/8075","targetHints":{"allow":["GET"]}}],"collection":[{"href":"https:\/\/elchiq.com\/index.php\/wp-json\/wp\/v2\/posts"}],"about":[{"href":"https:\/\/elchiq.com\/index.php\/wp-json\/wp\/v2\/types\/post"}],"author":[{"embeddable":true,"href":"https:\/\/elchiq.com\/index.php\/wp-json\/wp\/v2\/users\/2"}],"replies":[{"embeddable":true,"href":"https:\/\/elchiq.com\/index.php\/wp-json\/wp\/v2\/comments?post=8075"}],"version-history":[{"count":1,"href":"https:\/\/elchiq.com\/index.php\/wp-json\/wp\/v2\/posts\/8075\/revisions"}],"predecessor-version":[{"id":8078,"href":"https:\/\/elchiq.com\/index.php\/wp-json\/wp\/v2\/posts\/8075\/revisions\/8078"}],"wp:attachment":[{"href":"https:\/\/elchiq.com\/index.php\/wp-json\/wp\/v2\/media?parent=8075"}],"wp:term":[{"taxonomy":"category","embeddable":true,"href":"https:\/\/elchiq.com\/index.php\/wp-json\/wp\/v2\/categories?post=8075"},{"taxonomy":"post_tag","embeddable":true,"href":"https:\/\/elchiq.com\/index.php\/wp-json\/wp\/v2\/tags?post=8075"}],"curies":[{"name":"wp","href":"https:\/\/api.w.org\/{rel}","templated":true}]}}