{"id":8397,"date":"2026-04-25T10:11:35","date_gmt":"2026-04-25T15:11:35","guid":{"rendered":"https:\/\/elchiq.com\/?p=8397"},"modified":"2026-04-25T10:11:35","modified_gmt":"2026-04-25T15:11:35","slug":"deporte-8","status":"publish","type":"post","link":"https:\/\/elchiq.com\/index.php\/2026\/04\/25\/deporte-8\/","title":{"rendered":"Deporte"},"content":{"rendered":"\n<h1 class=\"wp-block-heading\"><strong>Luto en el ciclismo colombiano: fallece Cristian Camilo Mu\u00f1oz y conmociona al ciclismo internacional<\/strong><\/h1>\n\n\n\n<p>El equipo NU Colombia se retira de la Vuelta a Asturias y el ciclismo rinde homenaje al corredor boyacense<\/p>\n\n\n\n<figure class=\"wp-block-image size-full\"><img loading=\"lazy\" decoding=\"async\" width=\"988\" height=\"741\" src=\"https:\/\/elchiq.com\/wp-content\/uploads\/2026\/04\/image-82.png\" alt=\"\" class=\"wp-image-8398\" srcset=\"https:\/\/elchiq.com\/wp-content\/uploads\/2026\/04\/image-82.png 988w, https:\/\/elchiq.com\/wp-content\/uploads\/2026\/04\/image-82-300x225.png 300w, https:\/\/elchiq.com\/wp-content\/uploads\/2026\/04\/image-82-768x576.png 768w\" sizes=\"auto, (max-width: 988px) 100vw, 988px\" \/><\/figure>\n\n\n\n<p>Por: redacci\u00f3n Caracol y Elchiq.com<a href=\"https:\/\/www.google.com\/search?q=elchiq&amp;oq=elch&amp;gs_lcrp=EgZjaHJvbWUqDggAEEUYJxg7GIAEGIoFMg4IABBFGCcYOxiABBiKBTIPCAEQLhhDGLEDGIAEGIoFMg8IAhAuGEMYsQMYgAQYigUyBggDEEUYOTIHCAQQABiABDIHCAUQLhiABDIHCAYQABiABDIHCAcQABiABDIJCAgQABgKGIAEMgkICRAAGAoYgATSAQoxNjkwNWowajE1qAIMsAIB8QWjlxl85iD_VA&amp;sourceid=chrome&amp;ie=UTF-8\">https:\/\/www.google.com\/search?q=elchiq&amp;oq=elch&amp;gs_l<\/a><\/p>\n\n\n\n<p>El ciclismo colombiano atraviesa un momento de profundo dolor tras confirmarse el fallecimiento del pedalista&nbsp;<strong>boyacense Cristian Camilo Mu\u00f1oz Lancheros<\/strong>, quien perdi\u00f3 la vida este&nbsp;<strong>viernes 24 de abril en Europa<\/strong>, como consecuencia de complicaciones m\u00e9dicas derivadas de un accidente sufrido d\u00edas atr\u00e1s en competencia.<\/p>\n\n\n\n<p>Le puede interesar tambi\u00e9n:&nbsp;<a href=\"https:\/\/caracol.com.co\/2026\/04\/24\/risueno-a-rodallega-me-sorprende-que-no-entienda-que-lo-que-pasa-en-el-campo-se-queda-en-el-campo\/\" target=\"_blank\" rel=\"noreferrer noopener\">Risue\u00f1o a Rodallega: \u201cMe sorprende que no entienda que lo que pasa en el campo se queda en el campo\u201d<\/a><\/p>\n\n\n\n<p><strong>Mu\u00f1oz, de 30 a\u00f1os, hab\u00eda sufrido una fuerte ca\u00edda el pasado 18 de abril durante la disputa del Tour du Jura, en Francia.<\/strong>&nbsp;El incidente le provoc\u00f3 una grave lesi\u00f3n en la rodilla que, aunque en principio fue tratada, termin\u00f3 agrav\u00e1ndose con el paso de los d\u00edas. Posteriormente,<strong>&nbsp;el corredor se traslad\u00f3 a Asturias junto a su equipo, el NU Colombia<\/strong>, donde su estado de salud empeor\u00f3, obligando a su hospitalizaci\u00f3n e intervenci\u00f3n quir\u00fargica.<\/p>\n\n\n\n<figure class=\"wp-block-image size-large is-resized\"><img loading=\"lazy\" decoding=\"async\" width=\"1024\" height=\"791\" src=\"https:\/\/elchiq.com\/wp-content\/uploads\/2026\/04\/Calle-del-hambre-2-8-1024x791.jpg\" alt=\"\" class=\"wp-image-8399\" style=\"aspect-ratio:1.2945706666666668;width:664px;height:auto\" srcset=\"https:\/\/elchiq.com\/wp-content\/uploads\/2026\/04\/Calle-del-hambre-2-8-1024x791.jpg 1024w, https:\/\/elchiq.com\/wp-content\/uploads\/2026\/04\/Calle-del-hambre-2-8-300x232.jpg 300w, https:\/\/elchiq.com\/wp-content\/uploads\/2026\/04\/Calle-del-hambre-2-8-768x593.jpg 768w, https:\/\/elchiq.com\/wp-content\/uploads\/2026\/04\/Calle-del-hambre-2-8-1536x1187.jpg 1536w, https:\/\/elchiq.com\/wp-content\/uploads\/2026\/04\/Calle-del-hambre-2-8.jpg 1650w\" sizes=\"auto, (max-width: 1024px) 100vw, 1024px\" \/><\/figure>\n\n\n\n<p>A pesar de los esfuerzos del equipo m\u00e9dico, las complicaciones fueron irreversibles.&nbsp;<strong>La noticia fue confirmada por su equipo mediante un comunicado oficial<\/strong>&nbsp;en el que expresaron el profundo dolor por la p\u00e9rdida de su compa\u00f1ero:<\/p>\n\n\n\n<p>\u201cPara el equipo de ciclismo Nu Colombia es muy triste informar<strong>&nbsp;el fallecimiento de su corredor Cristian Camilo Mu\u00f1oz, ocurrido en las \u00faltimas horas en Europa<\/strong>&nbsp;como consecuencia de complicaciones m\u00e9dicas derivadas del accidente sufrido el pasado s\u00e1bado durante la disputa del Tour du Jura, en Francia\u201d.<\/p>\n\n\n\n<figure class=\"wp-block-image size-full\"><img loading=\"lazy\" decoding=\"async\" width=\"650\" height=\"832\" src=\"https:\/\/elchiq.com\/wp-content\/uploads\/2026\/04\/image-83.png\" alt=\"\" class=\"wp-image-8400\" srcset=\"https:\/\/elchiq.com\/wp-content\/uploads\/2026\/04\/image-83.png 650w, https:\/\/elchiq.com\/wp-content\/uploads\/2026\/04\/image-83-234x300.png 234w\" sizes=\"auto, (max-width: 650px) 100vw, 650px\" \/><\/figure>\n\n\n\n<p>La tragedia ha generado una fuerte conmoci\u00f3n en el pelot\u00f3n internacional y, especialmente, en el ciclismo colombiano, que hoy lamenta la partida de uno de sus corredores. Como muestra de duelo y respeto,&nbsp;<strong>el equipo NU Colombia tom\u00f3 la decisi\u00f3n de retirarse de la Vuelta a Asturias<\/strong>, en una jornada marcada por el silencio y la solidaridad entre equipos.<\/p>\n\n\n\n<p>Antes del inicio de la segunda etapa de la competencia, la organizaci\u00f3n de la carrera realiz\u00f3 un emotivo minuto de silencio en memoria de<strong>&nbsp;Cristian Camilo Mu\u00f1oz.&nbsp;<\/strong>Adem\u00e1s, los veh\u00edculos oficiales de la prueba lucieron crespones negros como s\u00edmbolo de luto, en una despedida que uni\u00f3 al ciclismo en torno al recuerdo del corredor colombiano.<\/p>\n\n\n\n<p>Lea ambi\u00e9n&nbsp;<strong>Ministro de Educaci\u00f3n y director de la UNGRD son citados a control pol\u00edtico tras denuncias de Angie Rodr\u00edguez<\/strong><a href=\"https:\/\/elchiq.com\/index.php\/2026\/04\/22\/politica-17\/\">&nbsp;<\/a><a href=\"https:\/\/elchiq.com\/index.php\/2026\/04\/22\/politica-17\/\">https:\/\/elchiq.com\/index.php\/2026\/04\/22\/politica-17\/<\/a><\/p>\n\n\n\n<p>www.elchiq.com&nbsp;<a href=\"https:\/\/www.google.com\/search?q=elchiq&amp;oq=elch&amp;gs_lcrp=EgZjaHJvbWUqDggAEEUYJxg7GIAEGIoFMg4IABBFGCcYOxiABBiKBTIPCAEQLhhDGLEDGIAEGIoFMg8IAhAuGEMYsQMYgAQYigUyBggDEEUYOTIHCAQQABiABDIHCAUQLhiABDIHCAYQABiABDIHCAcQABiABDIJCAgQABgKGIAEMgkICRAAGAoYgATSAQoxNjkwNWowajE1qAIMsAIB8QWjlxl85iD_VA&amp;sourceid=chrome&amp;ie=UTF-8\">https:\/\/www.google.com\/search?q=elchiq&amp;oq=elch&amp;gs_l<\/a><\/p>\n\n\n\n<p>Escuche la decembrina: https:\/\/ladecembrina.radio12345com\/google_vignette<\/p>\n\n\n\n<p><em>S\u00edganos en&nbsp;<\/em><a href=\"https:\/\/www.facebook.com\/lapatria.manizales\/\"><em><strong>Facebook<\/strong><\/em><\/a><em>,&nbsp;<\/em><a href=\"https:\/\/www.instagram.com\/lapatriacom\/\"><em><strong>Instagram<\/strong><\/em><\/a><em>,&nbsp;<u>Telegram, Twitch, Discord, Linkedin, Flipboard, Mastodon,<\/u><\/em><a href=\"https:\/\/www.youtube.com\/c\/lapatriamanizales\"><em><strong>YouTube<\/strong><\/em><\/a><em>,&nbsp;<\/em><a href=\"https:\/\/x.com\/lapatriacom\"><em><strong>X<\/strong><\/em><\/a><em>,&nbsp;<\/em><a href=\"https:\/\/open.spotify.com\/show\/6g6JYPUSpJ9ko2aXYSW58c?si=03f8e849c81b44c3\"><em><strong>Spotify<\/strong><\/em><\/a><em>,&nbsp;<\/em><a href=\"https:\/\/www.tiktok.com\/@lapatriacom\"><em><strong>TikTok<\/strong><\/em><\/a><em>, Bluesky&nbsp;y&nbsp;nuestro&nbsp;<\/em><a href=\"https:\/\/whatsapp.com\/channel\/0029VZzvCmI4inoxaRFQWt2v\"><em><strong>canal de WhatsApp<\/strong><\/em><\/a><em>, para que reciba noticias de \u00faltima hora y m\u00e1s contenidos<\/em><\/p>\n","protected":false},"excerpt":{"rendered":"<p>Luto en el ciclismo colombiano: fallece Cristian Camilo Mu\u00f1oz y conmociona al ciclismo internacional El equipo NU Colombia se retira de la Vuelta a Asturias y el ciclismo rinde homenaje al corredor boyacense Por: redacci\u00f3n Caracol y Elchiq.comhttps:\/\/www.google.com\/search?q=elchiq&amp;oq=elch&amp;gs_l El ciclismo colombiano atraviesa un momento de profundo dolor tras confirmarse el fallecimiento del pedalista&nbsp;boyacense Cristian Camilo [&hellip;]<\/p>\n","protected":false},"author":2,"featured_media":0,"comment_status":"closed","ping_status":"closed","sticky":false,"template":"","format":"standard","meta":{"footnotes":""},"categories":[1],"tags":[],"class_list":["post-8397","post","type-post","status-publish","format-standard","hentry","category-uncategorized"],"_links":{"self":[{"href":"https:\/\/elchiq.com\/index.php\/wp-json\/wp\/v2\/posts\/8397","targetHints":{"allow":["GET"]}}],"collection":[{"href":"https:\/\/elchiq.com\/index.php\/wp-json\/wp\/v2\/posts"}],"about":[{"href":"https:\/\/elchiq.com\/index.php\/wp-json\/wp\/v2\/types\/post"}],"author":[{"embeddable":true,"href":"https:\/\/elchiq.com\/index.php\/wp-json\/wp\/v2\/users\/2"}],"replies":[{"embeddable":true,"href":"https:\/\/elchiq.com\/index.php\/wp-json\/wp\/v2\/comments?post=8397"}],"version-history":[{"count":1,"href":"https:\/\/elchiq.com\/index.php\/wp-json\/wp\/v2\/posts\/8397\/revisions"}],"predecessor-version":[{"id":8401,"href":"https:\/\/elchiq.com\/index.php\/wp-json\/wp\/v2\/posts\/8397\/revisions\/8401"}],"wp:attachment":[{"href":"https:\/\/elchiq.com\/index.php\/wp-json\/wp\/v2\/media?parent=8397"}],"wp:term":[{"taxonomy":"category","embeddable":true,"href":"https:\/\/elchiq.com\/index.php\/wp-json\/wp\/v2\/categories?post=8397"},{"taxonomy":"post_tag","embeddable":true,"href":"https:\/\/elchiq.com\/index.php\/wp-json\/wp\/v2\/tags?post=8397"}],"curies":[{"name":"wp","href":"https:\/\/api.w.org\/{rel}","templated":true}]}}