{"id":8402,"date":"2026-04-25T10:21:57","date_gmt":"2026-04-25T15:21:57","guid":{"rendered":"https:\/\/elchiq.com\/?p=8402"},"modified":"2026-04-25T10:21:57","modified_gmt":"2026-04-25T15:21:57","slug":"judicial-3","status":"publish","type":"post","link":"https:\/\/elchiq.com\/index.php\/2026\/04\/25\/judicial-3\/","title":{"rendered":"Judicial"},"content":{"rendered":"\n<p><strong>Violenta ri\u00f1a entre hinchas de Nacional y Junior deja dos muertos en Bogot\u00e1<\/strong><\/p>\n\n\n\n<p>Las autoridades investigan los hechos. Se habr\u00edan presentado ataques con armas de fuego y armas blancas.<\/p>\n\n\n\n<figure class=\"wp-block-image size-full is-resized\"><img loading=\"lazy\" decoding=\"async\" width=\"780\" height=\"565\" src=\"https:\/\/elchiq.com\/wp-content\/uploads\/2026\/04\/image-84.png\" alt=\"\" class=\"wp-image-8403\" style=\"width:893px;height:auto\" srcset=\"https:\/\/elchiq.com\/wp-content\/uploads\/2026\/04\/image-84.png 780w, https:\/\/elchiq.com\/wp-content\/uploads\/2026\/04\/image-84-300x217.png 300w, https:\/\/elchiq.com\/wp-content\/uploads\/2026\/04\/image-84-768x556.png 768w\" sizes=\"auto, (max-width: 780px) 100vw, 780px\" \/><\/figure>\n\n\n\n<p>Por: redacci\u00f3n El Colombiano y elchiq.com<a href=\"https:\/\/www.google.com\/search?q=elchiq&amp;oq=elch&amp;gs_lcrp=EgZjaHJvbWUqDggAEEUYJxg7GIAEGIoFMg4IABBFGCcYOxiABBiKBTIPCAEQLhhDGLEDGIAEGIoFMg8IAhAuGEMYsQMYgAQYigUyBggDEEUYOTIHCAQQABiABDIHCAUQLhiABDIHCAYQABiABDIHCAcQABiABDIJCAgQABgKGIAEMgkICRAAGAoYgATSAQoxNjkwNWowajE1qAIMsAIB8QWjlxl85iD_VA&amp;sourceid=chrome&amp;ie=UTF-8\">https:\/\/www.google.com\/search?q=elchiq&amp;oq=elch&amp;gs_l<\/a><\/p>\n\n\n\n<p>Una ri\u00f1a entre hinchas de Atl\u00e9tico Nacional y Junior dej\u00f3&nbsp;<strong>dos muertos en el centro de Bogot\u00e1<\/strong>, concretamente en la localidad de Santa Fe, en la calle 24 con carrera 15, en plena zona de tolerancia de la capital.<\/p>\n\n\n\n<p>La noticia llega en medio de una oleada de atracos y problemas de orden p\u00fablico que vienen present\u00e1ndose en Bogot\u00e1; entre otros,<strong>&nbsp;el ataque armado a la aspirante a la Contralor\u00eda General de la Naci\u00f3n Elvia Isabel Otero<\/strong>&nbsp;y el asesinato de un estudiante de la Uniminuto en una estaci\u00f3n de Transmilenio.<\/p>\n\n\n\n<figure class=\"wp-block-image size-large is-resized\"><img loading=\"lazy\" decoding=\"async\" width=\"1024\" height=\"946\" src=\"https:\/\/elchiq.com\/wp-content\/uploads\/2026\/04\/Abelardo-31-de-mayo-10-1024x946.jpg\" alt=\"\" class=\"wp-image-8404\" style=\"aspect-ratio:1.0824652158401713;width:717px;height:auto\" srcset=\"https:\/\/elchiq.com\/wp-content\/uploads\/2026\/04\/Abelardo-31-de-mayo-10-1024x946.jpg 1024w, https:\/\/elchiq.com\/wp-content\/uploads\/2026\/04\/Abelardo-31-de-mayo-10-300x277.jpg 300w, https:\/\/elchiq.com\/wp-content\/uploads\/2026\/04\/Abelardo-31-de-mayo-10-768x709.jpg 768w, https:\/\/elchiq.com\/wp-content\/uploads\/2026\/04\/Abelardo-31-de-mayo-10-1536x1418.jpg 1536w, https:\/\/elchiq.com\/wp-content\/uploads\/2026\/04\/Abelardo-31-de-mayo-10.jpg 2048w\" sizes=\"auto, (max-width: 1024px) 100vw, 1024px\" \/><\/figure>\n\n\n\n<p>La Polic\u00eda Metropolitana de Bogot\u00e1&nbsp;<strong>inform\u00f3 que se enfrentaron un grupo de hinchas de Nacional y Junior.<\/strong>&nbsp;Los verdes ven\u00edan desde el sector de La Rebeca, donde suelen juntarse, cuando los aficionados del \u201cTibur\u00f3n\u201d les habr\u00edan dicho que no deber\u00edan estar en el lugar, por lo que empezaron a agredirse.<\/p>\n\n\n\n<p>En medio de la ri\u00f1a, una persona con&nbsp;<a href=\"https:\/\/www.elcolombiano.com\/cronologia\/noticias\/meta\/armas\" target=\"_blank\" rel=\"noreferrer noopener\">arma de fuego<\/a>&nbsp;gener\u00f3 tres personas heridas, y tres por arma cortopunzante. Lamentablemente, dos murieron; todos<a href=\"https:\/\/www.elcolombiano.com\/cronologia\/noticias\/meta\/Atletico-Nacional\" target=\"_blank\" rel=\"noreferrer noopener\">&nbsp;hinchas de Nacional<\/a>, seg\u00fan inform\u00f3 la Polic\u00eda Metropolitana a los medios de comunicaci\u00f3n.<\/p>\n\n\n\n<p>Esto est\u00e1 basado en versiones y testimonios, pero la investigaci\u00f3n a fondo ya est\u00e1 en manos de las autoridades competentes.<\/p>\n\n\n\n<p>\u201cEstamos ac\u00e1 con todo el equipo de investigaci\u00f3n, el&nbsp;<a href=\"https:\/\/www.elcolombiano.com\/cronologia\/noticias\/meta\/cti-cuerpo-tecnico-de-investigacion-\" target=\"_blank\" rel=\"noreferrer noopener\">CTI (Cuerpo de Investigaci\u00f3n T\u00e9cnica)&nbsp;<\/a>de la Fiscal\u00eda y estamos trabajando, recopilando las c\u00e1maras, escuchando las versiones y los testigos que puedan esclarecer el hecho\u201d, seg\u00fan inform\u00f3 el comandante general de la Polic\u00eda Metropolitana, general Giovanni Cristancho, d<strong>esde el lugar de los hechos, en la noche del 22 de abril.<\/strong><\/p>\n\n\n\n<figure class=\"wp-block-image size-large is-resized\"><img loading=\"lazy\" decoding=\"async\" width=\"1024\" height=\"791\" src=\"https:\/\/elchiq.com\/wp-content\/uploads\/2026\/04\/Inm-Elchiq-9-1024x791.jpg\" alt=\"\" class=\"wp-image-8405\" style=\"aspect-ratio:1.2941289373227272;width:782px;height:auto\" srcset=\"https:\/\/elchiq.com\/wp-content\/uploads\/2026\/04\/Inm-Elchiq-9-1024x791.jpg 1024w, https:\/\/elchiq.com\/wp-content\/uploads\/2026\/04\/Inm-Elchiq-9-300x232.jpg 300w, https:\/\/elchiq.com\/wp-content\/uploads\/2026\/04\/Inm-Elchiq-9-768x593.jpg 768w, https:\/\/elchiq.com\/wp-content\/uploads\/2026\/04\/Inm-Elchiq-9-1536x1187.jpg 1536w, https:\/\/elchiq.com\/wp-content\/uploads\/2026\/04\/Inm-Elchiq-9.jpg 1650w\" sizes=\"auto, (max-width: 1024px) 100vw, 1024px\" \/><\/figure>\n\n\n\n<p>Y a\u00f1adi\u00f3 que \u201ctodos los mi\u00e9rcoles ellos se re\u00fanen (los hinchas) y hasta ahora nunca hab\u00eda ocurrido una situaci\u00f3n especial con ellos, se re\u00fanen a programar d\u00f3nde van a apoyar al equipo. Lastimosamente, hoy, cuando pasaron por este lugar, fueron agredidos por supuestamente&nbsp;<a href=\"https:\/\/www.elcolombiano.com\/cronologia\/noticias\/meta\/atletico-junior\" target=\"_blank\" rel=\"noreferrer noopener\">hinchas del Junior<\/a>\u201d.<\/p>\n\n\n\n<p><strong>Antecedentes: batalla campal en el estadio Atanasio Girardot<\/strong><\/p>\n\n\n\n<p>No es la primera vez que se presenta una ri\u00f1a entre simpatizantes de estos equipos.<strong>&nbsp;La m\u00e1s medi\u00e1tica en los \u00faltimos a\u00f1os fue en septiembre de 2024<\/strong>, cuando un partido entre Junior y Atl\u00e9tico Nacional fue suspendido en el estadio Atanasio Girardot de Medell\u00edn.<\/p>\n\n\n\n<p>Despu\u00e9s de un segundo gol de Nacional, se desat\u00f3 una batalla campal en las tribunas del estadio que incluy\u00f3 cuchilladas y patadas, con un saldo de m\u00e1s de 20 heridos.<\/p>\n\n\n\n<p><strong>M\u00e1s noticias de orden p\u00fablico en Bogot\u00e1: atentado a aspirante a la Contralor\u00eda<\/strong><\/p>\n\n\n\n<p><strong>Este 22 de marzo en Bogot\u00e1 tambi\u00e9n se present\u00f3 un ataque armado en Ciudad Salitre<\/strong>, contra la camioneta blindada en la que estaba Elvia Isabel Otero, aspirante a contralora general de la Naci\u00f3n.<\/p>\n\n\n\n<p><a href=\"https:\/\/www.elcolombiano.com\/entretenimiento\/revelan-video-asesinato-exreina-carolina-flores-muestran-imagenes-AN35832828\"><\/a><\/p>\n\n\n\n<p>El incidente ocurri\u00f3 hacia las 5 de la tarde en la intersecci\u00f3n de la calle 25 con la carrera 69.<\/p>\n\n\n\n<p>De acuerdo con las autoridades, Otero, de 65 a\u00f1os, se desplazaba en una camioneta blanca de la&nbsp;<a href=\"https:\/\/www.elcolombiano.com\/cronologia\/noticias\/meta\/unidad-nacional-de-proteccion\" target=\"_blank\" rel=\"noreferrer noopener\">Unidad Nacional de Protecci\u00f3n (UNP)<\/a>&nbsp;en compa\u00f1\u00eda de su hija.<\/p>\n\n\n\n<p>El ataque se produjo cuando el carro lleg\u00f3 a una peluquer\u00eda donde la aspirante ten\u00eda una cita. Antes de que pudiera bajarse, dos hombres en una moto las interceptaron y abrieron fuego.<\/p>\n\n\n\n<p>Seg\u00fan informaci\u00f3n recopilada por medios locales, quienes caminaban por el sector vivieron momentos de p\u00e1nico al escuchar la r\u00e1faga de disparos.<\/p>\n\n\n\n<p>Los proyectiles impactaron el vidrio lateral derecho y la puerta delantera del veh\u00edculo, algo que desencaden\u00f3 la reacci\u00f3n inmediata del esquema de seguridad, que realiz\u00f3 al menos dos disparos para repeler la agresi\u00f3n, algo que gener\u00f3 un intercambio de fuego que oblig\u00f3 a los sicarios a huir en contrav\u00eda.<\/p>\n\n\n\n<p>Pese a la intensidad del ataque, las autoridades confirmaron que no se registraron personas heridas ni v\u00edctimas fatales.&nbsp;<strong>Tanto Elvia Isabel Otero como su hija resultaron ilesas gracias a la intervenci\u00f3n de sus protectores y al blindaje de la camioneta.<\/strong><\/p>\n\n\n\n<p><strong>Asesinaron a un estudiante por robarle el celular<\/strong><\/p>\n\n\n\n<p>El 15 de abril, el estudiante de la Corporaci\u00f3n Universitaria Minuto de Dios (Uniminuto) Fredy Santiago Guzm\u00e1n C\u00e1rdenas, de 19 a\u00f1os, fue asesinado en la capital.<\/p>\n\n\n\n<p>Los hechos ocurrieron hacia las 9:35 de la noche, cuando sal\u00eda de clase con destino a la estaci\u00f3n Minuto de Dios de TransMilenio para esperar la ruta que lo llevar\u00eda a su casa.<\/p>\n\n\n\n<p>Sin embargo, fue abordado por un&nbsp;<a href=\"https:\/\/www.elcolombiano.com\/cronologia\/noticias\/meta\/hurto\" target=\"_blank\" rel=\"noreferrer noopener\">delincuente<\/a>, quien habr\u00eda ingresado por la otra puerta de la estaci\u00f3n y pretend\u00eda robarle su celular.&nbsp;<strong>Durante el forcejeo, Fredy fue agredido con&nbsp;<\/strong><strong><a href=\"https:\/\/www.elcolombiano.com\/cronologia\/noticias\/meta\/armas-blancas\" target=\"_blank\" rel=\"noreferrer noopener\">arma blanca<\/a><\/strong><strong>&nbsp;y result\u00f3 herido de gravedad<\/strong>. El delincuente huy\u00f3 hacia el occidente de la calle 80, en compa\u00f1\u00eda de otras dos personas.<\/p>\n\n\n\n<p>Seg\u00fan su familia, pasaron cerca de 45 minutos antes de que fuera trasladado al Hospital de Engativ\u00e1,&nbsp;<strong>donde falleci\u00f3 debido a la p\u00e9rdida de sangre.<\/strong><\/p>\n\n\n\n<p><strong><u>Bloque de preguntas y respuestas:<\/u><\/strong><\/p>\n\n\n\n<p><strong>\u00bfD\u00f3nde ocurri\u00f3 la pelea entre hinchas de Nacional y Junior?<\/strong><\/p>\n\n\n\n<p>El enfrentamiento ocurri\u00f3 en la localidad de Santa Fe, en el centro de la ciudad.<\/p>\n\n\n\n<p><strong>\u00bfCu\u00e1ntas personas murieron en la ri\u00f1a hinchas de Nacional y Junior?<\/strong><\/p>\n\n\n\n<p>Dos personas fallecieron y varias m\u00e1s resultaron heridas por armas de fuego y armas blancas.<\/p>\n\n\n\n<p><strong>\u00bfPor qu\u00e9 pelearon los hinchas de Nacional y Junior?<\/strong><\/p>\n\n\n\n<p>Seg\u00fan versiones preliminares, el conflicto comenz\u00f3 por disputas territoriales entre grupos de hinchas.<\/p>\n\n\n\n<p>Lea ambi\u00e9n&nbsp;<strong>Ministro de Educaci\u00f3n y director de la UNGRD son citados a control pol\u00edtico tras denuncias de Angie Rodr\u00edguez<\/strong><a href=\"https:\/\/elchiq.com\/index.php\/2026\/04\/22\/politica-17\/\">&nbsp;<\/a><a href=\"https:\/\/elchiq.com\/index.php\/2026\/04\/22\/politica-17\/\">https:\/\/elchiq.com\/index.php\/2026\/04\/22\/politica-17\/<\/a><\/p>\n\n\n\n<p>www.elchiq.com&nbsp;<a href=\"https:\/\/www.google.com\/search?q=elchiq&amp;oq=elch&amp;gs_lcrp=EgZjaHJvbWUqDggAEEUYJxg7GIAEGIoFMg4IABBFGCcYOxiABBiKBTIPCAEQLhhDGLEDGIAEGIoFMg8IAhAuGEMYsQMYgAQYigUyBggDEEUYOTIHCAQQABiABDIHCAUQLhiABDIHCAYQABiABDIHCAcQABiABDIJCAgQABgKGIAEMgkICRAAGAoYgATSAQoxNjkwNWowajE1qAIMsAIB8QWjlxl85iD_VA&amp;sourceid=chrome&amp;ie=UTF-8\">https:\/\/www.google.com\/search?q=elchiq&amp;oq=elch&amp;gs_l<\/a><\/p>\n\n\n\n<p>Escuche la decembrina: https:\/\/ladecembrina.radio12345com\/google_vignette<\/p>\n\n\n\n<p><em>S\u00edganos en&nbsp;<\/em><a href=\"https:\/\/www.facebook.com\/lapatria.manizales\/\"><em><strong>Facebook<\/strong><\/em><\/a><em>,&nbsp;<\/em><a href=\"https:\/\/www.instagram.com\/lapatriacom\/\"><em><strong>Instagram<\/strong><\/em><\/a><em>,&nbsp;<u>Telegram, Twitch, Discord, Linkedin, Flipboard, Mastodon,<\/u><\/em><a href=\"https:\/\/www.youtube.com\/c\/lapatriamanizales\"><em><strong>YouTube<\/strong><\/em><\/a><em>,&nbsp;<\/em><a href=\"https:\/\/x.com\/lapatriacom\"><em><strong>X<\/strong><\/em><\/a><em>,&nbsp;<\/em><a href=\"https:\/\/open.spotify.com\/show\/6g6JYPUSpJ9ko2aXYSW58c?si=03f8e849c81b44c3\"><em><strong>Spotify<\/strong><\/em><\/a><em>,&nbsp;<\/em><a href=\"https:\/\/www.tiktok.com\/@lapatriacom\"><em><strong>TikTok<\/strong><\/em><\/a><em>, Bluesky&nbsp;y&nbsp;nuestro&nbsp;<\/em><a href=\"https:\/\/whatsapp.com\/channel\/0029VZzvCmI4inoxaRFQWt2v\"><em><strong>canal de WhatsApp<\/strong><\/em><\/a><em>, para que reciba noticias de \u00faltima hora y m\u00e1s contenidos<\/em><\/p>\n","protected":false},"excerpt":{"rendered":"<p>Violenta ri\u00f1a entre hinchas de Nacional y Junior deja dos muertos en Bogot\u00e1 Las autoridades investigan los hechos. Se habr\u00edan presentado ataques con armas de fuego y armas blancas. Por: redacci\u00f3n El Colombiano y elchiq.comhttps:\/\/www.google.com\/search?q=elchiq&amp;oq=elch&amp;gs_l Una ri\u00f1a entre hinchas de Atl\u00e9tico Nacional y Junior dej\u00f3&nbsp;dos muertos en el centro de Bogot\u00e1, concretamente en la localidad [&hellip;]<\/p>\n","protected":false},"author":2,"featured_media":0,"comment_status":"closed","ping_status":"closed","sticky":false,"template":"","format":"standard","meta":{"footnotes":""},"categories":[1],"tags":[],"class_list":["post-8402","post","type-post","status-publish","format-standard","hentry","category-uncategorized"],"_links":{"self":[{"href":"https:\/\/elchiq.com\/index.php\/wp-json\/wp\/v2\/posts\/8402","targetHints":{"allow":["GET"]}}],"collection":[{"href":"https:\/\/elchiq.com\/index.php\/wp-json\/wp\/v2\/posts"}],"about":[{"href":"https:\/\/elchiq.com\/index.php\/wp-json\/wp\/v2\/types\/post"}],"author":[{"embeddable":true,"href":"https:\/\/elchiq.com\/index.php\/wp-json\/wp\/v2\/users\/2"}],"replies":[{"embeddable":true,"href":"https:\/\/elchiq.com\/index.php\/wp-json\/wp\/v2\/comments?post=8402"}],"version-history":[{"count":1,"href":"https:\/\/elchiq.com\/index.php\/wp-json\/wp\/v2\/posts\/8402\/revisions"}],"predecessor-version":[{"id":8406,"href":"https:\/\/elchiq.com\/index.php\/wp-json\/wp\/v2\/posts\/8402\/revisions\/8406"}],"wp:attachment":[{"href":"https:\/\/elchiq.com\/index.php\/wp-json\/wp\/v2\/media?parent=8402"}],"wp:term":[{"taxonomy":"category","embeddable":true,"href":"https:\/\/elchiq.com\/index.php\/wp-json\/wp\/v2\/categories?post=8402"},{"taxonomy":"post_tag","embeddable":true,"href":"https:\/\/elchiq.com\/index.php\/wp-json\/wp\/v2\/tags?post=8402"}],"curies":[{"name":"wp","href":"https:\/\/api.w.org\/{rel}","templated":true}]}}