{"id":8407,"date":"2026-04-25T10:29:28","date_gmt":"2026-04-25T15:29:28","guid":{"rendered":"https:\/\/elchiq.com\/?p=8407"},"modified":"2026-04-25T10:29:28","modified_gmt":"2026-04-25T15:29:28","slug":"nairo-quintanavuelve-a-saborear-la-victoria-al-imponerse-en-la-2-a-etapa-de-la-vueltaasturias","status":"publish","type":"post","link":"https:\/\/elchiq.com\/index.php\/2026\/04\/25\/nairo-quintanavuelve-a-saborear-la-victoria-al-imponerse-en-la-2-a-etapa-de-la-vueltaasturias\/","title":{"rendered":"Nairo Quintanavuelve a saborear la victoria al imponerse en la 2.\u00aa etapa de la VueltaAsturias"},"content":{"rendered":"\n<figure class=\"wp-block-image size-full is-resized\"><img loading=\"lazy\" decoding=\"async\" width=\"500\" height=\"261\" src=\"https:\/\/elchiq.com\/wp-content\/uploads\/2026\/04\/nairo-quintana-2024.jpg\" alt=\"\" class=\"wp-image-8408\" style=\"aspect-ratio:1.915823504759624;width:948px;height:auto\" srcset=\"https:\/\/elchiq.com\/wp-content\/uploads\/2026\/04\/nairo-quintana-2024.jpg 500w, https:\/\/elchiq.com\/wp-content\/uploads\/2026\/04\/nairo-quintana-2024-300x157.jpg 300w\" sizes=\"auto, (max-width: 500px) 100vw, 500px\" \/><\/figure>\n\n\n\n<p>Por: redacci\u00f3n AS y elchiq.com<a href=\"https:\/\/www.google.com\/search?q=elchiq&amp;oq=elch&amp;gs_lcrp=EgZjaHJvbWUqDggAEEUYJxg7GIAEGIoFMg4IABBFGCcYOxiABBiKBTIPCAEQLhhDGLEDGIAEGIoFMg8IAhAuGEMYsQMYgAQYigUyBggDEEUYOTIHCAQQABiABDIHCAUQLhiABDIHCAYQABiABDIHCAcQABiABDIJCAgQABgKGIAEMgkICRAAGAoYgATSAQoxNjkwNWowajE1qAIMsAIB8QWjlxl85iD_VA&amp;sourceid=chrome&amp;ie=UTF-8\">https:\/\/www.google.com\/search?q=elchiq&amp;oq=elch&amp;gs_l<\/a><\/p>\n\n\n\n<p>El colombiano, de 36 a\u00f1os, rompi\u00f3 la carrera atacando a 7 km de meta, dejando atr\u00e1s a Adri\u00e0 Pericas (UAE Emirates-XRG).<\/p>\n\n\n\n<figure class=\"wp-block-image size-large is-resized\"><img loading=\"lazy\" decoding=\"async\" width=\"1024\" height=\"791\" src=\"https:\/\/elchiq.com\/wp-content\/uploads\/2026\/04\/publ-lote-2-1024x791.jpg\" alt=\"\" class=\"wp-image-8409\" style=\"aspect-ratio:1.2941289373227272;width:673px;height:auto\" srcset=\"https:\/\/elchiq.com\/wp-content\/uploads\/2026\/04\/publ-lote-2-1024x791.jpg 1024w, https:\/\/elchiq.com\/wp-content\/uploads\/2026\/04\/publ-lote-2-300x232.jpg 300w, https:\/\/elchiq.com\/wp-content\/uploads\/2026\/04\/publ-lote-2-768x593.jpg 768w, https:\/\/elchiq.com\/wp-content\/uploads\/2026\/04\/publ-lote-2-1536x1187.jpg 1536w, https:\/\/elchiq.com\/wp-content\/uploads\/2026\/04\/publ-lote-2.jpg 1650w\" sizes=\"auto, (max-width: 1024px) 100vw, 1024px\" \/><\/figure>\n\n\n\n<p>Quintana, que se retirar\u00e1 al final de la temporada, no ganaba desde febrero de 2022 y se coloca adem\u00e1s como nuevo l\u00edder de la general.<a href=\"https:\/\/web.facebook.com\/watch\/hashtag\/lavueltina\/?__cft__%5b0%5d=AZbr67h5U_9tkj19KCLEQ41KrW7r6Oyjlp3Ai0zgB38FEqHP2-TH5S4GIRkyo5FGN6spgKnUEbEpFv-9CcqYCPF9R2jlYXUqQYbu4w17fiN2C5bVxRgAQ-K8sTtH_-4LQPMYJT3FN_9vJMybSAibLmA3gRCXpcdrbVIxDBpx-tXipEfN_8rR-XtueeR6Ug8ifBzEYcdx7SJj6QasoCyv42-S&amp;__tn__=*NK-R\"><strong>#LaVueltina<\/strong><\/a><\/p>\n\n\n\n<p>Lea ambi\u00e9n&nbsp;<strong>Ministro de Educaci\u00f3n y director de la UNGRD son citados a control pol\u00edtico tras denuncias de Angie Rodr\u00edguez<\/strong><a href=\"https:\/\/elchiq.com\/index.php\/2026\/04\/22\/politica-17\/\">&nbsp;<\/a><a href=\"https:\/\/elchiq.com\/index.php\/2026\/04\/22\/politica-17\/\">https:\/\/elchiq.com\/index.php\/2026\/04\/22\/politica-17\/<\/a><\/p>\n\n\n\n<p>www.elchiq.com&nbsp;<a href=\"https:\/\/www.google.com\/search?q=elchiq&amp;oq=elch&amp;gs_lcrp=EgZjaHJvbWUqDggAEEUYJxg7GIAEGIoFMg4IABBFGCcYOxiABBiKBTIPCAEQLhhDGLEDGIAEGIoFMg8IAhAuGEMYsQMYgAQYigUyBggDEEUYOTIHCAQQABiABDIHCAUQLhiABDIHCAYQABiABDIHCAcQABiABDIJCAgQABgKGIAEMgkICRAAGAoYgATSAQoxNjkwNWowajE1qAIMsAIB8QWjlxl85iD_VA&amp;sourceid=chrome&amp;ie=UTF-8\">https:\/\/www.google.com\/search?q=elchiq&amp;oq=elch&amp;gs_l<\/a><\/p>\n\n\n\n<p>Escuche la decembrina: https:\/\/ladecembrina.radio12345com\/google_vignette<\/p>\n\n\n\n<p><em>S\u00edganos en&nbsp;<\/em><a href=\"https:\/\/www.facebook.com\/lapatria.manizales\/\"><em><strong>Facebook<\/strong><\/em><\/a><em>,&nbsp;<\/em><a href=\"https:\/\/www.instagram.com\/lapatriacom\/\"><em><strong>Instagram<\/strong><\/em><\/a><em>,&nbsp;<u>Telegram, Twitch, Discord, Linkedin, Flipboard, Mastodon,<\/u><\/em><a href=\"https:\/\/www.youtube.com\/c\/lapatriamanizales\"><em><strong>YouTube<\/strong><\/em><\/a><em>,&nbsp;<\/em><a href=\"https:\/\/x.com\/lapatriacom\"><em><strong>X<\/strong><\/em><\/a><em>,&nbsp;<\/em><a href=\"https:\/\/open.spotify.com\/show\/6g6JYPUSpJ9ko2aXYSW58c?si=03f8e849c81b44c3\"><em><strong>Spotify<\/strong><\/em><\/a><em>,&nbsp;<\/em><a href=\"https:\/\/www.tiktok.com\/@lapatriacom\"><em><strong>TikTok<\/strong><\/em><\/a><em>, Bluesky&nbsp;y&nbsp;nuestro&nbsp;<\/em><a href=\"https:\/\/whatsapp.com\/channel\/0029VZzvCmI4inoxaRFQWt2v\"><em><strong>canal de WhatsApp<\/strong><\/em><\/a><em>, para que reciba noticias de \u00faltima hora y m\u00e1s contenidos<\/em><\/p>\n","protected":false},"excerpt":{"rendered":"<p>Por: redacci\u00f3n AS y elchiq.comhttps:\/\/www.google.com\/search?q=elchiq&amp;oq=elch&amp;gs_l El colombiano, de 36 a\u00f1os, rompi\u00f3 la carrera atacando a 7 km de meta, dejando atr\u00e1s a Adri\u00e0 Pericas (UAE Emirates-XRG). Quintana, que se retirar\u00e1 al final de la temporada, no ganaba desde febrero de 2022 y se coloca adem\u00e1s como nuevo l\u00edder de la general.#LaVueltina Lea ambi\u00e9n&nbsp;Ministro de Educaci\u00f3n [&hellip;]<\/p>\n","protected":false},"author":2,"featured_media":0,"comment_status":"closed","ping_status":"closed","sticky":false,"template":"","format":"standard","meta":{"footnotes":""},"categories":[1],"tags":[],"class_list":["post-8407","post","type-post","status-publish","format-standard","hentry","category-uncategorized"],"_links":{"self":[{"href":"https:\/\/elchiq.com\/index.php\/wp-json\/wp\/v2\/posts\/8407","targetHints":{"allow":["GET"]}}],"collection":[{"href":"https:\/\/elchiq.com\/index.php\/wp-json\/wp\/v2\/posts"}],"about":[{"href":"https:\/\/elchiq.com\/index.php\/wp-json\/wp\/v2\/types\/post"}],"author":[{"embeddable":true,"href":"https:\/\/elchiq.com\/index.php\/wp-json\/wp\/v2\/users\/2"}],"replies":[{"embeddable":true,"href":"https:\/\/elchiq.com\/index.php\/wp-json\/wp\/v2\/comments?post=8407"}],"version-history":[{"count":1,"href":"https:\/\/elchiq.com\/index.php\/wp-json\/wp\/v2\/posts\/8407\/revisions"}],"predecessor-version":[{"id":8410,"href":"https:\/\/elchiq.com\/index.php\/wp-json\/wp\/v2\/posts\/8407\/revisions\/8410"}],"wp:attachment":[{"href":"https:\/\/elchiq.com\/index.php\/wp-json\/wp\/v2\/media?parent=8407"}],"wp:term":[{"taxonomy":"category","embeddable":true,"href":"https:\/\/elchiq.com\/index.php\/wp-json\/wp\/v2\/categories?post=8407"},{"taxonomy":"post_tag","embeddable":true,"href":"https:\/\/elchiq.com\/index.php\/wp-json\/wp\/v2\/tags?post=8407"}],"curies":[{"name":"wp","href":"https:\/\/api.w.org\/{rel}","templated":true}]}}